{"id":10835,"date":"2022-06-28T11:36:45","date_gmt":"2022-06-28T09:36:45","guid":{"rendered":"https:\/\/yuga.at\/?p=10835"},"modified":"2023-06-10T17:30:42","modified_gmt":"2023-06-10T15:30:42","slug":"neuer-buchladen-eroffnet-in-wien","status":"publish","type":"post","link":"https:\/\/yuga.at\/de\/u-becu-otvorena-nova-knjizara\/","title":{"rendered":"Neue exYu Buchhandlung in Wien er\u00f6ffnet"},"content":{"rendered":"<p>Im April 2022 wurde in Wien eine neue Buchhandlung er\u00f6ffnet, das eine Vielzahl von Titeln in den Sprachen des ehemaligen Jugoslawien anbietet. <\/p>\n\n\n\n<p>Das Buchgesch\u00e4ft, das sich in der Schuhmeierplatz 15\/2-4, A-1160 Wien befindet, wurde vom Verlag \"Dachbuch Verlag\" aus Wien er\u00f6ffnet, der unsere Diaspora seit einigen Jahren \u00fcber den Online-Shop mit Literatur versorgt: <a href=\"https:\/\/knjige.at\/?aff=8\" target=\"_blank\" rel=\"noreferrer noopener\"><mark style=\"background-color:rgba(0, 0, 0, 0)\" class=\"has-inline-color has-vivid-red-color\">www.knjige.at<\/mark><\/a>. <\/p>\n\n\n\n<p>Der Dachbuch Verlag kooperiert mit den meisten Verlagen und Distributoren aus Serbien, Kroatien und Bosnien und Herzegowina zusammen, die \u00fcber ihre Logistikzentren diese Buchhandlung w\u00f6chentlich mit B\u00fcchern versorgen.<br><br>Da Kultur eine der Schl\u00fcsseldimensionen f\u00fcr die nachhaltige Entwicklung eines Volkes ist und Sprache und Literatur die Essenz der Identit\u00e4t darstellen, ist der Beitrag des neu er\u00f6ffneten Wiener Buchgesch\u00e4fts zur Verbreitung und Bewahrung kultureller Werte durch das geschriebene Wort von unsch\u00e4tzbarem Wert.<\/p>\n\n\n<style>.wp-block-kadence-advancedgallery .kb-gallery-type-masonry.kb-gallery-id-_e54709-5a{margin:-8px;}.kb-gallery-type-masonry.kb-gallery-id-_e54709-5a .kadence-blocks-gallery-item{padding:8px;}.kb-gallery-id-_e54709-5a .kadence-blocks-gallery-item .kb-gal-image-radius, .kb-gallery-id-_e54709-5a .kb-slide-item .kb-gal-image-radius img{border-radius:0px 0px 0px 0px;;}<\/style><div class=\"kb-gallery-wrap-id-_e54709-5a alignnone wp-block-kadence-advancedgallery\"><ul class=\"kb-gallery-ul kb-gallery-non-static kb-gallery-type-masonry kb-masonry-init kb-gallery-id-_e54709-5a kb-gallery-caption-style-bottom-hover kb-gallery-filter-none kb-gallery-magnific-init\" data-image-filter=\"none\" data-item-selector=\".kadence-blocks-gallery-item\" data-lightbox-caption=\"true\" data-columns-xxl=\"4\" data-columns-xl=\"4\" data-columns-md=\"4\" data-columns-sm=\"3\" data-columns-xs=\"2\" data-columns-ss=\"2\"><li class=\"kadence-blocks-gallery-item\"><div class=\"kadence-blocks-gallery-item-inner\"><figure class=\"kb-gallery-figure kb-gallery-item-has-link kadence-blocks-gallery-item-hide-caption\"><a href=\"https:\/\/yuga.at\/wp-content\/uploads\/knjige.at-3.jpg\" data-alt=\"Knji\u017eara u Be\u010du\" class=\"kb-gallery-item-link\"   role=\"button\" aria-haspopup=\"dialog\"><div class=\"kb-gal-image-radius\" style=\"max-width:1400px;\"><div class=\"kb-gallery-image-contain kadence-blocks-gallery-intrinsic\" style=\"padding-bottom:66%;\"><img loading=\"lazy\" decoding=\"async\" src=\"https:\/\/yuga.at\/wp-content\/uploads\/knjige.at-3.jpg\" width=\"1400\" height=\"933\" alt=\"Knji\u017eara u Be\u010du\" data-full-image=\"https:\/\/yuga.at\/wp-content\/uploads\/knjige.at-3.jpg\" data-light-image=\"https:\/\/yuga.at\/wp-content\/uploads\/knjige.at-3.jpg\" data-id=\"10840\" class=\"wp-image-10840\" srcset=\"https:\/\/yuga.at\/wp-content\/uploads\/knjige.at-3.jpg 1400w, https:\/\/yuga.at\/wp-content\/uploads\/knjige.at-3-978x652.jpg 978w, https:\/\/yuga.at\/wp-content\/uploads\/knjige.at-3-768x512.jpg 768w, https:\/\/yuga.at\/wp-content\/uploads\/knjige.at-3-391x260.jpg 391w, https:\/\/yuga.at\/wp-content\/uploads\/knjige.at-3-50x33.jpg 50w\" sizes=\"auto, (max-width: 1400px) 100vw, 1400px\" \/><\/div><\/div><\/a><\/figure><\/div><\/li><li class=\"kadence-blocks-gallery-item\"><div class=\"kadence-blocks-gallery-item-inner\"><figure class=\"kb-gallery-figure kb-gallery-item-has-link kadence-blocks-gallery-item-hide-caption\"><a href=\"https:\/\/yuga.at\/wp-content\/uploads\/knjige.at-2.jpg\" data-alt=\"Knji\u017eara u Be\u010du\" class=\"kb-gallery-item-link\"   role=\"button\" aria-haspopup=\"dialog\"><div class=\"kb-gal-image-radius\" style=\"max-width:1400px;\"><div class=\"kb-gallery-image-contain kadence-blocks-gallery-intrinsic\" style=\"padding-bottom:66%;\"><img loading=\"lazy\" decoding=\"async\" src=\"https:\/\/yuga.at\/wp-content\/uploads\/knjige.at-2.jpg\" width=\"1400\" height=\"933\" alt=\"Knji\u017eara u Be\u010du\" data-full-image=\"https:\/\/yuga.at\/wp-content\/uploads\/knjige.at-2.jpg\" data-light-image=\"https:\/\/yuga.at\/wp-content\/uploads\/knjige.at-2.jpg\" data-id=\"10839\" class=\"wp-image-10839\" srcset=\"https:\/\/yuga.at\/wp-content\/uploads\/knjige.at-2.jpg 1400w, https:\/\/yuga.at\/wp-content\/uploads\/knjige.at-2-978x652.jpg 978w, https:\/\/yuga.at\/wp-content\/uploads\/knjige.at-2-768x512.jpg 768w, https:\/\/yuga.at\/wp-content\/uploads\/knjige.at-2-391x260.jpg 391w, https:\/\/yuga.at\/wp-content\/uploads\/knjige.at-2-50x33.jpg 50w\" sizes=\"auto, (max-width: 1400px) 100vw, 1400px\" \/><\/div><\/div><\/a><\/figure><\/div><\/li><li class=\"kadence-blocks-gallery-item\"><div class=\"kadence-blocks-gallery-item-inner\"><figure class=\"kb-gallery-figure kb-gallery-item-has-link kadence-blocks-gallery-item-hide-caption\"><a href=\"https:\/\/yuga.at\/wp-content\/uploads\/knjige.at-1.jpg\" data-alt=\"Knji\u017eara u Be\u010du\" class=\"kb-gallery-item-link\"   role=\"button\" aria-haspopup=\"dialog\"><div class=\"kb-gal-image-radius\" style=\"max-width:1400px;\"><div class=\"kb-gallery-image-contain kadence-blocks-gallery-intrinsic\" style=\"padding-bottom:66%;\"><img loading=\"lazy\" decoding=\"async\" src=\"https:\/\/yuga.at\/wp-content\/uploads\/knjige.at-1.jpg\" width=\"1400\" height=\"933\" alt=\"Knji\u017eara u Be\u010du\" data-full-image=\"https:\/\/yuga.at\/wp-content\/uploads\/knjige.at-1.jpg\" data-light-image=\"https:\/\/yuga.at\/wp-content\/uploads\/knjige.at-1.jpg\" data-id=\"10838\" class=\"wp-image-10838\" srcset=\"https:\/\/yuga.at\/wp-content\/uploads\/knjige.at-1.jpg 1400w, https:\/\/yuga.at\/wp-content\/uploads\/knjige.at-1-978x652.jpg 978w, https:\/\/yuga.at\/wp-content\/uploads\/knjige.at-1-768x512.jpg 768w, https:\/\/yuga.at\/wp-content\/uploads\/knjige.at-1-391x260.jpg 391w, https:\/\/yuga.at\/wp-content\/uploads\/knjige.at-1-50x33.jpg 50w\" sizes=\"auto, (max-width: 1400px) 100vw, 1400px\" \/><\/div><\/div><\/a><\/figure><\/div><\/li><li class=\"kadence-blocks-gallery-item\"><div class=\"kadence-blocks-gallery-item-inner\"><figure class=\"kb-gallery-figure kb-gallery-item-has-link kadence-blocks-gallery-item-hide-caption\"><a href=\"https:\/\/yuga.at\/wp-content\/uploads\/knjige.at_.jpg\" data-alt=\"Knji\u017eara u Be\u010du\" class=\"kb-gallery-item-link\"   role=\"button\" aria-haspopup=\"dialog\"><div class=\"kb-gal-image-radius\" style=\"max-width:1400px;\"><div class=\"kb-gallery-image-contain kadence-blocks-gallery-intrinsic\" style=\"padding-bottom:66%;\"><img loading=\"lazy\" decoding=\"async\" src=\"https:\/\/yuga.at\/wp-content\/uploads\/knjige.at_.jpg\" width=\"1400\" height=\"933\" alt=\"Knji\u017eara u Be\u010du\" data-full-image=\"https:\/\/yuga.at\/wp-content\/uploads\/knjige.at_.jpg\" data-light-image=\"https:\/\/yuga.at\/wp-content\/uploads\/knjige.at_.jpg\" data-id=\"10837\" class=\"wp-image-10837\" srcset=\"https:\/\/yuga.at\/wp-content\/uploads\/knjige.at_.jpg 1400w, https:\/\/yuga.at\/wp-content\/uploads\/knjige.at_-978x652.jpg 978w, https:\/\/yuga.at\/wp-content\/uploads\/knjige.at_-768x512.jpg 768w, https:\/\/yuga.at\/wp-content\/uploads\/knjige.at_-391x260.jpg 391w, https:\/\/yuga.at\/wp-content\/uploads\/knjige.at_-50x33.jpg 50w, https:\/\/yuga.at\/wp-content\/uploads\/knjige.at_-275x183.jpg 275w\" sizes=\"auto, (max-width: 1400px) 100vw, 1400px\" \/><\/div><\/div><\/a><\/figure><\/div><\/li><\/ul><\/div>\n\n\n<p>Das Gesch\u00e4ft ist gut organisiert, die Regale mit B\u00fcchern sind thematisch gekennzeichnet und sehr \u00fcbersichtlich.<\/p>\n\n\n\n<p>Die \u00d6ffnungszeiten sind von Montag bis Freitag von 11:00 bis 17:00 Uhr, und weitere Informationen k\u00f6nnen durch direkte Kontaktaufnahme \u00fcber die<mark style=\"background-color:rgba(0, 0, 0, 0)\" class=\"has-inline-color has-vivid-red-color\"> <\/mark><a href=\"mailto:info@knjige.at\" target=\"_blank\" rel=\"noreferrer noopener\"><mark style=\"background-color:rgba(0, 0, 0, 0)\" class=\"has-inline-color has-vivid-red-color\">E-Mail-Adresse<\/mark><\/a> des Dachbuch Verlags erhalten werden. <\/p>\n\n\n\n<hr class=\"wp-block-separator aligncenter has-alpha-channel-opacity\"\/>\n\n\n\n<p>Lesen Sie noch:<br><mark style=\"background-color:rgba(0, 0, 0, 0)\" class=\"has-inline-color has-vivid-red-color\">&#8211;<\/mark> <a href=\"https:\/\/yuga.at\/de\/prosvjeta-eroffnete-neue-serbische-schulen-in-ganz-osterreich\/\"><mark style=\"background-color:rgba(0, 0, 0, 0)\" class=\"has-inline-color has-vivid-red-color\">Neue Serbische Sprachschulen \u00f6sterreichweit er\u00f6ffnet<\/mark><\/a><br><mark style=\"background-color:rgba(0, 0, 0, 0)\" class=\"has-inline-color has-vivid-red-color\">&#8211; <\/mark><a href=\"https:\/\/yuga.at\/de\/studieren-in-wien\/\"><mark style=\"background-color:rgba(0, 0, 0, 0)\" class=\"has-inline-color has-vivid-red-color\">Studieren in Wien<\/mark><\/a><\/p>","protected":false},"excerpt":{"rendered":"<p>U aprilu 2022. godine u Be\u010du je otvorena nova knji\u017eara koja na\u0161im ljudima nudi mnogobrojne naslove na jezicima sa exYu prostora. Knji\u017earu, koja se&#8230;<\/p>","protected":false},"author":3,"featured_media":10837,"comment_status":"closed","ping_status":"closed","sticky":false,"template":"","format":"standard","meta":{"_acf_changed":false,"_kad_blocks_custom_css":"","_kad_blocks_head_custom_js":"","_kad_blocks_body_custom_js":"","_kad_blocks_footer_custom_js":"","footnotes":""},"categories":[97,49],"tags":[261,564],"class_list":["post-10835","post","type-post","status-publish","format-standard","has-post-thumbnail","hentry","category-vesti-austrija","category-vesti","tag-knjige","tag-knjizara","entry","category-97","category-49"],"acf":[],"yoast_head":"<!-- This site is optimized with the Yoast SEO plugin v27.3 - https:\/\/yoast.com\/product\/yoast-seo-wordpress\/ -->\n<title>U Be\u010du otvorena nova knji\u017eara<\/title>\n<meta name=\"description\" content=\"U aprilu 2022. godine u Be\u010du je otvorena nova knji\u017eara koja na\u0161im ljudima nudi mnogobrojne naslove na jezicima sa exYu prostora.\" \/>\n<meta name=\"robots\" content=\"index, follow, max-snippet:-1, max-image-preview:large, max-video-preview:-1\" \/>\n<link rel=\"canonical\" href=\"https:\/\/yuga.at\/de\/neuer-buchladen-eroffnet-in-wien\/\" \/>\n<meta property=\"og:locale\" content=\"de_DE\" \/>\n<meta property=\"og:type\" content=\"article\" \/>\n<meta property=\"og:title\" content=\"U Be\u010du otvorena nova knji\u017eara\" \/>\n<meta property=\"og:description\" content=\"U aprilu 2022. godine u Be\u010du je otvorena nova knji\u017eara koja na\u0161im ljudima nudi mnogobrojne naslove na jezicima sa exYu prostora.\" \/>\n<meta property=\"og:url\" content=\"https:\/\/yuga.at\/de\/neuer-buchladen-eroffnet-in-wien\/\" \/>\n<meta property=\"og:site_name\" content=\"YUga.at\" \/>\n<meta property=\"article:publisher\" content=\"https:\/\/www.facebook.com\/yuga.austria\" \/>\n<meta property=\"article:published_time\" content=\"2022-06-28T09:36:45+00:00\" \/>\n<meta property=\"article:modified_time\" content=\"2023-06-10T15:30:42+00:00\" \/>\n<meta property=\"og:image\" content=\"https:\/\/yuga.at\/wp-content\/uploads\/knjige.at_.jpg\" \/>\n\t<meta property=\"og:image:width\" content=\"1400\" \/>\n\t<meta property=\"og:image:height\" content=\"933\" \/>\n\t<meta property=\"og:image:type\" content=\"image\/jpeg\" \/>\n<meta name=\"author\" content=\"Srdjan\" \/>\n<meta name=\"twitter:card\" content=\"summary_large_image\" \/>\n<meta name=\"twitter:label1\" content=\"Verfasst von\" \/>\n\t<meta name=\"twitter:data1\" content=\"Srdjan\" \/>\n\t<meta name=\"twitter:label2\" content=\"Gesch\u00e4tzte Lesezeit\" \/>\n\t<meta name=\"twitter:data2\" content=\"2\u00a0Minuten\" \/>\n<script type=\"application\/ld+json\" class=\"yoast-schema-graph\">{\"@context\":\"https:\\\/\\\/schema.org\",\"@graph\":[{\"@type\":\"Article\",\"@id\":\"https:\\\/\\\/yuga.at\\\/u-becu-otvorena-nova-knjizara\\\/#article\",\"isPartOf\":{\"@id\":\"https:\\\/\\\/yuga.at\\\/u-becu-otvorena-nova-knjizara\\\/\"},\"author\":{\"name\":\"Srdjan\",\"@id\":\"https:\\\/\\\/yuga.at\\\/#\\\/schema\\\/person\\\/14afd7c6aa250e7d26d59b2f1a427184\"},\"headline\":\"U Be\u010du otvorena nova knji\u017eara\",\"datePublished\":\"2022-06-28T09:36:45+00:00\",\"dateModified\":\"2023-06-10T15:30:42+00:00\",\"mainEntityOfPage\":{\"@id\":\"https:\\\/\\\/yuga.at\\\/u-becu-otvorena-nova-knjizara\\\/\"},\"wordCount\":193,\"publisher\":{\"@id\":\"https:\\\/\\\/yuga.at\\\/#organization\"},\"image\":{\"@id\":\"https:\\\/\\\/yuga.at\\\/u-becu-otvorena-nova-knjizara\\\/#primaryimage\"},\"thumbnailUrl\":\"https:\\\/\\\/yuga.at\\\/wp-content\\\/uploads\\\/knjige.at_.jpg\",\"keywords\":[\"knjige\",\"knji\u017eara\"],\"articleSection\":[\"Austrija\",\"Vesti\"],\"inLanguage\":\"de\"},{\"@type\":\"WebPage\",\"@id\":\"https:\\\/\\\/yuga.at\\\/u-becu-otvorena-nova-knjizara\\\/\",\"url\":\"https:\\\/\\\/yuga.at\\\/u-becu-otvorena-nova-knjizara\\\/\",\"name\":\"U Be\u010du otvorena nova knji\u017eara\",\"isPartOf\":{\"@id\":\"https:\\\/\\\/yuga.at\\\/#website\"},\"primaryImageOfPage\":{\"@id\":\"https:\\\/\\\/yuga.at\\\/u-becu-otvorena-nova-knjizara\\\/#primaryimage\"},\"image\":{\"@id\":\"https:\\\/\\\/yuga.at\\\/u-becu-otvorena-nova-knjizara\\\/#primaryimage\"},\"thumbnailUrl\":\"https:\\\/\\\/yuga.at\\\/wp-content\\\/uploads\\\/knjige.at_.jpg\",\"datePublished\":\"2022-06-28T09:36:45+00:00\",\"dateModified\":\"2023-06-10T15:30:42+00:00\",\"description\":\"U aprilu 2022. godine u Be\u010du je otvorena nova knji\u017eara koja na\u0161im ljudima nudi mnogobrojne naslove na jezicima sa exYu prostora.\",\"breadcrumb\":{\"@id\":\"https:\\\/\\\/yuga.at\\\/u-becu-otvorena-nova-knjizara\\\/#breadcrumb\"},\"inLanguage\":\"de\",\"potentialAction\":[{\"@type\":\"ReadAction\",\"target\":[\"https:\\\/\\\/yuga.at\\\/u-becu-otvorena-nova-knjizara\\\/\"]}]},{\"@type\":\"ImageObject\",\"inLanguage\":\"de\",\"@id\":\"https:\\\/\\\/yuga.at\\\/u-becu-otvorena-nova-knjizara\\\/#primaryimage\",\"url\":\"https:\\\/\\\/yuga.at\\\/wp-content\\\/uploads\\\/knjige.at_.jpg\",\"contentUrl\":\"https:\\\/\\\/yuga.at\\\/wp-content\\\/uploads\\\/knjige.at_.jpg\",\"width\":1400,\"height\":933,\"caption\":\"Knji\u017eara u Be\u010du\"},{\"@type\":\"BreadcrumbList\",\"@id\":\"https:\\\/\\\/yuga.at\\\/u-becu-otvorena-nova-knjizara\\\/#breadcrumb\",\"itemListElement\":[{\"@type\":\"ListItem\",\"position\":1,\"name\":\"Home\",\"item\":\"https:\\\/\\\/yuga.at\\\/\"},{\"@type\":\"ListItem\",\"position\":2,\"name\":\"U Be\u010du otvorena nova knji\u017eara\"}]},{\"@type\":\"WebSite\",\"@id\":\"https:\\\/\\\/yuga.at\\\/#website\",\"url\":\"https:\\\/\\\/yuga.at\\\/\",\"name\":\"YUga.at\",\"description\":\"exYU Portal\",\"publisher\":{\"@id\":\"https:\\\/\\\/yuga.at\\\/#organization\"},\"potentialAction\":[{\"@type\":\"SearchAction\",\"target\":{\"@type\":\"EntryPoint\",\"urlTemplate\":\"https:\\\/\\\/yuga.at\\\/?s={search_term_string}\"},\"query-input\":{\"@type\":\"PropertyValueSpecification\",\"valueRequired\":true,\"valueName\":\"search_term_string\"}}],\"inLanguage\":\"de\"},{\"@type\":\"Organization\",\"@id\":\"https:\\\/\\\/yuga.at\\\/#organization\",\"name\":\"YUga.at\",\"url\":\"https:\\\/\\\/yuga.at\\\/\",\"logo\":{\"@type\":\"ImageObject\",\"inLanguage\":\"de\",\"@id\":\"https:\\\/\\\/yuga.at\\\/#\\\/schema\\\/logo\\\/image\\\/\",\"url\":\"https:\\\/\\\/yuga.at\\\/wp-content\\\/uploads\\\/yuga-logo-black-250.png\",\"contentUrl\":\"https:\\\/\\\/yuga.at\\\/wp-content\\\/uploads\\\/yuga-logo-black-250.png\",\"width\":250,\"height\":143,\"caption\":\"YUga.at\"},\"image\":{\"@id\":\"https:\\\/\\\/yuga.at\\\/#\\\/schema\\\/logo\\\/image\\\/\"},\"sameAs\":[\"https:\\\/\\\/www.facebook.com\\\/yuga.austria\",\"https:\\\/\\\/www.instagram.com\\\/yuga.at\\\/\"]},{\"@type\":\"Person\",\"@id\":\"https:\\\/\\\/yuga.at\\\/#\\\/schema\\\/person\\\/14afd7c6aa250e7d26d59b2f1a427184\",\"name\":\"Srdjan\",\"image\":{\"@type\":\"ImageObject\",\"inLanguage\":\"de\",\"@id\":\"https:\\\/\\\/secure.gravatar.com\\\/avatar\\\/5b6efe7dbc2c19685b2905878731fe11236889e186ff9c7df9039e75f5680008?s=96&d=mm&r=g\",\"url\":\"https:\\\/\\\/secure.gravatar.com\\\/avatar\\\/5b6efe7dbc2c19685b2905878731fe11236889e186ff9c7df9039e75f5680008?s=96&d=mm&r=g\",\"contentUrl\":\"https:\\\/\\\/secure.gravatar.com\\\/avatar\\\/5b6efe7dbc2c19685b2905878731fe11236889e186ff9c7df9039e75f5680008?s=96&d=mm&r=g\",\"caption\":\"Srdjan\"}}]}<\/script>\n<!-- \/ Yoast SEO plugin. -->","yoast_head_json":{"title":"Neue exYu Buchhandlung in Wien er\u00f6ffnet","description":"Im April 2022 wurde in Wien eine neue Buchhandlung er\u00f6ffnet, das eine Vielzahl von Titeln in den Sprachen des ehemaligen Jugoslawien anbietet.","robots":{"index":"index","follow":"follow","max-snippet":"max-snippet:-1","max-image-preview":"max-image-preview:large","max-video-preview":"max-video-preview:-1"},"canonical":"https:\/\/yuga.at\/de\/neuer-buchladen-eroffnet-in-wien\/","og_locale":"de_DE","og_type":"article","og_title":"U Be\u010du otvorena nova knji\u017eara","og_description":"U aprilu 2022. godine u Be\u010du je otvorena nova knji\u017eara koja na\u0161im ljudima nudi mnogobrojne naslove na jezicima sa exYu prostora.","og_url":"https:\/\/yuga.at\/de\/neuer-buchladen-eroffnet-in-wien\/","og_site_name":"YUga.at","article_publisher":"https:\/\/www.facebook.com\/yuga.austria","article_published_time":"2022-06-28T09:36:45+00:00","article_modified_time":"2023-06-10T15:30:42+00:00","og_image":[{"width":1400,"height":933,"url":"https:\/\/yuga.at\/wp-content\/uploads\/knjige.at_.jpg","type":"image\/jpeg"}],"author":"Srdjan","twitter_card":"summary_large_image","twitter_misc":{"Verfasst von":"Srdjan","Gesch\u00e4tzte Lesezeit":"2\u00a0Minuten"},"schema":{"@context":"https:\/\/schema.org","@graph":[{"@type":"Article","@id":"https:\/\/yuga.at\/u-becu-otvorena-nova-knjizara\/#article","isPartOf":{"@id":"https:\/\/yuga.at\/u-becu-otvorena-nova-knjizara\/"},"author":{"name":"Srdjan","@id":"https:\/\/yuga.at\/#\/schema\/person\/14afd7c6aa250e7d26d59b2f1a427184"},"headline":"U Be\u010du otvorena nova knji\u017eara","datePublished":"2022-06-28T09:36:45+00:00","dateModified":"2023-06-10T15:30:42+00:00","mainEntityOfPage":{"@id":"https:\/\/yuga.at\/u-becu-otvorena-nova-knjizara\/"},"wordCount":193,"publisher":{"@id":"https:\/\/yuga.at\/#organization"},"image":{"@id":"https:\/\/yuga.at\/u-becu-otvorena-nova-knjizara\/#primaryimage"},"thumbnailUrl":"https:\/\/yuga.at\/wp-content\/uploads\/knjige.at_.jpg","keywords":["knjige","knji\u017eara"],"articleSection":["Austrija","Vesti"],"inLanguage":"de"},{"@type":"WebPage","@id":"https:\/\/yuga.at\/u-becu-otvorena-nova-knjizara\/","url":"https:\/\/yuga.at\/u-becu-otvorena-nova-knjizara\/","name":"Neue exYu Buchhandlung in Wien er\u00f6ffnet","isPartOf":{"@id":"https:\/\/yuga.at\/#website"},"primaryImageOfPage":{"@id":"https:\/\/yuga.at\/u-becu-otvorena-nova-knjizara\/#primaryimage"},"image":{"@id":"https:\/\/yuga.at\/u-becu-otvorena-nova-knjizara\/#primaryimage"},"thumbnailUrl":"https:\/\/yuga.at\/wp-content\/uploads\/knjige.at_.jpg","datePublished":"2022-06-28T09:36:45+00:00","dateModified":"2023-06-10T15:30:42+00:00","description":"Im April 2022 wurde in Wien eine neue Buchhandlung er\u00f6ffnet, das eine Vielzahl von Titeln in den Sprachen des ehemaligen Jugoslawien anbietet.","breadcrumb":{"@id":"https:\/\/yuga.at\/u-becu-otvorena-nova-knjizara\/#breadcrumb"},"inLanguage":"de","potentialAction":[{"@type":"ReadAction","target":["https:\/\/yuga.at\/u-becu-otvorena-nova-knjizara\/"]}]},{"@type":"ImageObject","inLanguage":"de","@id":"https:\/\/yuga.at\/u-becu-otvorena-nova-knjizara\/#primaryimage","url":"https:\/\/yuga.at\/wp-content\/uploads\/knjige.at_.jpg","contentUrl":"https:\/\/yuga.at\/wp-content\/uploads\/knjige.at_.jpg","width":1400,"height":933,"caption":"Knji\u017eara u Be\u010du"},{"@type":"BreadcrumbList","@id":"https:\/\/yuga.at\/u-becu-otvorena-nova-knjizara\/#breadcrumb","itemListElement":[{"@type":"ListItem","position":1,"name":"Home","item":"https:\/\/yuga.at\/"},{"@type":"ListItem","position":2,"name":"U Be\u010du otvorena nova knji\u017eara"}]},{"@type":"WebSite","@id":"https:\/\/yuga.at\/#website","url":"https:\/\/yuga.at\/","name":"YUga.at","description":"exYU Portal","publisher":{"@id":"https:\/\/yuga.at\/#organization"},"potentialAction":[{"@type":"SearchAction","target":{"@type":"EntryPoint","urlTemplate":"https:\/\/yuga.at\/?s={search_term_string}"},"query-input":{"@type":"PropertyValueSpecification","valueRequired":true,"valueName":"search_term_string"}}],"inLanguage":"de"},{"@type":"Organization","@id":"https:\/\/yuga.at\/#organization","name":"YUga.at","url":"https:\/\/yuga.at\/","logo":{"@type":"ImageObject","inLanguage":"de","@id":"https:\/\/yuga.at\/#\/schema\/logo\/image\/","url":"https:\/\/yuga.at\/wp-content\/uploads\/yuga-logo-black-250.png","contentUrl":"https:\/\/yuga.at\/wp-content\/uploads\/yuga-logo-black-250.png","width":250,"height":143,"caption":"YUga.at"},"image":{"@id":"https:\/\/yuga.at\/#\/schema\/logo\/image\/"},"sameAs":["https:\/\/www.facebook.com\/yuga.austria","https:\/\/www.instagram.com\/yuga.at\/"]},{"@type":"Person","@id":"https:\/\/yuga.at\/#\/schema\/person\/14afd7c6aa250e7d26d59b2f1a427184","name":"Srdjan","image":{"@type":"ImageObject","inLanguage":"de","@id":"https:\/\/secure.gravatar.com\/avatar\/5b6efe7dbc2c19685b2905878731fe11236889e186ff9c7df9039e75f5680008?s=96&d=mm&r=g","url":"https:\/\/secure.gravatar.com\/avatar\/5b6efe7dbc2c19685b2905878731fe11236889e186ff9c7df9039e75f5680008?s=96&d=mm&r=g","contentUrl":"https:\/\/secure.gravatar.com\/avatar\/5b6efe7dbc2c19685b2905878731fe11236889e186ff9c7df9039e75f5680008?s=96&d=mm&r=g","caption":"Srdjan"}}]}},"taxonomy_info":{"category":[{"value":97,"label":"Austrija"},{"value":49,"label":"Vesti"}],"post_tag":[{"value":261,"label":"knjige"},{"value":564,"label":"knji\u017eara"}]},"featured_image_src_large":["https:\/\/yuga.at\/wp-content\/uploads\/knjige.at_.jpg",798,532,false],"author_info":{"display_name":"Srdjan","author_link":"https:\/\/yuga.at\/de\/author\/srdjan\/"},"comment_info":0,"category_info":[{"term_id":97,"name":"Austrija","slug":"vesti-austrija","term_group":0,"term_taxonomy_id":97,"taxonomy":"category","description":"Vesti iz Austrije","parent":49,"count":99,"filter":"raw","cat_ID":97,"category_count":99,"category_description":"Vesti iz Austrije","cat_name":"Austrija","category_nicename":"vesti-austrija","category_parent":49},{"term_id":49,"name":"Vesti","slug":"vesti","term_group":0,"term_taxonomy_id":49,"taxonomy":"category","description":"Najnovije vesti","parent":0,"count":103,"filter":"raw","cat_ID":49,"category_count":103,"category_description":"Najnovije vesti","cat_name":"Vesti","category_nicename":"vesti","category_parent":0}],"tag_info":[{"term_id":261,"name":"knjige","slug":"knjige","term_group":0,"term_taxonomy_id":261,"taxonomy":"post_tag","description":"","parent":0,"count":4,"filter":"raw"},{"term_id":564,"name":"knji\u017eara","slug":"knjizara","term_group":0,"term_taxonomy_id":564,"taxonomy":"post_tag","description":"","parent":0,"count":1,"filter":"raw"}],"_links":{"self":[{"href":"https:\/\/yuga.at\/de\/wp-json\/wp\/v2\/posts\/10835","targetHints":{"allow":["GET"]}}],"collection":[{"href":"https:\/\/yuga.at\/de\/wp-json\/wp\/v2\/posts"}],"about":[{"href":"https:\/\/yuga.at\/de\/wp-json\/wp\/v2\/types\/post"}],"author":[{"embeddable":true,"href":"https:\/\/yuga.at\/de\/wp-json\/wp\/v2\/users\/3"}],"replies":[{"embeddable":true,"href":"https:\/\/yuga.at\/de\/wp-json\/wp\/v2\/comments?post=10835"}],"version-history":[{"count":6,"href":"https:\/\/yuga.at\/de\/wp-json\/wp\/v2\/posts\/10835\/revisions"}],"predecessor-version":[{"id":13229,"href":"https:\/\/yuga.at\/de\/wp-json\/wp\/v2\/posts\/10835\/revisions\/13229"}],"wp:featuredmedia":[{"embeddable":true,"href":"https:\/\/yuga.at\/de\/wp-json\/wp\/v2\/media\/10837"}],"wp:attachment":[{"href":"https:\/\/yuga.at\/de\/wp-json\/wp\/v2\/media?parent=10835"}],"wp:term":[{"taxonomy":"category","embeddable":true,"href":"https:\/\/yuga.at\/de\/wp-json\/wp\/v2\/categories?post=10835"},{"taxonomy":"post_tag","embeddable":true,"href":"https:\/\/yuga.at\/de\/wp-json\/wp\/v2\/tags?post=10835"}],"curies":[{"name":"wp","href":"https:\/\/api.w.org\/{rel}","templated":true}]}}