{"id":10919,"date":"2022-08-03T20:32:22","date_gmt":"2022-08-03T18:32:22","guid":{"rendered":"https:\/\/yuga.at\/?p=10919"},"modified":"2022-09-24T22:33:05","modified_gmt":"2022-09-24T20:33:05","slug":"ehescheidung-in-bosnien-und-herzegowina","status":"publish","type":"post","link":"https:\/\/yuga.at\/de\/razvod-braka-u-bosni-i-hercegovini\/","title":{"rendered":"Ehescheidung in Bosnien und Herzegowina"},"content":{"rendered":"<p>Leider sind wir Zeugen der Tatsache, dass eine gro\u00dfe Anzahl von geschlossenen Ehen durch Scheidung endet. Die Scheidung einer Ehe ist eine der gesetzlich vorgeschriebenen M\u00f6glichkeiten, eine Ehe zu beenden. <\/p>\n\n\n\n<p>Viele Ehepartner, die in Bosnien und Herzegowina geheiratet haben und danach ihr gemeinsames Leben in \u00d6sterreich fortgesetzt haben, sind leider zu einem Zeitpunkt zu einer Ehescheidung gekommen und fragen sich, ob sie ihre Ehe offiziell in \u00d6sterreich beenden m\u00fcssen oder ob sie dies auch in Bosnien und Herzegowina tun k\u00f6nnen.<\/p>\n\n\n\n<p>Um das Dilemma zu kl\u00e4ren, haben wir diese Frage der <a href=\"https:\/\/advokatristic.com\/\" target=\"_blank\" rel=\"noreferrer noopener\"><mark style=\"background-color:rgba(0, 0, 0, 0)\" class=\"has-inline-color has-vivid-red-color\">Anwaltskanzlei Risti\u0107<\/mark><\/a> gestellt und hier geben wir ihre Gesetzesauslegung vollst\u00e4ndig.<\/p>\n\n\n\n<h2 class=\"wp-block-heading\" id=\"razvod-u-bih\">Kann eine Ehescheidung in Bosnien und Herzegowina durchgef\u00fchrt werden?<\/h2>\n\n\n\n<p>Das Scheidungsverfahren wird vor Gerichten gef\u00fchrt, und zwar vor dem Gericht, in dessen Bezirk sich der Wohnsitz des Beklagten befindet bzw. vor dem Gericht, in dessen Bezirk die Ehepartner zuletzt gemeinsam ihren Wohnsitz hatten. <\/p>\n\n\n\n<p>Wenn die Ehepartner ihre Ehe in Bosnien und Herzegowina geschlossen haben und danach ins Ausland gezogen sind, ist es m\u00f6glich, die Ehe vor einem Gericht in Bosnien und Herzegowina zu scheiden.<\/p>\n\n\n\n<h2 class=\"wp-block-heading\" id=\"postupak\">Ehescheidungsverfahren<\/h2>\n\n\n\n<p>Das Ehescheidungsverfahren wird durch Klage eingeleitet, wenn einer der Ehepartner die Scheidung w\u00fcnscht. <\/p>\n\n\n\n<p>Wenn sich die Ehepartner einig sind, die Ehe zu beenden, kann das Verfahren durch Einreichung eines Antrags auf einvernehmliche Scheidung (wenn die Ehepartner keine gemeinsamen minderj\u00e4hrigen Kinder oder Kinder haben, f\u00fcr die die elterliche F\u00fcrsorge verl\u00e4ngert wurde) oder durch Einreichung eines Vorschlags f\u00fcr eine einvernehmliche Scheidung (wenn die Ehepartner gemeinsame minderj\u00e4hrige Kinder oder Kinder haben, f\u00fcr die die elterliche F\u00fcrsorge verl\u00e4ngert wurde) eingeleitet werden.<\/p>\n\n\n\n<h2 class=\"wp-block-heading\" id=\"centar-za-soc-rad\">Ehescheidung und das Sozialamt<\/h2>\n\n\n\n<p>Vor Einleitung des Scheidungsverfahrens werden Ehepartner, die gemeinsame oder adoptierte minderj\u00e4hrige Kinder oder Kinder haben, f\u00fcr die das elterliche Recht verl\u00e4ngert wurde, ein Vermittlungsverfahren vor dem Sozialamt in der Gemeinde, in der sie ihren Wohnsitz haben, durchlaufen.<\/p>\n\n\n\n<p>Ehepartner, die keine gemeinsamen minderj\u00e4hrigen Kinder oder Kinder haben, f\u00fcr die das elterliche Recht verl\u00e4ngert wurde, durchlaufen kein Vermittlungsverfahren vor dem zust\u00e4ndigen Sozialamt, und das Verfahren wird durch Einreichung eines Antrags auf einvernehmliche Scheidung oder durch Klage auf Scheidung eingeleitet.<\/p>\n\n\n\n<h2 class=\"wp-block-heading\" id=\"dokumentacija\">Notwendige Unterlagen<\/h2>\n\n\n\n<p>In Antrag oder Klage sowie w\u00e4hrend des gesamten Verfahrens k\u00f6nnen beide Seiten Antr\u00e4ge zur Kl\u00e4rung folgender Fragen stellen: <\/p>\n\n\n\n<ul class=\"wp-block-list\"><li>Sorgerecht f\u00fcr Kinder <\/li><li>Unterhaltszahlungen f\u00fcr Kinder oder den anderen Ehepartner <\/li><li>H\u00f6he der Geldsumme f\u00fcr diese Unterhaltszahlungen<\/li><\/ul>\n\n\n\n<p>Zusammen mit dem Antrag auf Einleitung des Scheidungsverfahrens m\u00fcssen die Heiratsurkunde und die Geburtsurkunden der minderj\u00e4hrigen Kinder beigef\u00fcgt werden, falls die Ehepartner gemeinsame minderj\u00e4hrige Kinder haben.<\/p>\n\n\n\n<h2 class=\"wp-block-heading\" id=\"dva-nacina\">Zwei M\u00f6glichkeiten zur Ehescheidung in Bosnien und Herzegowina<\/h2>\n\n\n\n<p>Jeder der Ehepartner kann das Scheidungsverfahren <strong>pers\u00f6nlich<\/strong> oder <strong>\u00fcber einen Rechtsanwalt<\/strong> als qualifizierten Vertreter einleiten, der ihn w\u00e4hrend des gesamten Verfahrens vertreten kann. <\/p>\n\n\n\n<p>Das Gericht \u00fcbermittelt nach Erhalt der Ehescheidungsklage die Klage dem anderen Ehepartner zur Stellungnahme und legt nach Erhalt der Antwort zun\u00e4chst einen Vorbereitungstermin und dann die Hauptverhandlung fest. <\/p>\n\n\n\n<p>Den Ehepartnern wird die M\u00f6glichkeit zur Vers\u00f6hnung gegeben, und wenn diese nicht erfolgreich ist, werden die vorgeschlagenen Beweise vorgebracht und ein Urteil gef\u00e4llt, durch das die Ehe geschieden wird. <\/p>\n\n\n\n<p>Die Gerichte \u00fcbermitteln die Scheidungsurkunde amtlich dem Standesamt zur Erfassung der Daten \u00fcber das Ende der Ehe in den Standesregistern.<\/p>\n\n\n\n<h2 class=\"wp-block-heading\" id=\"stecena-imovina\">Aufteilung des w\u00e4hrend der Ehe erworbenen Verm\u00f6gens<\/h2>\n\n\n\n<p>Es ist wichtig zu wissen, dass im Scheidungsverfahren vor den Gerichten in Bosnien und Herzegowina nicht \u00fcber die Aufteilung des w\u00e4hrend der Ehe erworbenen Verm\u00f6gens verhandelt wird und auch nicht verhandelt werden kann. <\/p>\n\n\n\n<p>Das Verfahren zur Aufteilung des w\u00e4hrend der Ehe erworbenen Verm\u00f6gens ist vom Scheidungsverfahren unabh\u00e4ngig und kann durch eine separate Klage vor, w\u00e4hrend oder nach dem Scheidungsverfahren eingeleitet werden.<\/p>\n\n\n\n<p><a href=\"https:\/\/advokatristic.com\/o-nama\/\" target=\"_blank\" rel=\"noreferrer noopener\"><mark style=\"background-color:rgba(0, 0, 0, 0)\" class=\"has-inline-color has-vivid-red-color\">Die Anwaltskanzlei Risti\u0107<\/mark><\/a> bietet seit \u00fcber 30 Jahren ihren Kunden in ganz Bosnien und Herzegowina Rechtsdienstleistungen an und vertritt ihre Interessen.<\/p>\n\n\n\n<hr class=\"wp-block-separator aligncenter has-alpha-channel-opacity\"\/>\n\n\n\n<p>Lesen Sie noch:<\/p>\n\n\n\n<ul class=\"wp-block-list\"><li><a href=\"\/de\/pravo-stranaca-na-nekretnine-u-bosni-i-hercegovini\/\"><mark style=\"background-color:rgba(0, 0, 0, 0)\" class=\"has-inline-color has-vivid-red-color\">Recht der Ausl\u00e4nder auf Immobilien in Bosnien und Herzegowina<\/mark><\/a><\/li><li><a href=\"https:\/\/yuga.at\/de\/eheschliesung-in-wien\/\"><mark style=\"background-color:rgba(0, 0, 0, 0)\" class=\"has-inline-color has-vivid-red-color\">Eheschlie\u00dfung in Wien<\/mark><\/a><\/li><\/ul>","protected":false},"excerpt":{"rendered":"<p>Na\u017ealost, svedoci smo \u010dinjenice da se veliki broj zaklju\u010denih brakova okon\u010da razvodom. Razvod braka predstavlja jedan od zakonom propisanih na\u010dina prestanka braka. Mnogi bra\u010dni&#8230;<\/p>","protected":false},"author":3,"featured_media":11169,"comment_status":"closed","ping_status":"closed","sticky":false,"template":"","format":"standard","meta":{"_acf_changed":false,"_kad_blocks_custom_css":"","_kad_blocks_head_custom_js":"","_kad_blocks_body_custom_js":"","_kad_blocks_footer_custom_js":"","footnotes":""},"categories":[98,52,282],"tags":[565,82],"class_list":["post-10919","post","type-post","status-publish","format-standard","has-post-thumbnail","hentry","category-vesti-exyu","category-pravo","category-zakoni","tag-bih","tag-razvod","entry","category-98","category-52","category-282"],"acf":[],"yoast_head":"<!-- This site is optimized with the Yoast SEO plugin v27.3 - https:\/\/yoast.com\/product\/yoast-seo-wordpress\/ -->\n<title>Razvod braka u Bosni i Hercegovini<\/title>\n<meta name=\"description\" content=\"exYu Portal YUga.at otkriva da li se razvod bra\u010dnih drugova koji \u017eive u Austriji mo\u017ee obaviti u Bosni i Hercegovini.\" \/>\n<meta name=\"robots\" content=\"index, follow, max-snippet:-1, max-image-preview:large, max-video-preview:-1\" \/>\n<link rel=\"canonical\" href=\"https:\/\/yuga.at\/de\/ehescheidung-in-bosnien-und-herzegowina\/\" \/>\n<meta property=\"og:locale\" content=\"de_DE\" \/>\n<meta property=\"og:type\" content=\"article\" \/>\n<meta property=\"og:title\" content=\"Razvod braka u Bosni i Hercegovini\" \/>\n<meta property=\"og:description\" content=\"exYu Portal YUga.at otkriva da li se razvod bra\u010dnih drugova koji \u017eive u Austriji mo\u017ee obaviti u Bosni i Hercegovini.\" \/>\n<meta property=\"og:url\" content=\"https:\/\/yuga.at\/de\/ehescheidung-in-bosnien-und-herzegowina\/\" \/>\n<meta property=\"og:site_name\" content=\"YUga.at\" \/>\n<meta property=\"article:publisher\" content=\"https:\/\/www.facebook.com\/yuga.austria\" \/>\n<meta property=\"article:published_time\" content=\"2022-08-03T18:32:22+00:00\" \/>\n<meta property=\"article:modified_time\" content=\"2022-09-24T20:33:05+00:00\" \/>\n<meta property=\"og:image\" content=\"https:\/\/yuga.at\/wp-content\/uploads\/razvod-u-bih.jpg\" \/>\n\t<meta property=\"og:image:width\" content=\"1400\" \/>\n\t<meta property=\"og:image:height\" content=\"933\" \/>\n\t<meta property=\"og:image:type\" content=\"image\/jpeg\" \/>\n<meta name=\"author\" content=\"Srdjan\" \/>\n<meta name=\"twitter:card\" content=\"summary_large_image\" \/>\n<meta name=\"twitter:label1\" content=\"Verfasst von\" \/>\n\t<meta name=\"twitter:data1\" content=\"Srdjan\" \/>\n\t<meta name=\"twitter:label2\" content=\"Gesch\u00e4tzte Lesezeit\" \/>\n\t<meta name=\"twitter:data2\" content=\"3\u00a0Minuten\" \/>\n<script type=\"application\/ld+json\" class=\"yoast-schema-graph\">{\"@context\":\"https:\\\/\\\/schema.org\",\"@graph\":[{\"@type\":\"Article\",\"@id\":\"https:\\\/\\\/yuga.at\\\/razvod-braka-u-bosni-i-hercegovini\\\/#article\",\"isPartOf\":{\"@id\":\"https:\\\/\\\/yuga.at\\\/razvod-braka-u-bosni-i-hercegovini\\\/\"},\"author\":{\"name\":\"Srdjan\",\"@id\":\"https:\\\/\\\/yuga.at\\\/#\\\/schema\\\/person\\\/14afd7c6aa250e7d26d59b2f1a427184\"},\"headline\":\"Razvod braka u Bosni i Hercegovini\",\"datePublished\":\"2022-08-03T18:32:22+00:00\",\"dateModified\":\"2022-09-24T20:33:05+00:00\",\"mainEntityOfPage\":{\"@id\":\"https:\\\/\\\/yuga.at\\\/razvod-braka-u-bosni-i-hercegovini\\\/\"},\"wordCount\":637,\"publisher\":{\"@id\":\"https:\\\/\\\/yuga.at\\\/#organization\"},\"image\":{\"@id\":\"https:\\\/\\\/yuga.at\\\/razvod-braka-u-bosni-i-hercegovini\\\/#primaryimage\"},\"thumbnailUrl\":\"https:\\\/\\\/yuga.at\\\/wp-content\\\/uploads\\\/razvod-u-bih.jpg\",\"keywords\":[\"BiH\",\"razvod\"],\"articleSection\":[\"exYU\",\"Pravo\",\"Zakoni\"],\"inLanguage\":\"de\"},{\"@type\":\"WebPage\",\"@id\":\"https:\\\/\\\/yuga.at\\\/razvod-braka-u-bosni-i-hercegovini\\\/\",\"url\":\"https:\\\/\\\/yuga.at\\\/razvod-braka-u-bosni-i-hercegovini\\\/\",\"name\":\"Razvod braka u Bosni i Hercegovini\",\"isPartOf\":{\"@id\":\"https:\\\/\\\/yuga.at\\\/#website\"},\"primaryImageOfPage\":{\"@id\":\"https:\\\/\\\/yuga.at\\\/razvod-braka-u-bosni-i-hercegovini\\\/#primaryimage\"},\"image\":{\"@id\":\"https:\\\/\\\/yuga.at\\\/razvod-braka-u-bosni-i-hercegovini\\\/#primaryimage\"},\"thumbnailUrl\":\"https:\\\/\\\/yuga.at\\\/wp-content\\\/uploads\\\/razvod-u-bih.jpg\",\"datePublished\":\"2022-08-03T18:32:22+00:00\",\"dateModified\":\"2022-09-24T20:33:05+00:00\",\"description\":\"exYu Portal YUga.at otkriva da li se razvod bra\u010dnih drugova koji \u017eive u Austriji mo\u017ee obaviti u Bosni i Hercegovini.\",\"breadcrumb\":{\"@id\":\"https:\\\/\\\/yuga.at\\\/razvod-braka-u-bosni-i-hercegovini\\\/#breadcrumb\"},\"inLanguage\":\"de\",\"potentialAction\":[{\"@type\":\"ReadAction\",\"target\":[\"https:\\\/\\\/yuga.at\\\/razvod-braka-u-bosni-i-hercegovini\\\/\"]}]},{\"@type\":\"ImageObject\",\"inLanguage\":\"de\",\"@id\":\"https:\\\/\\\/yuga.at\\\/razvod-braka-u-bosni-i-hercegovini\\\/#primaryimage\",\"url\":\"https:\\\/\\\/yuga.at\\\/wp-content\\\/uploads\\\/razvod-u-bih.jpg\",\"contentUrl\":\"https:\\\/\\\/yuga.at\\\/wp-content\\\/uploads\\\/razvod-u-bih.jpg\",\"width\":1400,\"height\":933,\"caption\":\"Razvod braka u BiH\"},{\"@type\":\"BreadcrumbList\",\"@id\":\"https:\\\/\\\/yuga.at\\\/razvod-braka-u-bosni-i-hercegovini\\\/#breadcrumb\",\"itemListElement\":[{\"@type\":\"ListItem\",\"position\":1,\"name\":\"Home\",\"item\":\"https:\\\/\\\/yuga.at\\\/\"},{\"@type\":\"ListItem\",\"position\":2,\"name\":\"Razvod braka u Bosni i Hercegovini\"}]},{\"@type\":\"WebSite\",\"@id\":\"https:\\\/\\\/yuga.at\\\/#website\",\"url\":\"https:\\\/\\\/yuga.at\\\/\",\"name\":\"YUga.at\",\"description\":\"exYU Portal\",\"publisher\":{\"@id\":\"https:\\\/\\\/yuga.at\\\/#organization\"},\"potentialAction\":[{\"@type\":\"SearchAction\",\"target\":{\"@type\":\"EntryPoint\",\"urlTemplate\":\"https:\\\/\\\/yuga.at\\\/?s={search_term_string}\"},\"query-input\":{\"@type\":\"PropertyValueSpecification\",\"valueRequired\":true,\"valueName\":\"search_term_string\"}}],\"inLanguage\":\"de\"},{\"@type\":\"Organization\",\"@id\":\"https:\\\/\\\/yuga.at\\\/#organization\",\"name\":\"YUga.at\",\"url\":\"https:\\\/\\\/yuga.at\\\/\",\"logo\":{\"@type\":\"ImageObject\",\"inLanguage\":\"de\",\"@id\":\"https:\\\/\\\/yuga.at\\\/#\\\/schema\\\/logo\\\/image\\\/\",\"url\":\"https:\\\/\\\/yuga.at\\\/wp-content\\\/uploads\\\/yuga-logo-black-250.png\",\"contentUrl\":\"https:\\\/\\\/yuga.at\\\/wp-content\\\/uploads\\\/yuga-logo-black-250.png\",\"width\":250,\"height\":143,\"caption\":\"YUga.at\"},\"image\":{\"@id\":\"https:\\\/\\\/yuga.at\\\/#\\\/schema\\\/logo\\\/image\\\/\"},\"sameAs\":[\"https:\\\/\\\/www.facebook.com\\\/yuga.austria\",\"https:\\\/\\\/www.instagram.com\\\/yuga.at\\\/\"]},{\"@type\":\"Person\",\"@id\":\"https:\\\/\\\/yuga.at\\\/#\\\/schema\\\/person\\\/14afd7c6aa250e7d26d59b2f1a427184\",\"name\":\"Srdjan\",\"image\":{\"@type\":\"ImageObject\",\"inLanguage\":\"de\",\"@id\":\"https:\\\/\\\/secure.gravatar.com\\\/avatar\\\/5b6efe7dbc2c19685b2905878731fe11236889e186ff9c7df9039e75f5680008?s=96&d=mm&r=g\",\"url\":\"https:\\\/\\\/secure.gravatar.com\\\/avatar\\\/5b6efe7dbc2c19685b2905878731fe11236889e186ff9c7df9039e75f5680008?s=96&d=mm&r=g\",\"contentUrl\":\"https:\\\/\\\/secure.gravatar.com\\\/avatar\\\/5b6efe7dbc2c19685b2905878731fe11236889e186ff9c7df9039e75f5680008?s=96&d=mm&r=g\",\"caption\":\"Srdjan\"}}]}<\/script>\n<!-- \/ Yoast SEO plugin. -->","yoast_head_json":{"title":"Ehescheidung in Bosnien und Herzegowina","description":"exYu Portal YUga.at otkriva da li se razvod bra\u010dnih drugova koji \u017eive u Austriji mo\u017ee obaviti u Bosni i Hercegovini.","robots":{"index":"index","follow":"follow","max-snippet":"max-snippet:-1","max-image-preview":"max-image-preview:large","max-video-preview":"max-video-preview:-1"},"canonical":"https:\/\/yuga.at\/de\/ehescheidung-in-bosnien-und-herzegowina\/","og_locale":"de_DE","og_type":"article","og_title":"Razvod braka u Bosni i Hercegovini","og_description":"exYu Portal YUga.at otkriva da li se razvod bra\u010dnih drugova koji \u017eive u Austriji mo\u017ee obaviti u Bosni i Hercegovini.","og_url":"https:\/\/yuga.at\/de\/ehescheidung-in-bosnien-und-herzegowina\/","og_site_name":"YUga.at","article_publisher":"https:\/\/www.facebook.com\/yuga.austria","article_published_time":"2022-08-03T18:32:22+00:00","article_modified_time":"2022-09-24T20:33:05+00:00","og_image":[{"width":1400,"height":933,"url":"https:\/\/yuga.at\/wp-content\/uploads\/razvod-u-bih.jpg","type":"image\/jpeg"}],"author":"Srdjan","twitter_card":"summary_large_image","twitter_misc":{"Verfasst von":"Srdjan","Gesch\u00e4tzte Lesezeit":"3\u00a0Minuten"},"schema":{"@context":"https:\/\/schema.org","@graph":[{"@type":"Article","@id":"https:\/\/yuga.at\/razvod-braka-u-bosni-i-hercegovini\/#article","isPartOf":{"@id":"https:\/\/yuga.at\/razvod-braka-u-bosni-i-hercegovini\/"},"author":{"name":"Srdjan","@id":"https:\/\/yuga.at\/#\/schema\/person\/14afd7c6aa250e7d26d59b2f1a427184"},"headline":"Razvod braka u Bosni i Hercegovini","datePublished":"2022-08-03T18:32:22+00:00","dateModified":"2022-09-24T20:33:05+00:00","mainEntityOfPage":{"@id":"https:\/\/yuga.at\/razvod-braka-u-bosni-i-hercegovini\/"},"wordCount":637,"publisher":{"@id":"https:\/\/yuga.at\/#organization"},"image":{"@id":"https:\/\/yuga.at\/razvod-braka-u-bosni-i-hercegovini\/#primaryimage"},"thumbnailUrl":"https:\/\/yuga.at\/wp-content\/uploads\/razvod-u-bih.jpg","keywords":["BiH","razvod"],"articleSection":["exYU","Pravo","Zakoni"],"inLanguage":"de"},{"@type":"WebPage","@id":"https:\/\/yuga.at\/razvod-braka-u-bosni-i-hercegovini\/","url":"https:\/\/yuga.at\/razvod-braka-u-bosni-i-hercegovini\/","name":"Ehescheidung in Bosnien und Herzegowina","isPartOf":{"@id":"https:\/\/yuga.at\/#website"},"primaryImageOfPage":{"@id":"https:\/\/yuga.at\/razvod-braka-u-bosni-i-hercegovini\/#primaryimage"},"image":{"@id":"https:\/\/yuga.at\/razvod-braka-u-bosni-i-hercegovini\/#primaryimage"},"thumbnailUrl":"https:\/\/yuga.at\/wp-content\/uploads\/razvod-u-bih.jpg","datePublished":"2022-08-03T18:32:22+00:00","dateModified":"2022-09-24T20:33:05+00:00","description":"exYu Portal YUga.at otkriva da li se razvod bra\u010dnih drugova koji \u017eive u Austriji mo\u017ee obaviti u Bosni i Hercegovini.","breadcrumb":{"@id":"https:\/\/yuga.at\/razvod-braka-u-bosni-i-hercegovini\/#breadcrumb"},"inLanguage":"de","potentialAction":[{"@type":"ReadAction","target":["https:\/\/yuga.at\/razvod-braka-u-bosni-i-hercegovini\/"]}]},{"@type":"ImageObject","inLanguage":"de","@id":"https:\/\/yuga.at\/razvod-braka-u-bosni-i-hercegovini\/#primaryimage","url":"https:\/\/yuga.at\/wp-content\/uploads\/razvod-u-bih.jpg","contentUrl":"https:\/\/yuga.at\/wp-content\/uploads\/razvod-u-bih.jpg","width":1400,"height":933,"caption":"Razvod braka u BiH"},{"@type":"BreadcrumbList","@id":"https:\/\/yuga.at\/razvod-braka-u-bosni-i-hercegovini\/#breadcrumb","itemListElement":[{"@type":"ListItem","position":1,"name":"Home","item":"https:\/\/yuga.at\/"},{"@type":"ListItem","position":2,"name":"Razvod braka u Bosni i Hercegovini"}]},{"@type":"WebSite","@id":"https:\/\/yuga.at\/#website","url":"https:\/\/yuga.at\/","name":"YUga.at","description":"exYU Portal","publisher":{"@id":"https:\/\/yuga.at\/#organization"},"potentialAction":[{"@type":"SearchAction","target":{"@type":"EntryPoint","urlTemplate":"https:\/\/yuga.at\/?s={search_term_string}"},"query-input":{"@type":"PropertyValueSpecification","valueRequired":true,"valueName":"search_term_string"}}],"inLanguage":"de"},{"@type":"Organization","@id":"https:\/\/yuga.at\/#organization","name":"YUga.at","url":"https:\/\/yuga.at\/","logo":{"@type":"ImageObject","inLanguage":"de","@id":"https:\/\/yuga.at\/#\/schema\/logo\/image\/","url":"https:\/\/yuga.at\/wp-content\/uploads\/yuga-logo-black-250.png","contentUrl":"https:\/\/yuga.at\/wp-content\/uploads\/yuga-logo-black-250.png","width":250,"height":143,"caption":"YUga.at"},"image":{"@id":"https:\/\/yuga.at\/#\/schema\/logo\/image\/"},"sameAs":["https:\/\/www.facebook.com\/yuga.austria","https:\/\/www.instagram.com\/yuga.at\/"]},{"@type":"Person","@id":"https:\/\/yuga.at\/#\/schema\/person\/14afd7c6aa250e7d26d59b2f1a427184","name":"Srdjan","image":{"@type":"ImageObject","inLanguage":"de","@id":"https:\/\/secure.gravatar.com\/avatar\/5b6efe7dbc2c19685b2905878731fe11236889e186ff9c7df9039e75f5680008?s=96&d=mm&r=g","url":"https:\/\/secure.gravatar.com\/avatar\/5b6efe7dbc2c19685b2905878731fe11236889e186ff9c7df9039e75f5680008?s=96&d=mm&r=g","contentUrl":"https:\/\/secure.gravatar.com\/avatar\/5b6efe7dbc2c19685b2905878731fe11236889e186ff9c7df9039e75f5680008?s=96&d=mm&r=g","caption":"Srdjan"}}]}},"taxonomy_info":{"category":[{"value":98,"label":"exYU"},{"value":52,"label":"Pravo"},{"value":282,"label":"Zakoni"}],"post_tag":[{"value":565,"label":"BiH"},{"value":82,"label":"razvod"}]},"featured_image_src_large":["https:\/\/yuga.at\/wp-content\/uploads\/razvod-u-bih.jpg",798,532,false],"author_info":{"display_name":"Srdjan","author_link":"https:\/\/yuga.at\/de\/author\/srdjan\/"},"comment_info":0,"category_info":[{"term_id":98,"name":"exYU","slug":"vesti-exyu","term_group":0,"term_taxonomy_id":98,"taxonomy":"category","description":"Vesti sa podru\u010dja exYU","parent":49,"count":27,"filter":"raw","cat_ID":98,"category_count":27,"category_description":"Vesti sa podru\u010dja exYU","cat_name":"exYU","category_nicename":"vesti-exyu","category_parent":49},{"term_id":52,"name":"Pravo","slug":"pravo","term_group":0,"term_taxonomy_id":52,"taxonomy":"category","description":"Pravo i zakon","parent":0,"count":40,"filter":"raw","cat_ID":52,"category_count":40,"category_description":"Pravo i zakon","cat_name":"Pravo","category_nicename":"pravo","category_parent":0},{"term_id":282,"name":"Zakoni","slug":"zakoni","term_group":0,"term_taxonomy_id":282,"taxonomy":"category","description":"Razni zakoni o nasledstvu, o razvodu braka itd. Lista advokata i sudskih tuma\u010da u Be\u010du.","parent":52,"count":32,"filter":"raw","cat_ID":282,"category_count":32,"category_description":"Razni zakoni o nasledstvu, o razvodu braka itd. Lista advokata i sudskih tuma\u010da u Be\u010du.","cat_name":"Zakoni","category_nicename":"zakoni","category_parent":52}],"tag_info":[{"term_id":565,"name":"BiH","slug":"bih","term_group":0,"term_taxonomy_id":565,"taxonomy":"post_tag","description":"","parent":0,"count":10,"filter":"raw"},{"term_id":82,"name":"razvod","slug":"razvod","term_group":0,"term_taxonomy_id":82,"taxonomy":"post_tag","description":"","parent":0,"count":2,"filter":"raw"}],"_links":{"self":[{"href":"https:\/\/yuga.at\/de\/wp-json\/wp\/v2\/posts\/10919","targetHints":{"allow":["GET"]}}],"collection":[{"href":"https:\/\/yuga.at\/de\/wp-json\/wp\/v2\/posts"}],"about":[{"href":"https:\/\/yuga.at\/de\/wp-json\/wp\/v2\/types\/post"}],"author":[{"embeddable":true,"href":"https:\/\/yuga.at\/de\/wp-json\/wp\/v2\/users\/3"}],"replies":[{"embeddable":true,"href":"https:\/\/yuga.at\/de\/wp-json\/wp\/v2\/comments?post=10919"}],"version-history":[{"count":4,"href":"https:\/\/yuga.at\/de\/wp-json\/wp\/v2\/posts\/10919\/revisions"}],"predecessor-version":[{"id":11393,"href":"https:\/\/yuga.at\/de\/wp-json\/wp\/v2\/posts\/10919\/revisions\/11393"}],"wp:featuredmedia":[{"embeddable":true,"href":"https:\/\/yuga.at\/de\/wp-json\/wp\/v2\/media\/11169"}],"wp:attachment":[{"href":"https:\/\/yuga.at\/de\/wp-json\/wp\/v2\/media?parent=10919"}],"wp:term":[{"taxonomy":"category","embeddable":true,"href":"https:\/\/yuga.at\/de\/wp-json\/wp\/v2\/categories?post=10919"},{"taxonomy":"post_tag","embeddable":true,"href":"https:\/\/yuga.at\/de\/wp-json\/wp\/v2\/tags?post=10919"}],"curies":[{"name":"wp","href":"https:\/\/api.w.org\/{rel}","templated":true}]}}