{"id":12410,"date":"2023-02-24T08:06:33","date_gmt":"2023-02-24T07:06:33","guid":{"rendered":"https:\/\/yuga.at\/?p=12410"},"modified":"2023-06-10T17:21:48","modified_gmt":"2023-06-10T15:21:48","slug":"gesamtzahl-der-bewoner-oesterreichs","status":"publish","type":"post","link":"https:\/\/yuga.at\/de\/broj-stanovnika-u-austriji\/","title":{"rendered":"Einwohnerzahl in \u00d6sterreich"},"content":{"rendered":"<p>Laut offizieller statistischer Daten erreichte die Bev\u00f6lkerungszahl in \u00d6sterreich im Jahr 2023 9,1 Millionen, wobei Staatsb\u00fcrger Rum\u00e4niens den gr\u00f6\u00dften Anstieg gegen\u00fcber der Volksz\u00e4hlung vor etwa zehn Jahren verzeichneten.<\/p>\n\n\n\n<p>Anfang Januar 2023 leben in \u00d6sterreich 9.106.126 Einwohner, was etwa 1,4% mehr sind als im gleichen Zeitraum des Vorjahres 2022.<\/p>\n\n\n\n<h2 class=\"wp-block-heading\" id=\"izbeglice-iz-ukrajine\">Gro\u00dfer Zustrom von Fl\u00fcchtlingen aus der Ukraine<\/h2>\n\n\n\n<p>Der gr\u00f6\u00dfte Einfluss auf das Bev\u00f6lkerungswachstum im vergangenen Jahr hatten ukrainische Staatsangeh\u00f6rige, die aufgrund des Krieges in \u00d6sterreich Zuflucht suchten.<\/p>\n\n\n\n<p>Von den 115.000 neuen Einwohnern machen fast die H\u00e4lfte Ukrainer aus - etwa 67.000.<\/p>\n\n\n\n<h2 class=\"wp-block-heading\" id=\"1.7-miliona-stranaca\">\u00dcber 1,7 Millionen Einwohner in \u00d6sterreich sind Ausl\u00e4nder<\/h2>\n\n\n\n<p>Deutsche Staatsangeh\u00f6rige behalten den ersten Platz in der Anzahl der Ausl\u00e4nder in \u00d6sterreich (225.000), gefolgt von rum\u00e4nischen (147.000) und dann serbischen Staatsangeh\u00f6rigen (122.000).<\/p>\n\n\n\n<p>Es ist jedoch zu beachten, dass hier Einwohner mit ausl\u00e4ndischer Staatsb\u00fcrgerschaft gez\u00e4hlt werden. Wenn serbische Staatsb\u00fcrger mit \u00f6sterreichischem Pass ber\u00fccksichtigt w\u00fcrden, w\u00e4ren sie h\u00f6chstwahrscheinlich an erster Stelle.<\/p>\n\n\n<div class=\"wp-block-image\"><div class=\"copyright-image-large\" style=\"position: relative\">\n<figure class=\"aligncenter size-full\"><a href=\"https:\/\/yuga.at\/wp-content\/uploads\/broj-stanovnika-u-austriji-2023.png\"><img loading=\"lazy\" decoding=\"async\" width=\"1200\" height=\"1186\" src=\"https:\/\/yuga.at\/wp-content\/uploads\/broj-stanovnika-u-austriji-2023.png\" alt=\"Broj stanovnika u Austriji 2023. godine\" class=\"wp-image-12459\" srcset=\"https:\/\/yuga.at\/wp-content\/uploads\/broj-stanovnika-u-austriji-2023.png 1200w, https:\/\/yuga.at\/wp-content\/uploads\/broj-stanovnika-u-austriji-2023-978x967.png 978w, https:\/\/yuga.at\/wp-content\/uploads\/broj-stanovnika-u-austriji-2023-768x759.png 768w, https:\/\/yuga.at\/wp-content\/uploads\/broj-stanovnika-u-austriji-2023-50x50.png 50w\" sizes=\"auto, (max-width: 1200px) 100vw, 1200px\" \/><\/a><\/figure>\n<div class=\"featured-image-copyright\"><\/div><\/div><\/div>\n\n\n<p>Eine wichtige Tatsache ist, dass sich die Anzahl der ausl\u00e4ndischen Staatsangeh\u00f6rigen, die in \u00d6sterreich leben, um 1,3% erh\u00f6ht hat, w\u00e4hrend die Anzahl der \u00f6sterreichischen Staatsb\u00fcrger um 0,2% gesunken ist.<\/p>\n\n\n\n<p>Derzeit machen ausl\u00e4ndische Staatsangeh\u00f6rige 19% der Gesamtbev\u00f6lkerung in \u00d6sterreich aus, das sind 1,7 Millionen Menschen.<\/p>\n\n\n\n<h2 class=\"wp-block-heading\" id=\"najvece-promene-u-becu\">Gr\u00f6\u00dfte Ver\u00e4nderungen in Wien<\/h2>\n\n\n\n<p>Der prozentual gr\u00f6\u00dfte Anstieg der Bev\u00f6lkerungszahl wurde in Wien verzeichnet, und zwar um 2,6%. Dann folgt das Burgenland mit 1,3%, w\u00e4hrend Ober- und Nieder\u00f6sterreich sowie Vorarlberg eine Zunahme von 1,2% verzeichnen.<\/p>\n\n\n\n<p>Interessanterweise wurde der gr\u00f6\u00dfte Anstieg der Bev\u00f6lkerungszahl in Wien im 1. Bezirk (5,9%) verzeichnet, gefolgt vom 22. Bezirk (4,4%) und dem 14. Bezirk (4,1%).<\/p>\n\n\n\n<p>Die geringsten Ver\u00e4nderungen ereigneten sich im 18. Bezirk, wo sich die Bev\u00f6lkerungszahl kaum ver\u00e4ndert hat. <\/p>\n\n\n\n<p>Detailliertere Daten finden Sie auf der <a href=\"https:\/\/www.statistik.at\/\" target=\"_blank\" rel=\"noreferrer noopener\"><mark style=\"background-color:rgba(0, 0, 0, 0)\" class=\"has-inline-color has-vivid-red-color\">Website f\u00fcr Statistik<\/mark><\/a>.<\/p>\n\n\n\n<hr class=\"wp-block-separator aligncenter has-alpha-channel-opacity\"\/>\n\n\n\n<p>Lesen Sie noch:<br>&#8211; <a href=\"https:\/\/yuga.at\/de\/mangelhafte-berufe-in-oesterreich-2023\/\"><mark style=\"background-color:rgba(0, 0, 0, 0)\" class=\"has-inline-color has-vivid-red-color\">Mangelhafte Berufe in \u00d6sterreich 2023.<\/mark>.<\/a><\/p>","protected":false},"excerpt":{"rendered":"<p>Prema zvani\u010dnim statisti\u010dkim podacima broj stanovnika u Austriji 2023. godine dostigao je 9,1 miliona, a u odnosu na prethodni popis od pre desetak godina&#8230;<\/p>","protected":false},"author":3,"featured_media":12411,"comment_status":"closed","ping_status":"closed","sticky":false,"template":"","format":"standard","meta":{"_acf_changed":false,"_kad_blocks_custom_css":"","_kad_blocks_head_custom_js":"","_kad_blocks_body_custom_js":"","_kad_blocks_footer_custom_js":"","footnotes":""},"categories":[97,49],"tags":[394],"class_list":["post-12410","post","type-post","status-publish","format-standard","has-post-thumbnail","hentry","category-vesti-austrija","category-vesti","tag-statistika","entry","category-97","category-49"],"acf":[],"yoast_head":"<!-- This site is optimized with the Yoast SEO plugin v27.3 - https:\/\/yoast.com\/product\/yoast-seo-wordpress\/ -->\n<title>Broj stanovnika u Austriji<\/title>\n<meta name=\"description\" content=\"Prema zvani\u010dnim statisti\u010dkim podacima broj stanovnika u Austriji 2023. godine dostigao je 9,1 miliona.\" \/>\n<meta name=\"robots\" content=\"index, follow, max-snippet:-1, max-image-preview:large, max-video-preview:-1\" \/>\n<link rel=\"canonical\" href=\"https:\/\/yuga.at\/de\/gesamtzahl-der-bewoner-oesterreichs\/\" \/>\n<meta property=\"og:locale\" content=\"de_DE\" \/>\n<meta property=\"og:type\" content=\"article\" \/>\n<meta property=\"og:title\" content=\"Broj stanovnika u Austriji\" \/>\n<meta property=\"og:description\" content=\"Prema zvani\u010dnim statisti\u010dkim podacima broj stanovnika u Austriji 2023. godine dostigao je 9,1 miliona.\" \/>\n<meta property=\"og:url\" content=\"https:\/\/yuga.at\/de\/gesamtzahl-der-bewoner-oesterreichs\/\" \/>\n<meta property=\"og:site_name\" content=\"YUga.at\" \/>\n<meta property=\"article:publisher\" content=\"https:\/\/www.facebook.com\/yuga.austria\" \/>\n<meta property=\"article:published_time\" content=\"2023-02-24T07:06:33+00:00\" \/>\n<meta property=\"article:modified_time\" content=\"2023-06-10T15:21:48+00:00\" \/>\n<meta property=\"og:image\" content=\"https:\/\/yuga.at\/wp-content\/uploads\/broj-stanovnika-2023.jpg\" \/>\n\t<meta property=\"og:image:width\" content=\"1400\" \/>\n\t<meta property=\"og:image:height\" content=\"933\" \/>\n\t<meta property=\"og:image:type\" content=\"image\/jpeg\" \/>\n<meta name=\"author\" content=\"Srdjan\" \/>\n<meta name=\"twitter:card\" content=\"summary_large_image\" \/>\n<meta name=\"twitter:label1\" content=\"Verfasst von\" \/>\n\t<meta name=\"twitter:data1\" content=\"Srdjan\" \/>\n\t<meta name=\"twitter:label2\" content=\"Gesch\u00e4tzte Lesezeit\" \/>\n\t<meta name=\"twitter:data2\" content=\"2\u00a0Minuten\" \/>\n<script type=\"application\/ld+json\" class=\"yoast-schema-graph\">{\"@context\":\"https:\\\/\\\/schema.org\",\"@graph\":[{\"@type\":\"Article\",\"@id\":\"https:\\\/\\\/yuga.at\\\/broj-stanovnika-u-austriji\\\/#article\",\"isPartOf\":{\"@id\":\"https:\\\/\\\/yuga.at\\\/broj-stanovnika-u-austriji\\\/\"},\"author\":{\"name\":\"Srdjan\",\"@id\":\"https:\\\/\\\/yuga.at\\\/#\\\/schema\\\/person\\\/14afd7c6aa250e7d26d59b2f1a427184\"},\"headline\":\"Broj stanovnika u Austriji\",\"datePublished\":\"2023-02-24T07:06:33+00:00\",\"dateModified\":\"2023-06-10T15:21:48+00:00\",\"mainEntityOfPage\":{\"@id\":\"https:\\\/\\\/yuga.at\\\/broj-stanovnika-u-austriji\\\/\"},\"wordCount\":287,\"publisher\":{\"@id\":\"https:\\\/\\\/yuga.at\\\/#organization\"},\"image\":{\"@id\":\"https:\\\/\\\/yuga.at\\\/broj-stanovnika-u-austriji\\\/#primaryimage\"},\"thumbnailUrl\":\"https:\\\/\\\/yuga.at\\\/wp-content\\\/uploads\\\/broj-stanovnika-2023.jpg\",\"keywords\":[\"statistika\"],\"articleSection\":[\"Austrija\",\"Vesti\"],\"inLanguage\":\"de\"},{\"@type\":\"WebPage\",\"@id\":\"https:\\\/\\\/yuga.at\\\/broj-stanovnika-u-austriji\\\/\",\"url\":\"https:\\\/\\\/yuga.at\\\/broj-stanovnika-u-austriji\\\/\",\"name\":\"Broj stanovnika u Austriji\",\"isPartOf\":{\"@id\":\"https:\\\/\\\/yuga.at\\\/#website\"},\"primaryImageOfPage\":{\"@id\":\"https:\\\/\\\/yuga.at\\\/broj-stanovnika-u-austriji\\\/#primaryimage\"},\"image\":{\"@id\":\"https:\\\/\\\/yuga.at\\\/broj-stanovnika-u-austriji\\\/#primaryimage\"},\"thumbnailUrl\":\"https:\\\/\\\/yuga.at\\\/wp-content\\\/uploads\\\/broj-stanovnika-2023.jpg\",\"datePublished\":\"2023-02-24T07:06:33+00:00\",\"dateModified\":\"2023-06-10T15:21:48+00:00\",\"description\":\"Prema zvani\u010dnim statisti\u010dkim podacima broj stanovnika u Austriji 2023. godine dostigao je 9,1 miliona.\",\"breadcrumb\":{\"@id\":\"https:\\\/\\\/yuga.at\\\/broj-stanovnika-u-austriji\\\/#breadcrumb\"},\"inLanguage\":\"de\",\"potentialAction\":[{\"@type\":\"ReadAction\",\"target\":[\"https:\\\/\\\/yuga.at\\\/broj-stanovnika-u-austriji\\\/\"]}]},{\"@type\":\"ImageObject\",\"inLanguage\":\"de\",\"@id\":\"https:\\\/\\\/yuga.at\\\/broj-stanovnika-u-austriji\\\/#primaryimage\",\"url\":\"https:\\\/\\\/yuga.at\\\/wp-content\\\/uploads\\\/broj-stanovnika-2023.jpg\",\"contentUrl\":\"https:\\\/\\\/yuga.at\\\/wp-content\\\/uploads\\\/broj-stanovnika-2023.jpg\",\"width\":1400,\"height\":933,\"caption\":\"Broj stanovnika u Austriji 2023\"},{\"@type\":\"BreadcrumbList\",\"@id\":\"https:\\\/\\\/yuga.at\\\/broj-stanovnika-u-austriji\\\/#breadcrumb\",\"itemListElement\":[{\"@type\":\"ListItem\",\"position\":1,\"name\":\"Home\",\"item\":\"https:\\\/\\\/yuga.at\\\/\"},{\"@type\":\"ListItem\",\"position\":2,\"name\":\"Broj stanovnika u Austriji\"}]},{\"@type\":\"WebSite\",\"@id\":\"https:\\\/\\\/yuga.at\\\/#website\",\"url\":\"https:\\\/\\\/yuga.at\\\/\",\"name\":\"YUga.at\",\"description\":\"exYU Portal\",\"publisher\":{\"@id\":\"https:\\\/\\\/yuga.at\\\/#organization\"},\"potentialAction\":[{\"@type\":\"SearchAction\",\"target\":{\"@type\":\"EntryPoint\",\"urlTemplate\":\"https:\\\/\\\/yuga.at\\\/?s={search_term_string}\"},\"query-input\":{\"@type\":\"PropertyValueSpecification\",\"valueRequired\":true,\"valueName\":\"search_term_string\"}}],\"inLanguage\":\"de\"},{\"@type\":\"Organization\",\"@id\":\"https:\\\/\\\/yuga.at\\\/#organization\",\"name\":\"YUga.at\",\"url\":\"https:\\\/\\\/yuga.at\\\/\",\"logo\":{\"@type\":\"ImageObject\",\"inLanguage\":\"de\",\"@id\":\"https:\\\/\\\/yuga.at\\\/#\\\/schema\\\/logo\\\/image\\\/\",\"url\":\"https:\\\/\\\/yuga.at\\\/wp-content\\\/uploads\\\/yuga-logo-black-250.png\",\"contentUrl\":\"https:\\\/\\\/yuga.at\\\/wp-content\\\/uploads\\\/yuga-logo-black-250.png\",\"width\":250,\"height\":143,\"caption\":\"YUga.at\"},\"image\":{\"@id\":\"https:\\\/\\\/yuga.at\\\/#\\\/schema\\\/logo\\\/image\\\/\"},\"sameAs\":[\"https:\\\/\\\/www.facebook.com\\\/yuga.austria\",\"https:\\\/\\\/www.instagram.com\\\/yuga.at\\\/\"]},{\"@type\":\"Person\",\"@id\":\"https:\\\/\\\/yuga.at\\\/#\\\/schema\\\/person\\\/14afd7c6aa250e7d26d59b2f1a427184\",\"name\":\"Srdjan\",\"image\":{\"@type\":\"ImageObject\",\"inLanguage\":\"de\",\"@id\":\"https:\\\/\\\/secure.gravatar.com\\\/avatar\\\/5b6efe7dbc2c19685b2905878731fe11236889e186ff9c7df9039e75f5680008?s=96&d=mm&r=g\",\"url\":\"https:\\\/\\\/secure.gravatar.com\\\/avatar\\\/5b6efe7dbc2c19685b2905878731fe11236889e186ff9c7df9039e75f5680008?s=96&d=mm&r=g\",\"contentUrl\":\"https:\\\/\\\/secure.gravatar.com\\\/avatar\\\/5b6efe7dbc2c19685b2905878731fe11236889e186ff9c7df9039e75f5680008?s=96&d=mm&r=g\",\"caption\":\"Srdjan\"}}]}<\/script>\n<!-- \/ Yoast SEO plugin. -->","yoast_head_json":{"title":"Einwohnerzahl in \u00d6sterreich","description":"Prema zvani\u010dnim statisti\u010dkim podacima broj stanovnika u Austriji 2023. godine dostigao je 9,1 miliona.","robots":{"index":"index","follow":"follow","max-snippet":"max-snippet:-1","max-image-preview":"max-image-preview:large","max-video-preview":"max-video-preview:-1"},"canonical":"https:\/\/yuga.at\/de\/gesamtzahl-der-bewoner-oesterreichs\/","og_locale":"de_DE","og_type":"article","og_title":"Broj stanovnika u Austriji","og_description":"Prema zvani\u010dnim statisti\u010dkim podacima broj stanovnika u Austriji 2023. godine dostigao je 9,1 miliona.","og_url":"https:\/\/yuga.at\/de\/gesamtzahl-der-bewoner-oesterreichs\/","og_site_name":"YUga.at","article_publisher":"https:\/\/www.facebook.com\/yuga.austria","article_published_time":"2023-02-24T07:06:33+00:00","article_modified_time":"2023-06-10T15:21:48+00:00","og_image":[{"width":1400,"height":933,"url":"https:\/\/yuga.at\/wp-content\/uploads\/broj-stanovnika-2023.jpg","type":"image\/jpeg"}],"author":"Srdjan","twitter_card":"summary_large_image","twitter_misc":{"Verfasst von":"Srdjan","Gesch\u00e4tzte Lesezeit":"2\u00a0Minuten"},"schema":{"@context":"https:\/\/schema.org","@graph":[{"@type":"Article","@id":"https:\/\/yuga.at\/broj-stanovnika-u-austriji\/#article","isPartOf":{"@id":"https:\/\/yuga.at\/broj-stanovnika-u-austriji\/"},"author":{"name":"Srdjan","@id":"https:\/\/yuga.at\/#\/schema\/person\/14afd7c6aa250e7d26d59b2f1a427184"},"headline":"Broj stanovnika u Austriji","datePublished":"2023-02-24T07:06:33+00:00","dateModified":"2023-06-10T15:21:48+00:00","mainEntityOfPage":{"@id":"https:\/\/yuga.at\/broj-stanovnika-u-austriji\/"},"wordCount":287,"publisher":{"@id":"https:\/\/yuga.at\/#organization"},"image":{"@id":"https:\/\/yuga.at\/broj-stanovnika-u-austriji\/#primaryimage"},"thumbnailUrl":"https:\/\/yuga.at\/wp-content\/uploads\/broj-stanovnika-2023.jpg","keywords":["statistika"],"articleSection":["Austrija","Vesti"],"inLanguage":"de"},{"@type":"WebPage","@id":"https:\/\/yuga.at\/broj-stanovnika-u-austriji\/","url":"https:\/\/yuga.at\/broj-stanovnika-u-austriji\/","name":"Einwohnerzahl in \u00d6sterreich","isPartOf":{"@id":"https:\/\/yuga.at\/#website"},"primaryImageOfPage":{"@id":"https:\/\/yuga.at\/broj-stanovnika-u-austriji\/#primaryimage"},"image":{"@id":"https:\/\/yuga.at\/broj-stanovnika-u-austriji\/#primaryimage"},"thumbnailUrl":"https:\/\/yuga.at\/wp-content\/uploads\/broj-stanovnika-2023.jpg","datePublished":"2023-02-24T07:06:33+00:00","dateModified":"2023-06-10T15:21:48+00:00","description":"Prema zvani\u010dnim statisti\u010dkim podacima broj stanovnika u Austriji 2023. godine dostigao je 9,1 miliona.","breadcrumb":{"@id":"https:\/\/yuga.at\/broj-stanovnika-u-austriji\/#breadcrumb"},"inLanguage":"de","potentialAction":[{"@type":"ReadAction","target":["https:\/\/yuga.at\/broj-stanovnika-u-austriji\/"]}]},{"@type":"ImageObject","inLanguage":"de","@id":"https:\/\/yuga.at\/broj-stanovnika-u-austriji\/#primaryimage","url":"https:\/\/yuga.at\/wp-content\/uploads\/broj-stanovnika-2023.jpg","contentUrl":"https:\/\/yuga.at\/wp-content\/uploads\/broj-stanovnika-2023.jpg","width":1400,"height":933,"caption":"Broj stanovnika u Austriji 2023"},{"@type":"BreadcrumbList","@id":"https:\/\/yuga.at\/broj-stanovnika-u-austriji\/#breadcrumb","itemListElement":[{"@type":"ListItem","position":1,"name":"Home","item":"https:\/\/yuga.at\/"},{"@type":"ListItem","position":2,"name":"Broj stanovnika u Austriji"}]},{"@type":"WebSite","@id":"https:\/\/yuga.at\/#website","url":"https:\/\/yuga.at\/","name":"YUga.at","description":"exYU Portal","publisher":{"@id":"https:\/\/yuga.at\/#organization"},"potentialAction":[{"@type":"SearchAction","target":{"@type":"EntryPoint","urlTemplate":"https:\/\/yuga.at\/?s={search_term_string}"},"query-input":{"@type":"PropertyValueSpecification","valueRequired":true,"valueName":"search_term_string"}}],"inLanguage":"de"},{"@type":"Organization","@id":"https:\/\/yuga.at\/#organization","name":"YUga.at","url":"https:\/\/yuga.at\/","logo":{"@type":"ImageObject","inLanguage":"de","@id":"https:\/\/yuga.at\/#\/schema\/logo\/image\/","url":"https:\/\/yuga.at\/wp-content\/uploads\/yuga-logo-black-250.png","contentUrl":"https:\/\/yuga.at\/wp-content\/uploads\/yuga-logo-black-250.png","width":250,"height":143,"caption":"YUga.at"},"image":{"@id":"https:\/\/yuga.at\/#\/schema\/logo\/image\/"},"sameAs":["https:\/\/www.facebook.com\/yuga.austria","https:\/\/www.instagram.com\/yuga.at\/"]},{"@type":"Person","@id":"https:\/\/yuga.at\/#\/schema\/person\/14afd7c6aa250e7d26d59b2f1a427184","name":"Srdjan","image":{"@type":"ImageObject","inLanguage":"de","@id":"https:\/\/secure.gravatar.com\/avatar\/5b6efe7dbc2c19685b2905878731fe11236889e186ff9c7df9039e75f5680008?s=96&d=mm&r=g","url":"https:\/\/secure.gravatar.com\/avatar\/5b6efe7dbc2c19685b2905878731fe11236889e186ff9c7df9039e75f5680008?s=96&d=mm&r=g","contentUrl":"https:\/\/secure.gravatar.com\/avatar\/5b6efe7dbc2c19685b2905878731fe11236889e186ff9c7df9039e75f5680008?s=96&d=mm&r=g","caption":"Srdjan"}}]}},"taxonomy_info":{"category":[{"value":97,"label":"Austrija"},{"value":49,"label":"Vesti"}],"post_tag":[{"value":394,"label":"statistika"}]},"featured_image_src_large":["https:\/\/yuga.at\/wp-content\/uploads\/broj-stanovnika-2023.jpg",798,532,false],"author_info":{"display_name":"Srdjan","author_link":"https:\/\/yuga.at\/de\/author\/srdjan\/"},"comment_info":0,"category_info":[{"term_id":97,"name":"Austrija","slug":"vesti-austrija","term_group":0,"term_taxonomy_id":97,"taxonomy":"category","description":"Vesti iz Austrije","parent":49,"count":99,"filter":"raw","cat_ID":97,"category_count":99,"category_description":"Vesti iz Austrije","cat_name":"Austrija","category_nicename":"vesti-austrija","category_parent":49},{"term_id":49,"name":"Vesti","slug":"vesti","term_group":0,"term_taxonomy_id":49,"taxonomy":"category","description":"Najnovije vesti","parent":0,"count":103,"filter":"raw","cat_ID":49,"category_count":103,"category_description":"Najnovije vesti","cat_name":"Vesti","category_nicename":"vesti","category_parent":0}],"tag_info":[{"term_id":394,"name":"statistika","slug":"statistika","term_group":0,"term_taxonomy_id":394,"taxonomy":"post_tag","description":"","parent":0,"count":4,"filter":"raw"}],"_links":{"self":[{"href":"https:\/\/yuga.at\/de\/wp-json\/wp\/v2\/posts\/12410","targetHints":{"allow":["GET"]}}],"collection":[{"href":"https:\/\/yuga.at\/de\/wp-json\/wp\/v2\/posts"}],"about":[{"href":"https:\/\/yuga.at\/de\/wp-json\/wp\/v2\/types\/post"}],"author":[{"embeddable":true,"href":"https:\/\/yuga.at\/de\/wp-json\/wp\/v2\/users\/3"}],"replies":[{"embeddable":true,"href":"https:\/\/yuga.at\/de\/wp-json\/wp\/v2\/comments?post=12410"}],"version-history":[{"count":6,"href":"https:\/\/yuga.at\/de\/wp-json\/wp\/v2\/posts\/12410\/revisions"}],"predecessor-version":[{"id":13225,"href":"https:\/\/yuga.at\/de\/wp-json\/wp\/v2\/posts\/12410\/revisions\/13225"}],"wp:featuredmedia":[{"embeddable":true,"href":"https:\/\/yuga.at\/de\/wp-json\/wp\/v2\/media\/12411"}],"wp:attachment":[{"href":"https:\/\/yuga.at\/de\/wp-json\/wp\/v2\/media?parent=12410"}],"wp:term":[{"taxonomy":"category","embeddable":true,"href":"https:\/\/yuga.at\/de\/wp-json\/wp\/v2\/categories?post=12410"},{"taxonomy":"post_tag","embeddable":true,"href":"https:\/\/yuga.at\/de\/wp-json\/wp\/v2\/tags?post=12410"}],"curies":[{"name":"wp","href":"https:\/\/api.w.org\/{rel}","templated":true}]}}