{"id":15435,"date":"2024-06-02T15:55:24","date_gmt":"2024-06-02T13:55:24","guid":{"rendered":"https:\/\/yuga.at\/?p=15435"},"modified":"2024-06-02T16:34:38","modified_gmt":"2024-06-02T14:34:38","slug":"groster-demografischer-ruckgang-in-osterreich-seit-dem-zweiten-weltkrieg","status":"publish","type":"post","link":"https:\/\/yuga.at\/de\/najveci-demografski-pad-u-austriji-od-drugog-svetskog-rata\/","title":{"rendered":"Gr\u00f6\u00dfter demografischer R\u00fcckgang in \u00d6sterreich seit dem Zweiten Weltkrieg"},"content":{"rendered":"<p>\u00d6sterreich erlebte 2023 das gr\u00f6\u00dfte Geburtendefizit seit dem Zweiten Weltkrieg.<\/p>\n\n\n\n<p>Im letzten Jahr wurden 12.000 Menschen weniger geboren als gestorben, was einen erheblichen demografischen R\u00fcckgang darstellt. Der Hauptgrund f\u00fcr diesen R\u00fcckgang ist die Tatsache, dass 2023 viel weniger Menschen aus dem Ausland nach \u00d6sterreich gezogen sind.<\/p>\n\n\n\n<h2 class=\"wp-block-heading\" id=\"sta-kazu-brojevi\">Was sagen die Zahlen?<\/h2>\n\n\n\n<p>Laut den Ergebnissen der Statistik Austria lebten am 1. Januar 2024 genau 9.158.750 Menschen in \u00d6sterreich. Das sind 0,6 Prozent bzw. 53.978 mehr als am selben Tag im Jahr 2023. Im Vergleich zu 2022 ist das ein drastischer R\u00fcckgang.<\/p>\n\n\n\n<p>Im Jahr 2022 wuchs die Bev\u00f6lkerung noch um 125.843 Menschen bzw. 1,4 Prozent. Den gr\u00f6\u00dften Zuwachs verzeichneten damals Wien und Vorarlberg mit plus 1,2 und 0,9 Prozent. Danach folgten Tirol und Salzburg (jeweils 0,6 Prozent). Unter dem Durchschnitt lagen Ober\u00f6sterreich (0,5 Prozent), die Steiermark (0,4 Prozent), Nieder\u00f6sterreich (0,3 Prozent) und das Burgenland (0,2 Prozent). K\u00e4rnten lag mit plus 0,1 Prozent an letzter Stelle.<\/p>\n\n\n\n<p>Im vergangenen Jahr war die Geburtenbilanz negativ. Damit wurden zum vierten Mal in Folge weniger Menschen geboren als gestorben sind \u2013 insgesamt starben im Jahr 2023 also 12.000 Menschen mehr als geboren wurden. \u201eDas ist das gr\u00f6\u00dfte Geburtendefizit seit dem Ende des Zweiten Weltkriegs\u201c, sagt der Generaldirektor der Statistik Austria, Tobias Thomas.<\/p>\n\n\n\n<h2 class=\"wp-block-heading\" id=\"povecan-zivotni-vek\">Gestiegene Lebenserwartung in \u00d6sterreich<\/h2>\n\n\n\n<p>Im letzten Jahr wurden in \u00d6sterreich 77.605 Babys geboren. Das sind 6,1 Prozent weniger als ein Jahr zuvor und der niedrigste Wert seit 2009 (76.344 Geburten). Die durchschnittliche Anzahl der Kinder, die Frauen in \u00d6sterreich geb\u00e4ren, erreichte mit 1,32 Kindern pro Frau ein Rekordtief. Das bisherige Minimum lag bei 1,33 Kindern im Jahr 2001.<\/p>\n\n\n\n<p>Die Zahl der Verstorbenen betrug im letzten Jahr 89.760, was 3,8 Prozent weniger als 2022 ist. Zum ersten Mal seit 2020 lag diese Zahl unter 90.000, was darauf hinweist, dass die Lebenserwartung gestiegen ist.<\/p>\n\n\n\n<p>Die Lebenserwartung stieg: f\u00fcr Frauen um 0,4 Jahre auf 84,2 Jahre und f\u00fcr M\u00e4nner ebenfalls um 0,4 Jahre auf 79,4 Jahre. <\/p>\n\n\n\n<p>Im Durchschnitt leben Frauen am l\u00e4ngsten in K\u00e4rnten, Vorarlberg und Tirol, w\u00e4hrend M\u00e4nner in Tirol, Vorarlberg und Salzburg am l\u00e4ngsten leben.<\/p>\n\n\n\n<h2 class=\"wp-block-heading\" id=\"znacajan-pad-imigracije\">Erheblicher R\u00fcckgang der Zuwanderung<\/h2>\n\n\n\n<p>Insgesamt hat \u00d6sterreich mehr Einwohner als im Vorjahr, aber das ist ausschlie\u00dflich der Zuwanderung zu verdanken. Knapp 67.000 Menschen mehr kamen aus dem Ausland im Vergleich zu denen, die \u00d6sterreich verlassen haben. <\/p>\n\n\n\n<p>Andererseits ist dies deutlich weniger im Vergleich zu 2022, als der Zuwachs fast 137.000 Menschen betrug. <\/p>\n\n\n\n<p>Konkret wanderten im letzten Jahr 194.959 Menschen nach \u00d6sterreich ein, w\u00e4hrend 128.330 auswanderten. Am h\u00e4ufigsten wanderten Ukrainer, Deutsche und Rum\u00e4nen nach \u00d6sterreich ein. <\/p>\n\n\n\n<p>Der Anteil der ausl\u00e4ndischen Staatsangeh\u00f6rigen an der Gesamtbev\u00f6lkerung stieg von 19 Prozent Anfang 2023 auf 19,7 Prozent Anfang 2024. Somit lebten am 1. Januar 2024 genau 1.800.866 Menschen mit ausl\u00e4ndischer Staatsangeh\u00f6rigkeit in \u00d6sterreich.<\/p>\n\n\n\n<h2 class=\"wp-block-heading\" id=\"manje-vencanja-vise-razvoda\">Weniger Hochzeiten, mehr Scheidungen<\/h2>\n\n\n\n<p>Nicht nur die Geburtenzahl ist gesunken, sondern auch die Zahl der Hochzeiten. <br>Im Jahr 2023 heirateten 45.855 Paare. Das sind 3,4 Prozent bzw. 1627 Hochzeiten weniger als im Vorjahr. 785 der Paare, die heirateten, waren gleichgeschlechtlich. <\/p>\n\n\n\n<p>Die Zahl der Scheidungen hingegen stieg. Insgesamt gab es 14.721 Scheidungen, was 5,2 Prozent bzw. 724 Scheidungen mehr als 2022 sind. <\/p>\n\n\n\n<p>Eine eingetragene Partnerschaft gingen 1955 Paare ein. Das sind um ein F\u00fcnftel mehr als im Vorjahr.<\/p>\n\n\n\n<hr class=\"wp-block-separator aligncenter has-alpha-channel-opacity\"\/>\n\n\n\n<p>Lesen Sie noch:<\/p>\n\n\n\n<div class=\"wp-block-columns is-layout-flex wp-container-core-columns-is-layout-9d6595d7 wp-block-columns-is-layout-flex\">\n<div class=\"wp-block-column is-layout-flow wp-block-column-is-layout-flow\"><style>.kt-img-overlay15435_b9c230-91 .kt-image-overlay-wrap{max-width:391px;overflow:hidden;}.kt-img-overlay15435_b9c230-91 .kt-image-overlay-wrap .kt-block-intrisic{padding-bottom:66.4962%;}.kt-img-overlay15435_b9c230-91 .kt-image-overlay-wrap:has(:focus-visible) .kt-image-overlay-color-wrapper{opacity:1 !important;}.kt-img-overlay15435_b9c230-91 .kt-image-overlay-wrap:hover .kt-image-overlay-color-wrapper{opacity:1 !important;}.kt-img-overlay15435_b9c230-91 .kt-image-overlay-color{background-color:#b6b0ad;opacity:0.6;}.kt-img-overlay15435_b9c230-91 .kt-image-overlay-message{border-top:2px solid rgba(255,255,255,0.8);border-right:2px solid rgba(255,255,255,0.8);border-bottom:2px solid rgba(255,255,255,0.8);border-left:2px solid rgba(255,255,255,0.8);inset:10px;}.wp-block-kadence-imageoverlay.kt-img-overlay15435_b9c230-91 .kt-image-overlay-message .image-overlay-title{color:#fff;background:rgba(0, 0, 0, 0.23);padding-top:5px;padding-right:5px;padding-bottom:5px;padding-left:5px;margin-top:0px;margin-right:0px;margin-bottom:0px;margin-left:0px;font-weight:regular;font-style:normal;}.kt-img-overlay15435_b9c230-91 .kt-image-overlay-divider{border-top-color:#fff;border-top-width:1px;width:80%;border-top-style:none;}.wp-block-kadence-imageoverlay.kt-img-overlay15435_b9c230-91 .kt-image-overlay-message .image-overlay-subtitle{color:#fff;background:rgba(0, 0, 0, 0);padding-top:5px;padding-right:5px;padding-bottom:5px;padding-left:5px;margin-top:0px;margin-right:0px;margin-bottom:0px;margin-left:0px;font-weight:regular;font-style:normal;}@media all and (max-width: 1024px){.kt-img-overlay15435_b9c230-91 .kt-image-overlay-wrap{max-width:391px;}}@media all and (max-width: 1024px){.kt-img-overlay15435_b9c230-91 .kt-image-overlay-message{border-top:2px solid rgba(255,255,255,0.8);border-right:2px solid rgba(255,255,255,0.8);border-bottom:2px solid rgba(255,255,255,0.8);border-left:2px solid rgba(255,255,255,0.8);}}@media all and (max-width: 767px){.kt-img-overlay15435_b9c230-91 .kt-image-overlay-wrap{max-width:391px;}.kt-img-overlay15435_b9c230-91 .kt-image-overlay-message{border-top:2px solid rgba(255,255,255,0.8);border-right:2px solid rgba(255,255,255,0.8);border-bottom:2px solid rgba(255,255,255,0.8);border-left:2px solid rgba(255,255,255,0.8);}}<\/style>\n<div class=\"kt-img-overlay15435_b9c230-91 aligncenter wp-block-kadence-imageoverlay\"><div class=\"kt-image-overlay-wrap kt-over-image-zoomin\"><div class=\"kt-block-intrisic\"><img loading=\"lazy\" decoding=\"async\" src=\"https:\/\/yuga.at\/wp-content\/uploads\/broj-stanovnika-2023-391x260.jpg\" alt=\"Broj stanovnika u Austriji 2023\" width=\"391\" height=\"260\" class=\"kt-img-overlay wp-image-12411\" srcset=\"https:\/\/yuga.at\/wp-content\/uploads\/broj-stanovnika-2023-391x260.jpg 391w, https:\/\/yuga.at\/wp-content\/uploads\/broj-stanovnika-2023-978x652.jpg 978w, https:\/\/yuga.at\/wp-content\/uploads\/broj-stanovnika-2023-768x512.jpg 768w, https:\/\/yuga.at\/wp-content\/uploads\/broj-stanovnika-2023-50x33.jpg 50w, https:\/\/yuga.at\/wp-content\/uploads\/broj-stanovnika-2023.jpg 1400w\" sizes=\"auto, (max-width: 391px) 100vw, 391px\" \/><div class=\"kt-image-overlay-color-wrapper\"><div class=\"kt-image-overlay-color\"><\/div><\/div><a href=\"https:\/\/yuga.at\/de\/gesamtzahl-der-bewoner-oesterreichs\/\" class=\"kt-imageoverlay-link\"><div class=\"kt-image-overlay-message kt-over-substyle-visible kt-over-valign-center kt-over-halign-center kadence-overlay-title-bg-full\"><div class=\"kt-image-overlay-inner\"><h4 class=\"image-overlay-title\">Einwohnerzahl in \u00d6sterreich<\/h4><\/div><\/div><\/a><\/div><\/div><\/div>\n<\/div>\n\n\n\n<div class=\"wp-block-column is-layout-flow wp-block-column-is-layout-flow\"><style>.kt-img-overlay15435_62dc13-58 .kt-image-overlay-wrap{max-width:391px;overflow:hidden;}.kt-img-overlay15435_62dc13-58 .kt-image-overlay-wrap .kt-block-intrisic{padding-bottom:66.4962%;}.kt-img-overlay15435_62dc13-58 .kt-image-overlay-wrap:has(:focus-visible) .kt-image-overlay-color-wrapper{opacity:1 !important;}.kt-img-overlay15435_62dc13-58 .kt-image-overlay-wrap:hover .kt-image-overlay-color-wrapper{opacity:1 !important;}.kt-img-overlay15435_62dc13-58 .kt-image-overlay-color{background-color:#b6b0ad;opacity:0.6;}.kt-img-overlay15435_62dc13-58 .kt-image-overlay-message{border-top:2px solid rgba(255,255,255,0.8);border-right:2px solid rgba(255,255,255,0.8);border-bottom:2px solid rgba(255,255,255,0.8);border-left:2px solid rgba(255,255,255,0.8);inset:10px;}.wp-block-kadence-imageoverlay.kt-img-overlay15435_62dc13-58 .kt-image-overlay-message .image-overlay-title{color:#ffffff;background:rgba(0, 0, 0, 0.23);padding-top:5px;padding-right:5px;padding-bottom:5px;padding-left:5px;margin-top:0px;margin-right:0px;margin-bottom:0px;margin-left:0px;font-weight:regular;font-style:normal;}.kt-img-overlay15435_62dc13-58 .kt-image-overlay-divider{border-top-color:#fff;border-top-width:1px;width:80%;border-top-style:none;}.wp-block-kadence-imageoverlay.kt-img-overlay15435_62dc13-58 .kt-image-overlay-message .image-overlay-subtitle{color:#fff;background:rgba(0, 0, 0, 0);padding-top:5px;padding-right:5px;padding-bottom:5px;padding-left:5px;margin-top:0px;margin-right:0px;margin-bottom:0px;margin-left:0px;font-weight:regular;font-style:normal;}@media all and (max-width: 1024px){.kt-img-overlay15435_62dc13-58 .kt-image-overlay-wrap{max-width:391px;}}@media all and (max-width: 1024px){.kt-img-overlay15435_62dc13-58 .kt-image-overlay-message{border-top:2px solid rgba(255,255,255,0.8);border-right:2px solid rgba(255,255,255,0.8);border-bottom:2px solid rgba(255,255,255,0.8);border-left:2px solid rgba(255,255,255,0.8);}}@media all and (max-width: 767px){.kt-img-overlay15435_62dc13-58 .kt-image-overlay-wrap{max-width:391px;}.kt-img-overlay15435_62dc13-58 .kt-image-overlay-message{border-top:2px solid rgba(255,255,255,0.8);border-right:2px solid rgba(255,255,255,0.8);border-bottom:2px solid rgba(255,255,255,0.8);border-left:2px solid rgba(255,255,255,0.8);}}<\/style>\n<div class=\"kt-img-overlay15435_62dc13-58 aligncenter wp-block-kadence-imageoverlay\"><div class=\"kt-image-overlay-wrap kt-over-image-zoomin\"><div class=\"kt-block-intrisic\"><img loading=\"lazy\" decoding=\"async\" src=\"https:\/\/yuga.at\/wp-content\/uploads\/religija-statistika-391x260.jpg\" alt=\"Religija u Austriji\" width=\"391\" height=\"260\" class=\"kt-img-overlay wp-image-10588\" srcset=\"https:\/\/yuga.at\/wp-content\/uploads\/religija-statistika-391x260.jpg 391w, https:\/\/yuga.at\/wp-content\/uploads\/religija-statistika-978x652.jpg 978w, https:\/\/yuga.at\/wp-content\/uploads\/religija-statistika-768x512.jpg 768w, https:\/\/yuga.at\/wp-content\/uploads\/religija-statistika-50x33.jpg 50w, https:\/\/yuga.at\/wp-content\/uploads\/religija-statistika.jpg 1400w\" sizes=\"auto, (max-width: 391px) 100vw, 391px\" \/><div class=\"kt-image-overlay-color-wrapper\"><div class=\"kt-image-overlay-color\"><\/div><\/div><a href=\"https:\/\/yuga.at\/de\/anstieg-der-zahl-der-orthodoxen-und-muslime-in-osterreich\/\" class=\"kt-imageoverlay-link\"><div class=\"kt-image-overlay-message kt-over-substyle-visible kt-over-valign-center kt-over-halign-center kadence-overlay-title-bg-full\"><div class=\"kt-image-overlay-inner\"><h4 class=\"image-overlay-title\">Anstieg der Anzahl von Orthodoxen und Muslimen in \u00d6sterreich<\/h4><\/div><\/div><\/a><\/div><\/div><\/div>\n<\/div>\n<\/div>","protected":false},"excerpt":{"rendered":"<p>Austrija je 2023. godine do\u017eivela najve\u0107i deficit ro\u0111enja jo\u0161 od Drugog svetskog rata. Pro\u0161le godine ro\u0111eno je 12.000 ljudi manje nego \u0161to ih je&#8230;<\/p>","protected":false},"author":3,"featured_media":15436,"comment_status":"closed","ping_status":"closed","sticky":false,"template":"","format":"standard","meta":{"_acf_changed":false,"_kad_blocks_custom_css":"","_kad_blocks_head_custom_js":"","_kad_blocks_body_custom_js":"","_kad_blocks_footer_custom_js":"","footnotes":""},"categories":[97,49],"tags":[395,394],"class_list":["post-15435","post","type-post","status-publish","format-standard","has-post-thumbnail","hentry","category-vesti-austrija","category-vesti","tag-stanovnistvo","tag-statistika","entry","category-97","category-49"],"acf":[],"yoast_head":"<!-- This site is optimized with the Yoast SEO plugin v27.3 - https:\/\/yoast.com\/product\/yoast-seo-wordpress\/ -->\n<title>Najve\u0107i demografski pad u Austriji od Drugog svetskog rata<\/title>\n<meta name=\"description\" content=\"Austrija je 2023. godine do\u017eivela najve\u0107i deficit ro\u0111enja jo\u0161 od Drugog svetskog rata. Pro\u0161le godine ro\u0111eno je 12.000 ljudi manje nego \u0161to ih je umrlo.\" \/>\n<meta name=\"robots\" content=\"index, follow, max-snippet:-1, max-image-preview:large, max-video-preview:-1\" \/>\n<link rel=\"canonical\" href=\"https:\/\/yuga.at\/de\/groster-demografischer-ruckgang-in-osterreich-seit-dem-zweiten-weltkrieg\/\" \/>\n<meta property=\"og:locale\" content=\"de_DE\" \/>\n<meta property=\"og:type\" content=\"article\" \/>\n<meta property=\"og:title\" content=\"Najve\u0107i demografski pad u Austriji od Drugog svetskog rata\" \/>\n<meta property=\"og:description\" content=\"Austrija je 2023. godine do\u017eivela najve\u0107i deficit ro\u0111enja jo\u0161 od Drugog svetskog rata. Pro\u0161le godine ro\u0111eno je 12.000 ljudi manje nego \u0161to ih je umrlo.\" \/>\n<meta property=\"og:url\" content=\"https:\/\/yuga.at\/de\/groster-demografischer-ruckgang-in-osterreich-seit-dem-zweiten-weltkrieg\/\" \/>\n<meta property=\"og:site_name\" content=\"YUga.at\" \/>\n<meta property=\"article:publisher\" content=\"https:\/\/www.facebook.com\/yuga.austria\" \/>\n<meta property=\"article:published_time\" content=\"2024-06-02T13:55:24+00:00\" \/>\n<meta property=\"article:modified_time\" content=\"2024-06-02T14:34:38+00:00\" \/>\n<meta property=\"og:image\" content=\"https:\/\/yuga.at\/wp-content\/uploads\/demografska-slika-austrije.jpeg\" \/>\n\t<meta property=\"og:image:width\" content=\"1400\" \/>\n\t<meta property=\"og:image:height\" content=\"933\" \/>\n\t<meta property=\"og:image:type\" content=\"image\/jpeg\" \/>\n<meta name=\"author\" content=\"Srdjan\" \/>\n<meta name=\"twitter:card\" content=\"summary_large_image\" \/>\n<meta name=\"twitter:label1\" content=\"Verfasst von\" \/>\n\t<meta name=\"twitter:data1\" content=\"Srdjan\" \/>\n\t<meta name=\"twitter:label2\" content=\"Gesch\u00e4tzte Lesezeit\" \/>\n\t<meta name=\"twitter:data2\" content=\"3\u00a0Minuten\" \/>\n<script type=\"application\/ld+json\" class=\"yoast-schema-graph\">{\"@context\":\"https:\\\/\\\/schema.org\",\"@graph\":[{\"@type\":\"Article\",\"@id\":\"https:\\\/\\\/yuga.at\\\/najveci-demografski-pad-u-austriji-od-drugog-svetskog-rata\\\/#article\",\"isPartOf\":{\"@id\":\"https:\\\/\\\/yuga.at\\\/najveci-demografski-pad-u-austriji-od-drugog-svetskog-rata\\\/\"},\"author\":{\"name\":\"Srdjan\",\"@id\":\"https:\\\/\\\/yuga.at\\\/#\\\/schema\\\/person\\\/14afd7c6aa250e7d26d59b2f1a427184\"},\"headline\":\"Najve\u0107i demografski pad u Austriji od Drugog svetskog rata\",\"datePublished\":\"2024-06-02T13:55:24+00:00\",\"dateModified\":\"2024-06-02T14:34:38+00:00\",\"mainEntityOfPage\":{\"@id\":\"https:\\\/\\\/yuga.at\\\/najveci-demografski-pad-u-austriji-od-drugog-svetskog-rata\\\/\"},\"wordCount\":549,\"publisher\":{\"@id\":\"https:\\\/\\\/yuga.at\\\/#organization\"},\"image\":{\"@id\":\"https:\\\/\\\/yuga.at\\\/najveci-demografski-pad-u-austriji-od-drugog-svetskog-rata\\\/#primaryimage\"},\"thumbnailUrl\":\"https:\\\/\\\/yuga.at\\\/wp-content\\\/uploads\\\/demografska-slika-austrije.jpeg\",\"keywords\":[\"stanovni\u0161tvo\",\"statistika\"],\"articleSection\":[\"Austrija\",\"Vesti\"],\"inLanguage\":\"de\"},{\"@type\":\"WebPage\",\"@id\":\"https:\\\/\\\/yuga.at\\\/najveci-demografski-pad-u-austriji-od-drugog-svetskog-rata\\\/\",\"url\":\"https:\\\/\\\/yuga.at\\\/najveci-demografski-pad-u-austriji-od-drugog-svetskog-rata\\\/\",\"name\":\"Najve\u0107i demografski pad u Austriji od Drugog svetskog rata\",\"isPartOf\":{\"@id\":\"https:\\\/\\\/yuga.at\\\/#website\"},\"primaryImageOfPage\":{\"@id\":\"https:\\\/\\\/yuga.at\\\/najveci-demografski-pad-u-austriji-od-drugog-svetskog-rata\\\/#primaryimage\"},\"image\":{\"@id\":\"https:\\\/\\\/yuga.at\\\/najveci-demografski-pad-u-austriji-od-drugog-svetskog-rata\\\/#primaryimage\"},\"thumbnailUrl\":\"https:\\\/\\\/yuga.at\\\/wp-content\\\/uploads\\\/demografska-slika-austrije.jpeg\",\"datePublished\":\"2024-06-02T13:55:24+00:00\",\"dateModified\":\"2024-06-02T14:34:38+00:00\",\"description\":\"Austrija je 2023. godine do\u017eivela najve\u0107i deficit ro\u0111enja jo\u0161 od Drugog svetskog rata. Pro\u0161le godine ro\u0111eno je 12.000 ljudi manje nego \u0161to ih je umrlo.\",\"breadcrumb\":{\"@id\":\"https:\\\/\\\/yuga.at\\\/najveci-demografski-pad-u-austriji-od-drugog-svetskog-rata\\\/#breadcrumb\"},\"inLanguage\":\"de\",\"potentialAction\":[{\"@type\":\"ReadAction\",\"target\":[\"https:\\\/\\\/yuga.at\\\/najveci-demografski-pad-u-austriji-od-drugog-svetskog-rata\\\/\"]}]},{\"@type\":\"ImageObject\",\"inLanguage\":\"de\",\"@id\":\"https:\\\/\\\/yuga.at\\\/najveci-demografski-pad-u-austriji-od-drugog-svetskog-rata\\\/#primaryimage\",\"url\":\"https:\\\/\\\/yuga.at\\\/wp-content\\\/uploads\\\/demografska-slika-austrije.jpeg\",\"contentUrl\":\"https:\\\/\\\/yuga.at\\\/wp-content\\\/uploads\\\/demografska-slika-austrije.jpeg\",\"width\":1400,\"height\":933,\"caption\":\"demografska-slika-austrije 2024\"},{\"@type\":\"BreadcrumbList\",\"@id\":\"https:\\\/\\\/yuga.at\\\/najveci-demografski-pad-u-austriji-od-drugog-svetskog-rata\\\/#breadcrumb\",\"itemListElement\":[{\"@type\":\"ListItem\",\"position\":1,\"name\":\"Home\",\"item\":\"https:\\\/\\\/yuga.at\\\/\"},{\"@type\":\"ListItem\",\"position\":2,\"name\":\"Najve\u0107i demografski pad u Austriji od Drugog svetskog rata\"}]},{\"@type\":\"WebSite\",\"@id\":\"https:\\\/\\\/yuga.at\\\/#website\",\"url\":\"https:\\\/\\\/yuga.at\\\/\",\"name\":\"YUga.at\",\"description\":\"exYU Portal\",\"publisher\":{\"@id\":\"https:\\\/\\\/yuga.at\\\/#organization\"},\"potentialAction\":[{\"@type\":\"SearchAction\",\"target\":{\"@type\":\"EntryPoint\",\"urlTemplate\":\"https:\\\/\\\/yuga.at\\\/?s={search_term_string}\"},\"query-input\":{\"@type\":\"PropertyValueSpecification\",\"valueRequired\":true,\"valueName\":\"search_term_string\"}}],\"inLanguage\":\"de\"},{\"@type\":\"Organization\",\"@id\":\"https:\\\/\\\/yuga.at\\\/#organization\",\"name\":\"YUga.at\",\"url\":\"https:\\\/\\\/yuga.at\\\/\",\"logo\":{\"@type\":\"ImageObject\",\"inLanguage\":\"de\",\"@id\":\"https:\\\/\\\/yuga.at\\\/#\\\/schema\\\/logo\\\/image\\\/\",\"url\":\"https:\\\/\\\/yuga.at\\\/wp-content\\\/uploads\\\/yuga-logo-black-250.png\",\"contentUrl\":\"https:\\\/\\\/yuga.at\\\/wp-content\\\/uploads\\\/yuga-logo-black-250.png\",\"width\":250,\"height\":143,\"caption\":\"YUga.at\"},\"image\":{\"@id\":\"https:\\\/\\\/yuga.at\\\/#\\\/schema\\\/logo\\\/image\\\/\"},\"sameAs\":[\"https:\\\/\\\/www.facebook.com\\\/yuga.austria\",\"https:\\\/\\\/www.instagram.com\\\/yuga.at\\\/\"]},{\"@type\":\"Person\",\"@id\":\"https:\\\/\\\/yuga.at\\\/#\\\/schema\\\/person\\\/14afd7c6aa250e7d26d59b2f1a427184\",\"name\":\"Srdjan\",\"image\":{\"@type\":\"ImageObject\",\"inLanguage\":\"de\",\"@id\":\"https:\\\/\\\/secure.gravatar.com\\\/avatar\\\/5b6efe7dbc2c19685b2905878731fe11236889e186ff9c7df9039e75f5680008?s=96&d=mm&r=g\",\"url\":\"https:\\\/\\\/secure.gravatar.com\\\/avatar\\\/5b6efe7dbc2c19685b2905878731fe11236889e186ff9c7df9039e75f5680008?s=96&d=mm&r=g\",\"contentUrl\":\"https:\\\/\\\/secure.gravatar.com\\\/avatar\\\/5b6efe7dbc2c19685b2905878731fe11236889e186ff9c7df9039e75f5680008?s=96&d=mm&r=g\",\"caption\":\"Srdjan\"}}]}<\/script>\n<!-- \/ Yoast SEO plugin. -->","yoast_head_json":{"title":"Gr\u00f6\u00dfter demografischer R\u00fcckgang in \u00d6sterreich seit dem Zweiten Weltkrieg","description":"\u00d6sterreich erlebte 2023 das gr\u00f6\u00dfte Geburtendefizit seit dem Zweiten Weltkrieg.","robots":{"index":"index","follow":"follow","max-snippet":"max-snippet:-1","max-image-preview":"max-image-preview:large","max-video-preview":"max-video-preview:-1"},"canonical":"https:\/\/yuga.at\/de\/groster-demografischer-ruckgang-in-osterreich-seit-dem-zweiten-weltkrieg\/","og_locale":"de_DE","og_type":"article","og_title":"Najve\u0107i demografski pad u Austriji od Drugog svetskog rata","og_description":"Austrija je 2023. godine do\u017eivela najve\u0107i deficit ro\u0111enja jo\u0161 od Drugog svetskog rata. Pro\u0161le godine ro\u0111eno je 12.000 ljudi manje nego \u0161to ih je umrlo.","og_url":"https:\/\/yuga.at\/de\/groster-demografischer-ruckgang-in-osterreich-seit-dem-zweiten-weltkrieg\/","og_site_name":"YUga.at","article_publisher":"https:\/\/www.facebook.com\/yuga.austria","article_published_time":"2024-06-02T13:55:24+00:00","article_modified_time":"2024-06-02T14:34:38+00:00","og_image":[{"width":1400,"height":933,"url":"https:\/\/yuga.at\/wp-content\/uploads\/demografska-slika-austrije.jpeg","type":"image\/jpeg"}],"author":"Srdjan","twitter_card":"summary_large_image","twitter_misc":{"Verfasst von":"Srdjan","Gesch\u00e4tzte Lesezeit":"3\u00a0Minuten"},"schema":{"@context":"https:\/\/schema.org","@graph":[{"@type":"Article","@id":"https:\/\/yuga.at\/najveci-demografski-pad-u-austriji-od-drugog-svetskog-rata\/#article","isPartOf":{"@id":"https:\/\/yuga.at\/najveci-demografski-pad-u-austriji-od-drugog-svetskog-rata\/"},"author":{"name":"Srdjan","@id":"https:\/\/yuga.at\/#\/schema\/person\/14afd7c6aa250e7d26d59b2f1a427184"},"headline":"Najve\u0107i demografski pad u Austriji od Drugog svetskog rata","datePublished":"2024-06-02T13:55:24+00:00","dateModified":"2024-06-02T14:34:38+00:00","mainEntityOfPage":{"@id":"https:\/\/yuga.at\/najveci-demografski-pad-u-austriji-od-drugog-svetskog-rata\/"},"wordCount":549,"publisher":{"@id":"https:\/\/yuga.at\/#organization"},"image":{"@id":"https:\/\/yuga.at\/najveci-demografski-pad-u-austriji-od-drugog-svetskog-rata\/#primaryimage"},"thumbnailUrl":"https:\/\/yuga.at\/wp-content\/uploads\/demografska-slika-austrije.jpeg","keywords":["stanovni\u0161tvo","statistika"],"articleSection":["Austrija","Vesti"],"inLanguage":"de"},{"@type":"WebPage","@id":"https:\/\/yuga.at\/najveci-demografski-pad-u-austriji-od-drugog-svetskog-rata\/","url":"https:\/\/yuga.at\/najveci-demografski-pad-u-austriji-od-drugog-svetskog-rata\/","name":"Gr\u00f6\u00dfter demografischer R\u00fcckgang in \u00d6sterreich seit dem Zweiten Weltkrieg","isPartOf":{"@id":"https:\/\/yuga.at\/#website"},"primaryImageOfPage":{"@id":"https:\/\/yuga.at\/najveci-demografski-pad-u-austriji-od-drugog-svetskog-rata\/#primaryimage"},"image":{"@id":"https:\/\/yuga.at\/najveci-demografski-pad-u-austriji-od-drugog-svetskog-rata\/#primaryimage"},"thumbnailUrl":"https:\/\/yuga.at\/wp-content\/uploads\/demografska-slika-austrije.jpeg","datePublished":"2024-06-02T13:55:24+00:00","dateModified":"2024-06-02T14:34:38+00:00","description":"\u00d6sterreich erlebte 2023 das gr\u00f6\u00dfte Geburtendefizit seit dem Zweiten Weltkrieg.","breadcrumb":{"@id":"https:\/\/yuga.at\/najveci-demografski-pad-u-austriji-od-drugog-svetskog-rata\/#breadcrumb"},"inLanguage":"de","potentialAction":[{"@type":"ReadAction","target":["https:\/\/yuga.at\/najveci-demografski-pad-u-austriji-od-drugog-svetskog-rata\/"]}]},{"@type":"ImageObject","inLanguage":"de","@id":"https:\/\/yuga.at\/najveci-demografski-pad-u-austriji-od-drugog-svetskog-rata\/#primaryimage","url":"https:\/\/yuga.at\/wp-content\/uploads\/demografska-slika-austrije.jpeg","contentUrl":"https:\/\/yuga.at\/wp-content\/uploads\/demografska-slika-austrije.jpeg","width":1400,"height":933,"caption":"demografska-slika-austrije 2024"},{"@type":"BreadcrumbList","@id":"https:\/\/yuga.at\/najveci-demografski-pad-u-austriji-od-drugog-svetskog-rata\/#breadcrumb","itemListElement":[{"@type":"ListItem","position":1,"name":"Home","item":"https:\/\/yuga.at\/"},{"@type":"ListItem","position":2,"name":"Najve\u0107i demografski pad u Austriji od Drugog svetskog rata"}]},{"@type":"WebSite","@id":"https:\/\/yuga.at\/#website","url":"https:\/\/yuga.at\/","name":"YUga.at","description":"exYU Portal","publisher":{"@id":"https:\/\/yuga.at\/#organization"},"potentialAction":[{"@type":"SearchAction","target":{"@type":"EntryPoint","urlTemplate":"https:\/\/yuga.at\/?s={search_term_string}"},"query-input":{"@type":"PropertyValueSpecification","valueRequired":true,"valueName":"search_term_string"}}],"inLanguage":"de"},{"@type":"Organization","@id":"https:\/\/yuga.at\/#organization","name":"YUga.at","url":"https:\/\/yuga.at\/","logo":{"@type":"ImageObject","inLanguage":"de","@id":"https:\/\/yuga.at\/#\/schema\/logo\/image\/","url":"https:\/\/yuga.at\/wp-content\/uploads\/yuga-logo-black-250.png","contentUrl":"https:\/\/yuga.at\/wp-content\/uploads\/yuga-logo-black-250.png","width":250,"height":143,"caption":"YUga.at"},"image":{"@id":"https:\/\/yuga.at\/#\/schema\/logo\/image\/"},"sameAs":["https:\/\/www.facebook.com\/yuga.austria","https:\/\/www.instagram.com\/yuga.at\/"]},{"@type":"Person","@id":"https:\/\/yuga.at\/#\/schema\/person\/14afd7c6aa250e7d26d59b2f1a427184","name":"Srdjan","image":{"@type":"ImageObject","inLanguage":"de","@id":"https:\/\/secure.gravatar.com\/avatar\/5b6efe7dbc2c19685b2905878731fe11236889e186ff9c7df9039e75f5680008?s=96&d=mm&r=g","url":"https:\/\/secure.gravatar.com\/avatar\/5b6efe7dbc2c19685b2905878731fe11236889e186ff9c7df9039e75f5680008?s=96&d=mm&r=g","contentUrl":"https:\/\/secure.gravatar.com\/avatar\/5b6efe7dbc2c19685b2905878731fe11236889e186ff9c7df9039e75f5680008?s=96&d=mm&r=g","caption":"Srdjan"}}]}},"taxonomy_info":{"category":[{"value":97,"label":"Austrija"},{"value":49,"label":"Vesti"}],"post_tag":[{"value":395,"label":"stanovni\u0161tvo"},{"value":394,"label":"statistika"}]},"featured_image_src_large":["https:\/\/yuga.at\/wp-content\/uploads\/demografska-slika-austrije.jpeg",798,532,false],"author_info":{"display_name":"Srdjan","author_link":"https:\/\/yuga.at\/de\/author\/srdjan\/"},"comment_info":0,"category_info":[{"term_id":97,"name":"Austrija","slug":"vesti-austrija","term_group":0,"term_taxonomy_id":97,"taxonomy":"category","description":"Vesti iz Austrije","parent":49,"count":99,"filter":"raw","cat_ID":97,"category_count":99,"category_description":"Vesti iz Austrije","cat_name":"Austrija","category_nicename":"vesti-austrija","category_parent":49},{"term_id":49,"name":"Vesti","slug":"vesti","term_group":0,"term_taxonomy_id":49,"taxonomy":"category","description":"Najnovije vesti","parent":0,"count":103,"filter":"raw","cat_ID":49,"category_count":103,"category_description":"Najnovije vesti","cat_name":"Vesti","category_nicename":"vesti","category_parent":0}],"tag_info":[{"term_id":395,"name":"stanovni\u0161tvo","slug":"stanovnistvo","term_group":0,"term_taxonomy_id":395,"taxonomy":"post_tag","description":"","parent":0,"count":2,"filter":"raw"},{"term_id":394,"name":"statistika","slug":"statistika","term_group":0,"term_taxonomy_id":394,"taxonomy":"post_tag","description":"","parent":0,"count":4,"filter":"raw"}],"_links":{"self":[{"href":"https:\/\/yuga.at\/de\/wp-json\/wp\/v2\/posts\/15435","targetHints":{"allow":["GET"]}}],"collection":[{"href":"https:\/\/yuga.at\/de\/wp-json\/wp\/v2\/posts"}],"about":[{"href":"https:\/\/yuga.at\/de\/wp-json\/wp\/v2\/types\/post"}],"author":[{"embeddable":true,"href":"https:\/\/yuga.at\/de\/wp-json\/wp\/v2\/users\/3"}],"replies":[{"embeddable":true,"href":"https:\/\/yuga.at\/de\/wp-json\/wp\/v2\/comments?post=15435"}],"version-history":[{"count":16,"href":"https:\/\/yuga.at\/de\/wp-json\/wp\/v2\/posts\/15435\/revisions"}],"predecessor-version":[{"id":15457,"href":"https:\/\/yuga.at\/de\/wp-json\/wp\/v2\/posts\/15435\/revisions\/15457"}],"wp:featuredmedia":[{"embeddable":true,"href":"https:\/\/yuga.at\/de\/wp-json\/wp\/v2\/media\/15436"}],"wp:attachment":[{"href":"https:\/\/yuga.at\/de\/wp-json\/wp\/v2\/media?parent=15435"}],"wp:term":[{"taxonomy":"category","embeddable":true,"href":"https:\/\/yuga.at\/de\/wp-json\/wp\/v2\/categories?post=15435"},{"taxonomy":"post_tag","embeddable":true,"href":"https:\/\/yuga.at\/de\/wp-json\/wp\/v2\/tags?post=15435"}],"curies":[{"name":"wp","href":"https:\/\/api.w.org\/{rel}","templated":true}]}}