{"id":16986,"date":"2025-03-29T10:01:58","date_gmt":"2025-03-29T09:01:58","guid":{"rendered":"https:\/\/yuga.at\/?p=16986"},"modified":"2025-03-29T10:02:13","modified_gmt":"2025-03-29T09:02:13","slug":"humanitarni-koncert-za-vrtic-maja-u-osojanu","status":"publish","type":"post","link":"https:\/\/yuga.at\/de\/humanitarni-koncert-za-vrtic-maja-u-osojanu\/","title":{"rendered":"Benefizkonzert f\u00fcr den Kindergarten \u201eMaja\u201c in Osojane"},"content":{"rendered":"<p>Am 23. M\u00e4rz 2025 fand in Wien ein Benefizkonzert statt, das vom SPKD \u201eProsvjeta\u201c \u00d6sterreich organisiert wurde. Das Konzert zeigte einmal mehr, wie bereit die Menschen sind, denen zu helfen, die es am dringendsten brauchen. Bei dieser Veranstaltung im Albert Hall wurden <strong>3.500 Euro<\/strong> gesammelt, um die Bauarbeiten am Kindergarten \u201eMaja\u201c im Dorf Osojane im Kosovo und Metochien abzuschlie\u00dfen.<\/p>\n\n\n\n<p>Der Kindergarten \u201eMaja\u201c ist ein Ort der Hoffnung und des \u00dcberlebens f\u00fcr serbische Kinder in Metochien, denn Osojane ist einer der wenigen Orte, an denen Kinder weiterhin auf ihrem angestammten Boden leben und aufwachsen. Ziel des Benefizkonzerts war es, Mittel f\u00fcr die Abschlussarbeiten, die Ausstattung und die Einrichtung des Kindergartens zu sichern, damit die j\u00fcngsten Kinder bald eine sichere Umgebung zum Spielen und Lernen haben.<\/p>\n\n\n\n<hr class=\"wp-block-separator has-alpha-channel-opacity\"\/>\n\n\n\n<h2 class=\"wp-block-heading\" id=\"vece-puno-emocija\">Ein Abend voller Emotionen und Zusammenhalt<\/h2>\n\n\n\n<p>Vor mehr als zweihundert Menschen und Kindern mit gro\u00dfem Herzen er\u00f6ffnete der Kleine Kinderchor von Prosvjeta das Konzert, gefolgt von zahlreichen K\u00fcnstlern und Musikern. Das Publikum war begeistert von den Darbietungen des Cellisten Milo\u0161 Stosiek, der Harfenistin Tara Stojanovi\u0107, den Fl\u00f6tistinnen Tijana Krulj Gaji\u0107 und Milena Puri\u0107 sowie dem Akkordeonmeister Igor Filipovi\u0107. Den H\u00f6hepunkt des Abends bildete der Auftritt der S\u00e4ngerin Vanja Toscano in Begleitung des Serbischen Akademischen Ensembles.<\/p>\n\n\n\n<p>Einen besonderen Beitrag leisteten auch die Sch\u00fclerinnen der Prosvjetas Sprachschule, Lena Spasi\u0107 und Helena Savi\u010di\u0107, die patriotische Gedichte vortrugen. Auch die j\u00fcngsten Teilnehmer, die gemeinsam mit ihren Lehrern Zeichnungen, Bilder und Handarbeiten vorbereitet hatten, beteiligten sich aktiv an der Sammlung von Spenden f\u00fcr ihre Altersgenossen im Kosovo und Metochien.<\/p>\n\n\n\n<hr class=\"wp-block-separator has-alpha-channel-opacity\"\/>\n\n\n\n<h2 class=\"wp-block-heading\" id=\"prikupljanje-sredstava\">Die Spendenaktion geht online weiter<\/h2>\n\n\n\n<p>Das Konzert war ein gro\u00dfer Erfolg, doch der Einsatz f\u00fcr die Zukunft der Kinder in Osojane geht weiter. Aufgrund des gro\u00dfen Interesses und der Unterst\u00fctzung vieler, die nicht am Konzert teilnehmen konnten, hat Prosvjeta beschlossen, die M\u00f6glichkeit zur Online-Spende anzubieten.<\/p>\n\n\n\n<p>Wir laden alle Menschen guten Willens ein, ihren Beitrag zur Fertigstellung und Ausstattung des Kindergartens \u201eMaja\u201c zu leisten. Jede Spende, egal wie klein, hilft dabei, den Kindern einen sicheren und warmen Ort zum Spielen und Lernen zu bieten.<\/p>\n\n\n\n<h2 class=\"wp-block-heading\" id=\"kako-donirati\">Wie Sie spenden k\u00f6nnen:<\/h2>\n\n\n\n<p>\ud83d\udccd Bankverbindung:<br>Name: SPKD Prosvjeta Austrija<br>IBAN: AT70 2011 1296 1733 5600<br>BIC: GIBAATWWXXX<br>Verwendungszweck: Spende f\u00fcr Kindergarten Maja<\/p>\n\n\n\n<p>\ud83d\udccd PayPal:<br><a href=\"https:\/\/www.paypal.com\/donate\/?business=paypal@prosvjeta.at\" target=\"_blank\" rel=\"noreferrer noopener\"><mark style=\"background-color:rgba(0, 0, 0, 0)\" class=\"has-inline-color has-vivid-red-color\">Hier klicken, um \u00fcber PayPal zu spenden<\/mark><\/a><\/p>\n\n\n\n<p>Seien wir solidarisch und unterst\u00fctzen wir die Kinder aus Osojane!\nEin herzliches Dankesch\u00f6n an alle, die bereits gespendet haben, und an diejenigen, die sich noch beteiligen werden. Gemeinsam k\u00f6nnen wir viel erreichen!<\/p>\n\n\n\n<hr class=\"wp-block-separator aligncenter has-alpha-channel-opacity\"\/>\n\n\n\n<p>Lesen Sie noch: <a href=\"https:\/\/yuga.at\/de\/prosvjeta-eroffnete-neue-serbische-schulen-in-ganz-osterreich\/\"><mark style=\"background-color:rgba(0, 0, 0, 0)\" class=\"has-inline-color has-vivid-red-color\">Prosvjetas Sprachschulen in \u00d6sterreich<\/mark><\/a><\/p>\n\n\n\n<p><\/p>","protected":false},"excerpt":{"rendered":"<p>Humanitarni koncert odr\u017ean 23. marta 2025. godine u Be\u010du, u organizaciji SPKD \u201eProsvjeta\u201c Austrija, pokazao je jo\u0161 jednom koliko su ljudi spremni da pomognu&#8230;<\/p>","protected":false},"author":3,"featured_media":16988,"comment_status":"closed","ping_status":"closed","sticky":false,"template":"","format":"standard","meta":{"_acf_changed":false,"_kad_blocks_custom_css":"","_kad_blocks_head_custom_js":"","_kad_blocks_body_custom_js":"","_kad_blocks_footer_custom_js":"","footnotes":""},"categories":[97,49],"tags":[778,777,393],"class_list":["post-16986","post","type-post","status-publish","format-standard","has-post-thumbnail","hentry","category-vesti-austrija","category-vesti","tag-donacija","tag-humanitarni-koncert","tag-pomoc","entry","category-97","category-49"],"acf":[],"yoast_head":"<!-- This site is optimized with the Yoast SEO plugin v27.3 - https:\/\/yoast.com\/product\/yoast-seo-wordpress\/ -->\n<title>Humanitarni koncert za vrti\u0107 \u201eMaja\u201c u Osojanu<\/title>\n<meta name=\"description\" content=\"Prosvjeta je organizovala humanitarni koncert u Be\u010du i sakupila 3.500 evra za vrti\u0107 \u201eMaja\u201c u Osojanu na Kosovu i Metohiji. Pridru\u017eite se i donirajte online!\" \/>\n<meta name=\"robots\" content=\"index, follow, max-snippet:-1, max-image-preview:large, max-video-preview:-1\" \/>\n<link rel=\"canonical\" href=\"https:\/\/yuga.at\/de\/humanitarni-koncert-za-vrtic-maja-u-osojanu\/\" \/>\n<meta property=\"og:locale\" content=\"de_DE\" \/>\n<meta property=\"og:type\" content=\"article\" \/>\n<meta property=\"og:title\" content=\"Humanitarni koncert za vrti\u0107 \u201eMaja\u201c u Osojanu\" \/>\n<meta property=\"og:description\" content=\"Prosvjeta je organizovala humanitarni koncert u Be\u010du i sakupila 3.500 evra za vrti\u0107 \u201eMaja\u201c u Osojanu na Kosovu i Metohiji. Pridru\u017eite se i donirajte online!\" \/>\n<meta property=\"og:url\" content=\"https:\/\/yuga.at\/de\/humanitarni-koncert-za-vrtic-maja-u-osojanu\/\" \/>\n<meta property=\"og:site_name\" content=\"YUga.at\" \/>\n<meta property=\"article:publisher\" content=\"https:\/\/www.facebook.com\/yuga.austria\" \/>\n<meta property=\"article:published_time\" content=\"2025-03-29T09:01:58+00:00\" \/>\n<meta property=\"article:modified_time\" content=\"2025-03-29T09:02:13+00:00\" \/>\n<meta property=\"og:image\" content=\"https:\/\/yuga.at\/wp-content\/uploads\/humanitarni-koncert-prosvjete.jpg\" \/>\n\t<meta property=\"og:image:width\" content=\"1600\" \/>\n\t<meta property=\"og:image:height\" content=\"917\" \/>\n\t<meta property=\"og:image:type\" content=\"image\/jpeg\" \/>\n<meta name=\"author\" content=\"Srdjan\" \/>\n<meta name=\"twitter:card\" content=\"summary_large_image\" \/>\n<meta name=\"twitter:label1\" content=\"Verfasst von\" \/>\n\t<meta name=\"twitter:data1\" content=\"Srdjan\" \/>\n\t<meta name=\"twitter:label2\" content=\"Gesch\u00e4tzte Lesezeit\" \/>\n\t<meta name=\"twitter:data2\" content=\"2\u00a0Minuten\" \/>\n<script type=\"application\/ld+json\" class=\"yoast-schema-graph\">{\"@context\":\"https:\\\/\\\/schema.org\",\"@graph\":[{\"@type\":\"Article\",\"@id\":\"https:\\\/\\\/yuga.at\\\/humanitarni-koncert-za-vrtic-maja-u-osojanu\\\/#article\",\"isPartOf\":{\"@id\":\"https:\\\/\\\/yuga.at\\\/humanitarni-koncert-za-vrtic-maja-u-osojanu\\\/\"},\"author\":{\"name\":\"Srdjan\",\"@id\":\"https:\\\/\\\/yuga.at\\\/#\\\/schema\\\/person\\\/14afd7c6aa250e7d26d59b2f1a427184\"},\"headline\":\"Humanitarni koncert za vrti\u0107 \u201eMaja\u201c u Osojanu\",\"datePublished\":\"2025-03-29T09:01:58+00:00\",\"dateModified\":\"2025-03-29T09:02:13+00:00\",\"mainEntityOfPage\":{\"@id\":\"https:\\\/\\\/yuga.at\\\/humanitarni-koncert-za-vrtic-maja-u-osojanu\\\/\"},\"wordCount\":392,\"publisher\":{\"@id\":\"https:\\\/\\\/yuga.at\\\/#organization\"},\"image\":{\"@id\":\"https:\\\/\\\/yuga.at\\\/humanitarni-koncert-za-vrtic-maja-u-osojanu\\\/#primaryimage\"},\"thumbnailUrl\":\"https:\\\/\\\/yuga.at\\\/wp-content\\\/uploads\\\/humanitarni-koncert-prosvjete.jpg\",\"keywords\":[\"donacija\",\"humanitarni koncert\",\"pomo\u0107\"],\"articleSection\":[\"Austrija\",\"Vesti\"],\"inLanguage\":\"de\"},{\"@type\":\"WebPage\",\"@id\":\"https:\\\/\\\/yuga.at\\\/humanitarni-koncert-za-vrtic-maja-u-osojanu\\\/\",\"url\":\"https:\\\/\\\/yuga.at\\\/humanitarni-koncert-za-vrtic-maja-u-osojanu\\\/\",\"name\":\"Humanitarni koncert za vrti\u0107 \u201eMaja\u201c u Osojanu\",\"isPartOf\":{\"@id\":\"https:\\\/\\\/yuga.at\\\/#website\"},\"primaryImageOfPage\":{\"@id\":\"https:\\\/\\\/yuga.at\\\/humanitarni-koncert-za-vrtic-maja-u-osojanu\\\/#primaryimage\"},\"image\":{\"@id\":\"https:\\\/\\\/yuga.at\\\/humanitarni-koncert-za-vrtic-maja-u-osojanu\\\/#primaryimage\"},\"thumbnailUrl\":\"https:\\\/\\\/yuga.at\\\/wp-content\\\/uploads\\\/humanitarni-koncert-prosvjete.jpg\",\"datePublished\":\"2025-03-29T09:01:58+00:00\",\"dateModified\":\"2025-03-29T09:02:13+00:00\",\"description\":\"Prosvjeta je organizovala humanitarni koncert u Be\u010du i sakupila 3.500 evra za vrti\u0107 \u201eMaja\u201c u Osojanu na Kosovu i Metohiji. Pridru\u017eite se i donirajte online!\",\"breadcrumb\":{\"@id\":\"https:\\\/\\\/yuga.at\\\/humanitarni-koncert-za-vrtic-maja-u-osojanu\\\/#breadcrumb\"},\"inLanguage\":\"de\",\"potentialAction\":[{\"@type\":\"ReadAction\",\"target\":[\"https:\\\/\\\/yuga.at\\\/humanitarni-koncert-za-vrtic-maja-u-osojanu\\\/\"]}]},{\"@type\":\"ImageObject\",\"inLanguage\":\"de\",\"@id\":\"https:\\\/\\\/yuga.at\\\/humanitarni-koncert-za-vrtic-maja-u-osojanu\\\/#primaryimage\",\"url\":\"https:\\\/\\\/yuga.at\\\/wp-content\\\/uploads\\\/humanitarni-koncert-prosvjete.jpg\",\"contentUrl\":\"https:\\\/\\\/yuga.at\\\/wp-content\\\/uploads\\\/humanitarni-koncert-prosvjete.jpg\",\"width\":1600,\"height\":917,\"caption\":\"Prosvjetion humanitarni koncert za vrti\u0107 Maja - Osojane\"},{\"@type\":\"BreadcrumbList\",\"@id\":\"https:\\\/\\\/yuga.at\\\/humanitarni-koncert-za-vrtic-maja-u-osojanu\\\/#breadcrumb\",\"itemListElement\":[{\"@type\":\"ListItem\",\"position\":1,\"name\":\"Home\",\"item\":\"https:\\\/\\\/yuga.at\\\/\"},{\"@type\":\"ListItem\",\"position\":2,\"name\":\"Humanitarni koncert za vrti\u0107 \u201eMaja\u201c u Osojanu\"}]},{\"@type\":\"WebSite\",\"@id\":\"https:\\\/\\\/yuga.at\\\/#website\",\"url\":\"https:\\\/\\\/yuga.at\\\/\",\"name\":\"YUga.at\",\"description\":\"exYU Portal\",\"publisher\":{\"@id\":\"https:\\\/\\\/yuga.at\\\/#organization\"},\"potentialAction\":[{\"@type\":\"SearchAction\",\"target\":{\"@type\":\"EntryPoint\",\"urlTemplate\":\"https:\\\/\\\/yuga.at\\\/?s={search_term_string}\"},\"query-input\":{\"@type\":\"PropertyValueSpecification\",\"valueRequired\":true,\"valueName\":\"search_term_string\"}}],\"inLanguage\":\"de\"},{\"@type\":\"Organization\",\"@id\":\"https:\\\/\\\/yuga.at\\\/#organization\",\"name\":\"YUga.at\",\"url\":\"https:\\\/\\\/yuga.at\\\/\",\"logo\":{\"@type\":\"ImageObject\",\"inLanguage\":\"de\",\"@id\":\"https:\\\/\\\/yuga.at\\\/#\\\/schema\\\/logo\\\/image\\\/\",\"url\":\"https:\\\/\\\/yuga.at\\\/wp-content\\\/uploads\\\/yuga-logo-black-250.png\",\"contentUrl\":\"https:\\\/\\\/yuga.at\\\/wp-content\\\/uploads\\\/yuga-logo-black-250.png\",\"width\":250,\"height\":143,\"caption\":\"YUga.at\"},\"image\":{\"@id\":\"https:\\\/\\\/yuga.at\\\/#\\\/schema\\\/logo\\\/image\\\/\"},\"sameAs\":[\"https:\\\/\\\/www.facebook.com\\\/yuga.austria\",\"https:\\\/\\\/www.instagram.com\\\/yuga.at\\\/\"]},{\"@type\":\"Person\",\"@id\":\"https:\\\/\\\/yuga.at\\\/#\\\/schema\\\/person\\\/14afd7c6aa250e7d26d59b2f1a427184\",\"name\":\"Srdjan\",\"image\":{\"@type\":\"ImageObject\",\"inLanguage\":\"de\",\"@id\":\"https:\\\/\\\/secure.gravatar.com\\\/avatar\\\/5b6efe7dbc2c19685b2905878731fe11236889e186ff9c7df9039e75f5680008?s=96&d=mm&r=g\",\"url\":\"https:\\\/\\\/secure.gravatar.com\\\/avatar\\\/5b6efe7dbc2c19685b2905878731fe11236889e186ff9c7df9039e75f5680008?s=96&d=mm&r=g\",\"contentUrl\":\"https:\\\/\\\/secure.gravatar.com\\\/avatar\\\/5b6efe7dbc2c19685b2905878731fe11236889e186ff9c7df9039e75f5680008?s=96&d=mm&r=g\",\"caption\":\"Srdjan\"}}]}<\/script>\n<!-- \/ Yoast SEO plugin. -->","yoast_head_json":{"title":"Benefizkonzert f\u00fcr den Kindergarten \u201eMaja\u201c in Osojane","description":"Prosvjeta je organizovala humanitarni koncert u Be\u010du i sakupila 3.500 evra za vrti\u0107 \u201eMaja\u201c u Osojanu na Kosovu i Metohiji. Pridru\u017eite se i donirajte online!","robots":{"index":"index","follow":"follow","max-snippet":"max-snippet:-1","max-image-preview":"max-image-preview:large","max-video-preview":"max-video-preview:-1"},"canonical":"https:\/\/yuga.at\/de\/humanitarni-koncert-za-vrtic-maja-u-osojanu\/","og_locale":"de_DE","og_type":"article","og_title":"Humanitarni koncert za vrti\u0107 \u201eMaja\u201c u Osojanu","og_description":"Prosvjeta je organizovala humanitarni koncert u Be\u010du i sakupila 3.500 evra za vrti\u0107 \u201eMaja\u201c u Osojanu na Kosovu i Metohiji. Pridru\u017eite se i donirajte online!","og_url":"https:\/\/yuga.at\/de\/humanitarni-koncert-za-vrtic-maja-u-osojanu\/","og_site_name":"YUga.at","article_publisher":"https:\/\/www.facebook.com\/yuga.austria","article_published_time":"2025-03-29T09:01:58+00:00","article_modified_time":"2025-03-29T09:02:13+00:00","og_image":[{"width":1600,"height":917,"url":"https:\/\/yuga.at\/wp-content\/uploads\/humanitarni-koncert-prosvjete.jpg","type":"image\/jpeg"}],"author":"Srdjan","twitter_card":"summary_large_image","twitter_misc":{"Verfasst von":"Srdjan","Gesch\u00e4tzte Lesezeit":"2\u00a0Minuten"},"schema":{"@context":"https:\/\/schema.org","@graph":[{"@type":"Article","@id":"https:\/\/yuga.at\/humanitarni-koncert-za-vrtic-maja-u-osojanu\/#article","isPartOf":{"@id":"https:\/\/yuga.at\/humanitarni-koncert-za-vrtic-maja-u-osojanu\/"},"author":{"name":"Srdjan","@id":"https:\/\/yuga.at\/#\/schema\/person\/14afd7c6aa250e7d26d59b2f1a427184"},"headline":"Humanitarni koncert za vrti\u0107 \u201eMaja\u201c u Osojanu","datePublished":"2025-03-29T09:01:58+00:00","dateModified":"2025-03-29T09:02:13+00:00","mainEntityOfPage":{"@id":"https:\/\/yuga.at\/humanitarni-koncert-za-vrtic-maja-u-osojanu\/"},"wordCount":392,"publisher":{"@id":"https:\/\/yuga.at\/#organization"},"image":{"@id":"https:\/\/yuga.at\/humanitarni-koncert-za-vrtic-maja-u-osojanu\/#primaryimage"},"thumbnailUrl":"https:\/\/yuga.at\/wp-content\/uploads\/humanitarni-koncert-prosvjete.jpg","keywords":["donacija","humanitarni koncert","pomo\u0107"],"articleSection":["Austrija","Vesti"],"inLanguage":"de"},{"@type":"WebPage","@id":"https:\/\/yuga.at\/humanitarni-koncert-za-vrtic-maja-u-osojanu\/","url":"https:\/\/yuga.at\/humanitarni-koncert-za-vrtic-maja-u-osojanu\/","name":"Benefizkonzert f\u00fcr den Kindergarten \u201eMaja\u201c in Osojane","isPartOf":{"@id":"https:\/\/yuga.at\/#website"},"primaryImageOfPage":{"@id":"https:\/\/yuga.at\/humanitarni-koncert-za-vrtic-maja-u-osojanu\/#primaryimage"},"image":{"@id":"https:\/\/yuga.at\/humanitarni-koncert-za-vrtic-maja-u-osojanu\/#primaryimage"},"thumbnailUrl":"https:\/\/yuga.at\/wp-content\/uploads\/humanitarni-koncert-prosvjete.jpg","datePublished":"2025-03-29T09:01:58+00:00","dateModified":"2025-03-29T09:02:13+00:00","description":"Prosvjeta je organizovala humanitarni koncert u Be\u010du i sakupila 3.500 evra za vrti\u0107 \u201eMaja\u201c u Osojanu na Kosovu i Metohiji. Pridru\u017eite se i donirajte online!","breadcrumb":{"@id":"https:\/\/yuga.at\/humanitarni-koncert-za-vrtic-maja-u-osojanu\/#breadcrumb"},"inLanguage":"de","potentialAction":[{"@type":"ReadAction","target":["https:\/\/yuga.at\/humanitarni-koncert-za-vrtic-maja-u-osojanu\/"]}]},{"@type":"ImageObject","inLanguage":"de","@id":"https:\/\/yuga.at\/humanitarni-koncert-za-vrtic-maja-u-osojanu\/#primaryimage","url":"https:\/\/yuga.at\/wp-content\/uploads\/humanitarni-koncert-prosvjete.jpg","contentUrl":"https:\/\/yuga.at\/wp-content\/uploads\/humanitarni-koncert-prosvjete.jpg","width":1600,"height":917,"caption":"Prosvjetion humanitarni koncert za vrti\u0107 Maja - Osojane"},{"@type":"BreadcrumbList","@id":"https:\/\/yuga.at\/humanitarni-koncert-za-vrtic-maja-u-osojanu\/#breadcrumb","itemListElement":[{"@type":"ListItem","position":1,"name":"Home","item":"https:\/\/yuga.at\/"},{"@type":"ListItem","position":2,"name":"Humanitarni koncert za vrti\u0107 \u201eMaja\u201c u Osojanu"}]},{"@type":"WebSite","@id":"https:\/\/yuga.at\/#website","url":"https:\/\/yuga.at\/","name":"YUga.at","description":"exYU Portal","publisher":{"@id":"https:\/\/yuga.at\/#organization"},"potentialAction":[{"@type":"SearchAction","target":{"@type":"EntryPoint","urlTemplate":"https:\/\/yuga.at\/?s={search_term_string}"},"query-input":{"@type":"PropertyValueSpecification","valueRequired":true,"valueName":"search_term_string"}}],"inLanguage":"de"},{"@type":"Organization","@id":"https:\/\/yuga.at\/#organization","name":"YUga.at","url":"https:\/\/yuga.at\/","logo":{"@type":"ImageObject","inLanguage":"de","@id":"https:\/\/yuga.at\/#\/schema\/logo\/image\/","url":"https:\/\/yuga.at\/wp-content\/uploads\/yuga-logo-black-250.png","contentUrl":"https:\/\/yuga.at\/wp-content\/uploads\/yuga-logo-black-250.png","width":250,"height":143,"caption":"YUga.at"},"image":{"@id":"https:\/\/yuga.at\/#\/schema\/logo\/image\/"},"sameAs":["https:\/\/www.facebook.com\/yuga.austria","https:\/\/www.instagram.com\/yuga.at\/"]},{"@type":"Person","@id":"https:\/\/yuga.at\/#\/schema\/person\/14afd7c6aa250e7d26d59b2f1a427184","name":"Srdjan","image":{"@type":"ImageObject","inLanguage":"de","@id":"https:\/\/secure.gravatar.com\/avatar\/5b6efe7dbc2c19685b2905878731fe11236889e186ff9c7df9039e75f5680008?s=96&d=mm&r=g","url":"https:\/\/secure.gravatar.com\/avatar\/5b6efe7dbc2c19685b2905878731fe11236889e186ff9c7df9039e75f5680008?s=96&d=mm&r=g","contentUrl":"https:\/\/secure.gravatar.com\/avatar\/5b6efe7dbc2c19685b2905878731fe11236889e186ff9c7df9039e75f5680008?s=96&d=mm&r=g","caption":"Srdjan"}}]}},"taxonomy_info":{"category":[{"value":97,"label":"Austrija"},{"value":49,"label":"Vesti"}],"post_tag":[{"value":778,"label":"donacija"},{"value":777,"label":"humanitarni koncert"},{"value":393,"label":"pomo\u0107"}]},"featured_image_src_large":["https:\/\/yuga.at\/wp-content\/uploads\/humanitarni-koncert-prosvjete-1404x805.jpg",798,458,true],"author_info":{"display_name":"Srdjan","author_link":"https:\/\/yuga.at\/de\/author\/srdjan\/"},"comment_info":0,"category_info":[{"term_id":97,"name":"Austrija","slug":"vesti-austrija","term_group":0,"term_taxonomy_id":97,"taxonomy":"category","description":"Vesti iz Austrije","parent":49,"count":99,"filter":"raw","cat_ID":97,"category_count":99,"category_description":"Vesti iz Austrije","cat_name":"Austrija","category_nicename":"vesti-austrija","category_parent":49},{"term_id":49,"name":"Vesti","slug":"vesti","term_group":0,"term_taxonomy_id":49,"taxonomy":"category","description":"Najnovije vesti","parent":0,"count":103,"filter":"raw","cat_ID":49,"category_count":103,"category_description":"Najnovije vesti","cat_name":"Vesti","category_nicename":"vesti","category_parent":0}],"tag_info":[{"term_id":778,"name":"donacija","slug":"donacija","term_group":0,"term_taxonomy_id":778,"taxonomy":"post_tag","description":"","parent":0,"count":1,"filter":"raw"},{"term_id":777,"name":"humanitarni koncert","slug":"humanitarni-koncert","term_group":0,"term_taxonomy_id":777,"taxonomy":"post_tag","description":"","parent":0,"count":1,"filter":"raw"},{"term_id":393,"name":"pomo\u0107","slug":"pomoc","term_group":0,"term_taxonomy_id":393,"taxonomy":"post_tag","description":"","parent":0,"count":9,"filter":"raw"}],"_links":{"self":[{"href":"https:\/\/yuga.at\/de\/wp-json\/wp\/v2\/posts\/16986","targetHints":{"allow":["GET"]}}],"collection":[{"href":"https:\/\/yuga.at\/de\/wp-json\/wp\/v2\/posts"}],"about":[{"href":"https:\/\/yuga.at\/de\/wp-json\/wp\/v2\/types\/post"}],"author":[{"embeddable":true,"href":"https:\/\/yuga.at\/de\/wp-json\/wp\/v2\/users\/3"}],"replies":[{"embeddable":true,"href":"https:\/\/yuga.at\/de\/wp-json\/wp\/v2\/comments?post=16986"}],"version-history":[{"count":3,"href":"https:\/\/yuga.at\/de\/wp-json\/wp\/v2\/posts\/16986\/revisions"}],"predecessor-version":[{"id":16990,"href":"https:\/\/yuga.at\/de\/wp-json\/wp\/v2\/posts\/16986\/revisions\/16990"}],"wp:featuredmedia":[{"embeddable":true,"href":"https:\/\/yuga.at\/de\/wp-json\/wp\/v2\/media\/16988"}],"wp:attachment":[{"href":"https:\/\/yuga.at\/de\/wp-json\/wp\/v2\/media?parent=16986"}],"wp:term":[{"taxonomy":"category","embeddable":true,"href":"https:\/\/yuga.at\/de\/wp-json\/wp\/v2\/categories?post=16986"},{"taxonomy":"post_tag","embeddable":true,"href":"https:\/\/yuga.at\/de\/wp-json\/wp\/v2\/tags?post=16986"}],"curies":[{"name":"wp","href":"https:\/\/api.w.org\/{rel}","templated":true}]}}