{"id":17196,"date":"2025-05-07T13:01:37","date_gmt":"2025-05-07T11:01:37","guid":{"rendered":"https:\/\/yuga.at\/?p=17196"},"modified":"2025-05-07T13:01:39","modified_gmt":"2025-05-07T11:01:39","slug":"pfandsammler-in-wien","status":"publish","type":"post","link":"https:\/\/yuga.at\/de\/sakupljaci-ambalaze-u-becu\/","title":{"rendered":"Pfandsammler in Wien"},"content":{"rendered":"<p>Seit dem 1. Januar 2025 gilt in \u00d6sterreich ein neues Pfandsystem (<em>Einwegpfand<\/em>), das zu gro\u00dfen Ver\u00e4nderungen im Alltag gef\u00fchrt hat \u2013 besonders sichtbar durch das vermehrte Auftreten von Pfandsammlern auf den Stra\u00dfen Wiens.<\/p>\n\n\n\n<h2 class=\"wp-block-heading\" id=\"nova-pravila\">Was wurde eingef\u00fchrt?<\/h2>\n\n\n\n<p>F\u00fcr jede Plastikflasche oder Getr\u00e4nkedose wird nun ein zus\u00e4tzlicher Betrag von 25 Cent erhoben. Dieser Betrag wird zur\u00fcckerstattet, wenn die Verpackung in einem gr\u00f6\u00dferen Gesch\u00e4ft zur\u00fcckgegeben wird. Das System soll die Recyclingquote erh\u00f6hen und Umweltverschmutzung reduzieren \u2013 hat aber auch einige unerwartete Auswirkungen gezeigt.<\/p>\n\n\n\n<h2 class=\"wp-block-heading\" id=\"sakupljaci-ambalaze\">Aufkommen der Pfandsammler<\/h2>\n\n\n\n<p>Immer mehr Menschen \u2013 besonders jene in schwieriger finanzieller Lage \u2013 sammeln nun leere Verpackungen aus M\u00fclltonnen und \u00f6ffentlichen Bereichen. Viele B\u00fcrger werfen ihre Flaschen und Dosen noch immer weg, ohne zu wissen, dass sie Geld wert sind. Pfandsammler haben diese Gelegenheit schnell erkannt und nutzen sie zur Aufbesserung ihres Einkommens.<\/p>\n\n\n\n<p>W\u00e4hrend die meisten Pfandsammler zwischen 60 und 100 Euro pro Woche verdienen, gibt es Berichte \u00fcber Personen, die an einem einzigen Tag bis zu 100 Euro einnehmen \u2013 vor allem in belebten Stadtteilen oder bei Gro\u00dfveranstaltungen.<\/p>\n\n\n\n<h2 class=\"wp-block-heading\" id=\"da-li-je-legalno\">Ist das \u00fcberhaupt erlaubt?<\/h2>\n\n\n\n<p>Rein rechtlich ist das Entnehmen von Verpackungen aus \u00f6ffentlichen M\u00fclleimern nicht gestattet. Die Wiener M\u00fcllabfuhr MA 48 toleriert es derzeit jedoch, solange kein M\u00fcll verstreut wird und die \u00f6ffentliche Ordnung nicht gest\u00f6rt ist.<\/p>\n\n\n\n<p>Bis Ende April 2025 wurden in \u00d6sterreich bereits \u00fcber 100 Millionen Flaschen und Dosen zur\u00fcckgegeben. Man rechnet damit, dass bis Jahresende eine R\u00fccklaufquote von 80\u202f% erreicht wird.<\/p>\n\n\n\n<h2 class=\"wp-block-heading\" id=\"kako-prepoznati-ambalazu\">Wie erkennt man pfandpflichtige Verpackung?<\/h2>\n\n\n\n<p>Pfandpflichtige Flaschen und Dosen sind mit einem speziellen Symbol oberhalb des Barcodes gekennzeichnet. Sie k\u00f6nnen in Gesch\u00e4ften mit R\u00fccknahmeautomaten (wie Billa, Hofer, Spar usw.) zur\u00fcckgegeben werden. <\/p>\n\n\n<div class=\"wp-block-image\"><div class=\"copyright-image-large\" style=\"position: relative\">\n<figure class=\"aligncenter size-full\"><img loading=\"lazy\" decoding=\"async\" width=\"400\" height=\"300\" src=\"https:\/\/yuga.at\/wp-content\/uploads\/logo-za-kauciju.jpg\" alt=\"Ambala\u017ea sa kaucijom\" class=\"wp-image-16352\" srcset=\"https:\/\/yuga.at\/wp-content\/uploads\/logo-za-kauciju.jpg 400w, https:\/\/yuga.at\/wp-content\/uploads\/logo-za-kauciju-16x12.jpg 16w, https:\/\/yuga.at\/wp-content\/uploads\/logo-za-kauciju-50x38.jpg 50w\" sizes=\"auto, (max-width: 400px) 100vw, 400px\" \/><\/figure>\n<div class=\"featured-image-copyright\"><\/div><\/div><\/div>\n\n\n<p><strong>Fazit: <\/strong>Pfandverpackungen mit Zukunft\nDas neue System ist ein klarer Erfolg im Kampf gegen Umweltverschmutzung, hat aber gleichzeitig eine neue M\u00f6glichkeit des \u201eZusatzeinkommens\u201c geschaffen \u2013 f\u00fcr alle, die bereit sind, ein wenig M\u00fche zu investieren. Wenn Sie Ihre Flasche nicht mehr brauchen, werfen Sie sie nicht weg. Geben Sie sie lieber jemandem, dem sie 25 Cent wert ist, oder bringen Sie sie selbst zur\u00fcck und helfen Sie beim Recyclen.<\/p>\n\n\n\n<hr class=\"wp-block-separator aligncenter has-alpha-channel-opacity\"\/>\n\n\n\n<p>Lesen Sie noch: <a href=\"https:\/\/yuga.at\/de\/neue-regeln-fur-flaschen-und-dosen-pfand-kommt-2025\/\"><mark style=\"background-color:rgba(0, 0, 0, 0)\" class=\"has-inline-color has-vivid-red-color\">Neue Regeln f\u00fcr Flaschen und Dosen: Pfand kommt 2025<\/mark><\/a><\/p>\n\n\n\n<p><\/p>","protected":false},"excerpt":{"rendered":"<p>Od 1. januara 2025. godine u Austriji je stupio na snagu novi sistem povratne naknade za jednokratnu ambala\u017eu (Einwegpfand), \u0161to je izazvalo velike promene&#8230;<\/p>","protected":false},"author":3,"featured_media":17197,"comment_status":"closed","ping_status":"closed","sticky":false,"template":"","format":"standard","meta":{"_acf_changed":false,"_kad_blocks_custom_css":"","_kad_blocks_head_custom_js":"","_kad_blocks_body_custom_js":"","_kad_blocks_footer_custom_js":"","footnotes":""},"categories":[97,148,49],"tags":[764,83],"class_list":["post-17196","post","type-post","status-publish","format-standard","has-post-thumbnail","hentry","category-vesti-austrija","category-drustvo","category-vesti","tag-ekologija","tag-zakon","entry","category-97","category-148","category-49"],"acf":[],"yoast_head":"<!-- This site is optimized with the Yoast SEO plugin v27.3 - https:\/\/yoast.com\/product\/yoast-seo-wordpress\/ -->\n<title>Sakuplja\u010di ambala\u017ee u Be\u010du<\/title>\n<meta name=\"description\" content=\"U Be\u010du je od 2025. uveden sistem povratne naknade za fla\u0161e i limenke, a sve \u010de\u0161\u0107e vi\u0111amo sakuplja\u010de ambala\u017ee koji na taj na\u010din dolaze do dodatne zarade.\" \/>\n<meta name=\"robots\" content=\"index, follow, max-snippet:-1, max-image-preview:large, max-video-preview:-1\" \/>\n<link rel=\"canonical\" href=\"https:\/\/yuga.at\/de\/pfandsammler-in-wien\/\" \/>\n<meta property=\"og:locale\" content=\"de_DE\" \/>\n<meta property=\"og:type\" content=\"article\" \/>\n<meta property=\"og:title\" content=\"Sakuplja\u010di ambala\u017ee u Be\u010du\" \/>\n<meta property=\"og:description\" content=\"U Be\u010du je od 2025. uveden sistem povratne naknade za fla\u0161e i limenke, a sve \u010de\u0161\u0107e vi\u0111amo sakuplja\u010de ambala\u017ee koji na taj na\u010din dolaze do dodatne zarade.\" \/>\n<meta property=\"og:url\" content=\"https:\/\/yuga.at\/de\/pfandsammler-in-wien\/\" \/>\n<meta property=\"og:site_name\" content=\"YUga.at\" \/>\n<meta property=\"article:publisher\" content=\"https:\/\/www.facebook.com\/yuga.austria\" \/>\n<meta property=\"article:published_time\" content=\"2025-05-07T11:01:37+00:00\" \/>\n<meta property=\"article:modified_time\" content=\"2025-05-07T11:01:39+00:00\" \/>\n<meta property=\"og:image\" content=\"https:\/\/yuga.at\/wp-content\/uploads\/sakupljaci-ambalaze-u-becu.jpg\" \/>\n\t<meta property=\"og:image:width\" content=\"1400\" \/>\n\t<meta property=\"og:image:height\" content=\"933\" \/>\n\t<meta property=\"og:image:type\" content=\"image\/jpeg\" \/>\n<meta name=\"author\" content=\"Srdjan\" \/>\n<meta name=\"twitter:card\" content=\"summary_large_image\" \/>\n<meta name=\"twitter:label1\" content=\"Verfasst von\" \/>\n\t<meta name=\"twitter:data1\" content=\"Srdjan\" \/>\n\t<meta name=\"twitter:label2\" content=\"Gesch\u00e4tzte Lesezeit\" \/>\n\t<meta name=\"twitter:data2\" content=\"2\u00a0Minuten\" \/>\n<script type=\"application\/ld+json\" class=\"yoast-schema-graph\">{\"@context\":\"https:\\\/\\\/schema.org\",\"@graph\":[{\"@type\":\"Article\",\"@id\":\"https:\\\/\\\/yuga.at\\\/sakupljaci-ambalaze-u-becu\\\/#article\",\"isPartOf\":{\"@id\":\"https:\\\/\\\/yuga.at\\\/sakupljaci-ambalaze-u-becu\\\/\"},\"author\":{\"name\":\"Srdjan\",\"@id\":\"https:\\\/\\\/yuga.at\\\/#\\\/schema\\\/person\\\/14afd7c6aa250e7d26d59b2f1a427184\"},\"headline\":\"Sakuplja\u010di ambala\u017ee u Be\u010du\",\"datePublished\":\"2025-05-07T11:01:37+00:00\",\"dateModified\":\"2025-05-07T11:01:39+00:00\",\"mainEntityOfPage\":{\"@id\":\"https:\\\/\\\/yuga.at\\\/sakupljaci-ambalaze-u-becu\\\/\"},\"wordCount\":380,\"publisher\":{\"@id\":\"https:\\\/\\\/yuga.at\\\/#organization\"},\"image\":{\"@id\":\"https:\\\/\\\/yuga.at\\\/sakupljaci-ambalaze-u-becu\\\/#primaryimage\"},\"thumbnailUrl\":\"https:\\\/\\\/yuga.at\\\/wp-content\\\/uploads\\\/sakupljaci-ambalaze-u-becu.jpg\",\"keywords\":[\"ekologija\",\"zakon\"],\"articleSection\":[\"Austrija\",\"Dru\u0161tvo\",\"Vesti\"],\"inLanguage\":\"de\"},{\"@type\":\"WebPage\",\"@id\":\"https:\\\/\\\/yuga.at\\\/sakupljaci-ambalaze-u-becu\\\/\",\"url\":\"https:\\\/\\\/yuga.at\\\/sakupljaci-ambalaze-u-becu\\\/\",\"name\":\"Sakuplja\u010di ambala\u017ee u Be\u010du\",\"isPartOf\":{\"@id\":\"https:\\\/\\\/yuga.at\\\/#website\"},\"primaryImageOfPage\":{\"@id\":\"https:\\\/\\\/yuga.at\\\/sakupljaci-ambalaze-u-becu\\\/#primaryimage\"},\"image\":{\"@id\":\"https:\\\/\\\/yuga.at\\\/sakupljaci-ambalaze-u-becu\\\/#primaryimage\"},\"thumbnailUrl\":\"https:\\\/\\\/yuga.at\\\/wp-content\\\/uploads\\\/sakupljaci-ambalaze-u-becu.jpg\",\"datePublished\":\"2025-05-07T11:01:37+00:00\",\"dateModified\":\"2025-05-07T11:01:39+00:00\",\"description\":\"U Be\u010du je od 2025. uveden sistem povratne naknade za fla\u0161e i limenke, a sve \u010de\u0161\u0107e vi\u0111amo sakuplja\u010de ambala\u017ee koji na taj na\u010din dolaze do dodatne zarade.\",\"breadcrumb\":{\"@id\":\"https:\\\/\\\/yuga.at\\\/sakupljaci-ambalaze-u-becu\\\/#breadcrumb\"},\"inLanguage\":\"de\",\"potentialAction\":[{\"@type\":\"ReadAction\",\"target\":[\"https:\\\/\\\/yuga.at\\\/sakupljaci-ambalaze-u-becu\\\/\"]}]},{\"@type\":\"ImageObject\",\"inLanguage\":\"de\",\"@id\":\"https:\\\/\\\/yuga.at\\\/sakupljaci-ambalaze-u-becu\\\/#primaryimage\",\"url\":\"https:\\\/\\\/yuga.at\\\/wp-content\\\/uploads\\\/sakupljaci-ambalaze-u-becu.jpg\",\"contentUrl\":\"https:\\\/\\\/yuga.at\\\/wp-content\\\/uploads\\\/sakupljaci-ambalaze-u-becu.jpg\",\"width\":1400,\"height\":933,\"caption\":\"sakupljaci-ambalaze-u-becu\"},{\"@type\":\"BreadcrumbList\",\"@id\":\"https:\\\/\\\/yuga.at\\\/sakupljaci-ambalaze-u-becu\\\/#breadcrumb\",\"itemListElement\":[{\"@type\":\"ListItem\",\"position\":1,\"name\":\"Home\",\"item\":\"https:\\\/\\\/yuga.at\\\/\"},{\"@type\":\"ListItem\",\"position\":2,\"name\":\"Sakuplja\u010di ambala\u017ee u Be\u010du\"}]},{\"@type\":\"WebSite\",\"@id\":\"https:\\\/\\\/yuga.at\\\/#website\",\"url\":\"https:\\\/\\\/yuga.at\\\/\",\"name\":\"YUga.at\",\"description\":\"exYU Portal\",\"publisher\":{\"@id\":\"https:\\\/\\\/yuga.at\\\/#organization\"},\"potentialAction\":[{\"@type\":\"SearchAction\",\"target\":{\"@type\":\"EntryPoint\",\"urlTemplate\":\"https:\\\/\\\/yuga.at\\\/?s={search_term_string}\"},\"query-input\":{\"@type\":\"PropertyValueSpecification\",\"valueRequired\":true,\"valueName\":\"search_term_string\"}}],\"inLanguage\":\"de\"},{\"@type\":\"Organization\",\"@id\":\"https:\\\/\\\/yuga.at\\\/#organization\",\"name\":\"YUga.at\",\"url\":\"https:\\\/\\\/yuga.at\\\/\",\"logo\":{\"@type\":\"ImageObject\",\"inLanguage\":\"de\",\"@id\":\"https:\\\/\\\/yuga.at\\\/#\\\/schema\\\/logo\\\/image\\\/\",\"url\":\"https:\\\/\\\/yuga.at\\\/wp-content\\\/uploads\\\/yuga-logo-black-250.png\",\"contentUrl\":\"https:\\\/\\\/yuga.at\\\/wp-content\\\/uploads\\\/yuga-logo-black-250.png\",\"width\":250,\"height\":143,\"caption\":\"YUga.at\"},\"image\":{\"@id\":\"https:\\\/\\\/yuga.at\\\/#\\\/schema\\\/logo\\\/image\\\/\"},\"sameAs\":[\"https:\\\/\\\/www.facebook.com\\\/yuga.austria\",\"https:\\\/\\\/www.instagram.com\\\/yuga.at\\\/\"]},{\"@type\":\"Person\",\"@id\":\"https:\\\/\\\/yuga.at\\\/#\\\/schema\\\/person\\\/14afd7c6aa250e7d26d59b2f1a427184\",\"name\":\"Srdjan\",\"image\":{\"@type\":\"ImageObject\",\"inLanguage\":\"de\",\"@id\":\"https:\\\/\\\/secure.gravatar.com\\\/avatar\\\/5b6efe7dbc2c19685b2905878731fe11236889e186ff9c7df9039e75f5680008?s=96&d=mm&r=g\",\"url\":\"https:\\\/\\\/secure.gravatar.com\\\/avatar\\\/5b6efe7dbc2c19685b2905878731fe11236889e186ff9c7df9039e75f5680008?s=96&d=mm&r=g\",\"contentUrl\":\"https:\\\/\\\/secure.gravatar.com\\\/avatar\\\/5b6efe7dbc2c19685b2905878731fe11236889e186ff9c7df9039e75f5680008?s=96&d=mm&r=g\",\"caption\":\"Srdjan\"}}]}<\/script>\n<!-- \/ Yoast SEO plugin. -->","yoast_head_json":{"title":"Pfandsammler in Wien","description":"U Be\u010du je od 2025. uveden sistem povratne naknade za fla\u0161e i limenke, a sve \u010de\u0161\u0107e vi\u0111amo sakuplja\u010de ambala\u017ee koji na taj na\u010din dolaze do dodatne zarade.","robots":{"index":"index","follow":"follow","max-snippet":"max-snippet:-1","max-image-preview":"max-image-preview:large","max-video-preview":"max-video-preview:-1"},"canonical":"https:\/\/yuga.at\/de\/pfandsammler-in-wien\/","og_locale":"de_DE","og_type":"article","og_title":"Sakuplja\u010di ambala\u017ee u Be\u010du","og_description":"U Be\u010du je od 2025. uveden sistem povratne naknade za fla\u0161e i limenke, a sve \u010de\u0161\u0107e vi\u0111amo sakuplja\u010de ambala\u017ee koji na taj na\u010din dolaze do dodatne zarade.","og_url":"https:\/\/yuga.at\/de\/pfandsammler-in-wien\/","og_site_name":"YUga.at","article_publisher":"https:\/\/www.facebook.com\/yuga.austria","article_published_time":"2025-05-07T11:01:37+00:00","article_modified_time":"2025-05-07T11:01:39+00:00","og_image":[{"width":1400,"height":933,"url":"https:\/\/yuga.at\/wp-content\/uploads\/sakupljaci-ambalaze-u-becu.jpg","type":"image\/jpeg"}],"author":"Srdjan","twitter_card":"summary_large_image","twitter_misc":{"Verfasst von":"Srdjan","Gesch\u00e4tzte Lesezeit":"2\u00a0Minuten"},"schema":{"@context":"https:\/\/schema.org","@graph":[{"@type":"Article","@id":"https:\/\/yuga.at\/sakupljaci-ambalaze-u-becu\/#article","isPartOf":{"@id":"https:\/\/yuga.at\/sakupljaci-ambalaze-u-becu\/"},"author":{"name":"Srdjan","@id":"https:\/\/yuga.at\/#\/schema\/person\/14afd7c6aa250e7d26d59b2f1a427184"},"headline":"Sakuplja\u010di ambala\u017ee u Be\u010du","datePublished":"2025-05-07T11:01:37+00:00","dateModified":"2025-05-07T11:01:39+00:00","mainEntityOfPage":{"@id":"https:\/\/yuga.at\/sakupljaci-ambalaze-u-becu\/"},"wordCount":380,"publisher":{"@id":"https:\/\/yuga.at\/#organization"},"image":{"@id":"https:\/\/yuga.at\/sakupljaci-ambalaze-u-becu\/#primaryimage"},"thumbnailUrl":"https:\/\/yuga.at\/wp-content\/uploads\/sakupljaci-ambalaze-u-becu.jpg","keywords":["ekologija","zakon"],"articleSection":["Austrija","Dru\u0161tvo","Vesti"],"inLanguage":"de"},{"@type":"WebPage","@id":"https:\/\/yuga.at\/sakupljaci-ambalaze-u-becu\/","url":"https:\/\/yuga.at\/sakupljaci-ambalaze-u-becu\/","name":"Pfandsammler in Wien","isPartOf":{"@id":"https:\/\/yuga.at\/#website"},"primaryImageOfPage":{"@id":"https:\/\/yuga.at\/sakupljaci-ambalaze-u-becu\/#primaryimage"},"image":{"@id":"https:\/\/yuga.at\/sakupljaci-ambalaze-u-becu\/#primaryimage"},"thumbnailUrl":"https:\/\/yuga.at\/wp-content\/uploads\/sakupljaci-ambalaze-u-becu.jpg","datePublished":"2025-05-07T11:01:37+00:00","dateModified":"2025-05-07T11:01:39+00:00","description":"U Be\u010du je od 2025. uveden sistem povratne naknade za fla\u0161e i limenke, a sve \u010de\u0161\u0107e vi\u0111amo sakuplja\u010de ambala\u017ee koji na taj na\u010din dolaze do dodatne zarade.","breadcrumb":{"@id":"https:\/\/yuga.at\/sakupljaci-ambalaze-u-becu\/#breadcrumb"},"inLanguage":"de","potentialAction":[{"@type":"ReadAction","target":["https:\/\/yuga.at\/sakupljaci-ambalaze-u-becu\/"]}]},{"@type":"ImageObject","inLanguage":"de","@id":"https:\/\/yuga.at\/sakupljaci-ambalaze-u-becu\/#primaryimage","url":"https:\/\/yuga.at\/wp-content\/uploads\/sakupljaci-ambalaze-u-becu.jpg","contentUrl":"https:\/\/yuga.at\/wp-content\/uploads\/sakupljaci-ambalaze-u-becu.jpg","width":1400,"height":933,"caption":"sakupljaci-ambalaze-u-becu"},{"@type":"BreadcrumbList","@id":"https:\/\/yuga.at\/sakupljaci-ambalaze-u-becu\/#breadcrumb","itemListElement":[{"@type":"ListItem","position":1,"name":"Home","item":"https:\/\/yuga.at\/"},{"@type":"ListItem","position":2,"name":"Sakuplja\u010di ambala\u017ee u Be\u010du"}]},{"@type":"WebSite","@id":"https:\/\/yuga.at\/#website","url":"https:\/\/yuga.at\/","name":"YUga.at","description":"exYU Portal","publisher":{"@id":"https:\/\/yuga.at\/#organization"},"potentialAction":[{"@type":"SearchAction","target":{"@type":"EntryPoint","urlTemplate":"https:\/\/yuga.at\/?s={search_term_string}"},"query-input":{"@type":"PropertyValueSpecification","valueRequired":true,"valueName":"search_term_string"}}],"inLanguage":"de"},{"@type":"Organization","@id":"https:\/\/yuga.at\/#organization","name":"YUga.at","url":"https:\/\/yuga.at\/","logo":{"@type":"ImageObject","inLanguage":"de","@id":"https:\/\/yuga.at\/#\/schema\/logo\/image\/","url":"https:\/\/yuga.at\/wp-content\/uploads\/yuga-logo-black-250.png","contentUrl":"https:\/\/yuga.at\/wp-content\/uploads\/yuga-logo-black-250.png","width":250,"height":143,"caption":"YUga.at"},"image":{"@id":"https:\/\/yuga.at\/#\/schema\/logo\/image\/"},"sameAs":["https:\/\/www.facebook.com\/yuga.austria","https:\/\/www.instagram.com\/yuga.at\/"]},{"@type":"Person","@id":"https:\/\/yuga.at\/#\/schema\/person\/14afd7c6aa250e7d26d59b2f1a427184","name":"Srdjan","image":{"@type":"ImageObject","inLanguage":"de","@id":"https:\/\/secure.gravatar.com\/avatar\/5b6efe7dbc2c19685b2905878731fe11236889e186ff9c7df9039e75f5680008?s=96&d=mm&r=g","url":"https:\/\/secure.gravatar.com\/avatar\/5b6efe7dbc2c19685b2905878731fe11236889e186ff9c7df9039e75f5680008?s=96&d=mm&r=g","contentUrl":"https:\/\/secure.gravatar.com\/avatar\/5b6efe7dbc2c19685b2905878731fe11236889e186ff9c7df9039e75f5680008?s=96&d=mm&r=g","caption":"Srdjan"}}]}},"taxonomy_info":{"category":[{"value":97,"label":"Austrija"},{"value":148,"label":"Dru\u0161tvo"},{"value":49,"label":"Vesti"}],"post_tag":[{"value":764,"label":"ekologija"},{"value":83,"label":"zakon"}]},"featured_image_src_large":["https:\/\/yuga.at\/wp-content\/uploads\/sakupljaci-ambalaze-u-becu.jpg",798,532,false],"author_info":{"display_name":"Srdjan","author_link":"https:\/\/yuga.at\/de\/author\/srdjan\/"},"comment_info":0,"category_info":[{"term_id":97,"name":"Austrija","slug":"vesti-austrija","term_group":0,"term_taxonomy_id":97,"taxonomy":"category","description":"Vesti iz Austrije","parent":49,"count":99,"filter":"raw","cat_ID":97,"category_count":99,"category_description":"Vesti iz Austrije","cat_name":"Austrija","category_nicename":"vesti-austrija","category_parent":49},{"term_id":148,"name":"Dru\u0161tvo","slug":"drustvo","term_group":0,"term_taxonomy_id":148,"taxonomy":"category","description":"","parent":0,"count":25,"filter":"raw","cat_ID":148,"category_count":25,"category_description":"","cat_name":"Dru\u0161tvo","category_nicename":"drustvo","category_parent":0},{"term_id":49,"name":"Vesti","slug":"vesti","term_group":0,"term_taxonomy_id":49,"taxonomy":"category","description":"Najnovije vesti","parent":0,"count":103,"filter":"raw","cat_ID":49,"category_count":103,"category_description":"Najnovije vesti","cat_name":"Vesti","category_nicename":"vesti","category_parent":0}],"tag_info":[{"term_id":764,"name":"ekologija","slug":"ekologija","term_group":0,"term_taxonomy_id":764,"taxonomy":"post_tag","description":"","parent":0,"count":2,"filter":"raw"},{"term_id":83,"name":"zakon","slug":"zakon","term_group":0,"term_taxonomy_id":83,"taxonomy":"post_tag","description":"","parent":0,"count":32,"filter":"raw"}],"_links":{"self":[{"href":"https:\/\/yuga.at\/de\/wp-json\/wp\/v2\/posts\/17196","targetHints":{"allow":["GET"]}}],"collection":[{"href":"https:\/\/yuga.at\/de\/wp-json\/wp\/v2\/posts"}],"about":[{"href":"https:\/\/yuga.at\/de\/wp-json\/wp\/v2\/types\/post"}],"author":[{"embeddable":true,"href":"https:\/\/yuga.at\/de\/wp-json\/wp\/v2\/users\/3"}],"replies":[{"embeddable":true,"href":"https:\/\/yuga.at\/de\/wp-json\/wp\/v2\/comments?post=17196"}],"version-history":[{"count":1,"href":"https:\/\/yuga.at\/de\/wp-json\/wp\/v2\/posts\/17196\/revisions"}],"predecessor-version":[{"id":17198,"href":"https:\/\/yuga.at\/de\/wp-json\/wp\/v2\/posts\/17196\/revisions\/17198"}],"wp:featuredmedia":[{"embeddable":true,"href":"https:\/\/yuga.at\/de\/wp-json\/wp\/v2\/media\/17197"}],"wp:attachment":[{"href":"https:\/\/yuga.at\/de\/wp-json\/wp\/v2\/media?parent=17196"}],"wp:term":[{"taxonomy":"category","embeddable":true,"href":"https:\/\/yuga.at\/de\/wp-json\/wp\/v2\/categories?post=17196"},{"taxonomy":"post_tag","embeddable":true,"href":"https:\/\/yuga.at\/de\/wp-json\/wp\/v2\/tags?post=17196"}],"curies":[{"name":"wp","href":"https:\/\/api.w.org\/{rel}","templated":true}]}}