{"id":18166,"date":"2025-12-07T09:46:11","date_gmt":"2025-12-07T08:46:11","guid":{"rendered":"https:\/\/yuga.at\/?p=18166"},"modified":"2025-12-10T06:50:54","modified_gmt":"2025-12-10T05:50:54","slug":"arbeitsfreie-tage-und-feiertage-in-osterreich","status":"publish","type":"post","link":"https:\/\/yuga.at\/de\/neradni-dani-i-praznici-u-austriji\/","title":{"rendered":"Arbeitsfreie Tage und Feiertage in \u00d6sterreich"},"content":{"rendered":"<p>\u00d6sterreich z\u00e4hlt zu den europ\u00e4ischen L\u00e4ndern mit der l\u00e4ngsten Feiertagstradition und einer gro\u00dfen Anzahl an arbeitsfreien Tagen im Laufe des Jahres. Die meisten Feiertage haben einen kirchlichen Ursprung, w\u00e4hrend einige mit historischen Ereignissen verbunden sind \u2013 wie zum Beispiel der Erkl\u00e4rung der immerw\u00e4hrenden Neutralit\u00e4t \u00d6sterreichs im Jahr 1955.<\/p>\n\n\n\n<p>F\u00fcr alle, die in \u00d6sterreich leben, arbeiten oder studieren, ist die gute Kenntnis dieser Daten besonders wichtig \u2013 sowohl f\u00fcr die Urlaubsplanung und famili\u00e4re Verpflichtungen als auch f\u00fcr das Funktionieren von Schulen, Banken und \u00f6ffentlichen Institutionen.<\/p>\n\n\n\n<p>Im Folgenden geben wir einen \u00dcberblick \u00fcber die wichtigsten Feiertage, erkl\u00e4ren den Unterschied zwischen staatlichen und regionalen Feiertagen und geben einige praktische Tipps, die Ihnen helfen, sich im \u00f6sterreichischen System leichter zurechtzufinden.<\/p>\n\n\n\n<hr class=\"wp-block-separator has-alpha-channel-opacity\"\/>\n\n\n\n<h2 class=\"wp-block-heading\" id=\"drzavni-praznici\">Gesetzliche Feiertage in \u00d6sterreich<\/h2>\n\n\n\n<p>Das sind Feiertage, die in allen \u00f6sterreichischen Bundesl\u00e4ndern gelten. An diesen Tagen sind Schulen, Beh\u00f6rden und die meisten Gesch\u00e4fte geschlossen, und Arbeitnehmer haben Anspruch auf einen bezahlten freien Tag.<\/p>\n\n\n\n<p>Zu den bekanntesten geh\u00f6ren:<\/p>\n\n\n\n<ul class=\"wp-block-list\">\n<li>Neujahr (1. Januar)<\/li>\n\n\n\n<li>Heilige Drei K\u00f6nige (6. Januar)<\/li>\n\n\n\n<li>Ostersonntag und Ostermontag (bewegliche Feiertage)<\/li>\n\n\n\n<li>Staatsfeiertag \/ Tag der Arbeit (1. Mai)<\/li>\n\n\n\n<li>Christi Himmelfahrt<\/li>\n\n\n\n<li>Pfingstsonntag und Pfingstmontag<\/li>\n\n\n\n<li>Mari\u00e4 Empf\u00e4ngnis (8. Dezember)<\/li>\n\n\n\n<li>Weihnachten und Stefanitag (25. und 26. Dezember)<\/li>\n\n\n\n<li>Nationalfeiertag (26. Oktober)<\/li>\n<\/ul>\n\n\n\n<p>Diese Tage sind ausnahmslos arbeitsfrei.<\/p>\n\n\n\n<hr class=\"wp-block-separator has-alpha-channel-opacity\"\/>\n\n\n\n<h2 class=\"wp-block-heading\" id=\"regionalni-praznici\">Regionale Feiertage \u2013 g\u00fcltig nur in bestimmten Bundesl\u00e4ndern<\/h2>\n\n\n\n<p>Im Gegensatz zu den gesetzlichen Feiertagen gelten regionale Feiertage (Landesfeiertage) nur in bestimmten Bundesl\u00e4ndern. Zum Beispiel:<\/p>\n\n\n\n<ul class=\"wp-block-list\">\n<li>19. M\u00e4rz \u2013 Heiliger Josef: arbeitsfrei in K\u00e4rnten, Steiermark, Tirol und Vorarlberg<\/li>\n\n\n\n<li>4. Mai \u2013 Heiliger Florian: Feiertag in Ober\u00f6sterreich<\/li>\n\n\n\n<li>24. September \u2013 Heiliger Rupert: Feiertag in Salzburg<\/li>\n\n\n\n<li>10. Oktober \u2013 Tag der Volksabstimmung: Feiertag in K\u00e4rnten<\/li>\n\n\n\n<li>11. November \u2013 Heiliger Martin: Feiertag im Burgenland<\/li>\n\n\n\n<li>15. November \u2013 Heiliger Leopold: Feiertag in Wien und Nieder\u00f6sterreich<\/li>\n<\/ul>\n\n\n\n<p>Wenn Sie in Wien leben und arbeiten, gilt f\u00fcr Sie nur der Feiertag des Heiligen Leopold. Die \u00fcbrigen regionalen Feiertage betreffen andere Bundesl\u00e4nder.<br>So ist zum Beispiel der Heilige Rupert nur im Bundesland Salzburg arbeitsfrei.<\/p>\n\n\n\n<p>Gerade f\u00fcr Neuank\u00f6mmlinge sorgt diese Unterscheidung oft f\u00fcr Verwirrung \u2013 daher ist es wichtig zu wissen, in welchem Bundesland man lebt und arbeitet.<\/p>\n\n\n\n<hr class=\"wp-block-separator has-alpha-channel-opacity\"\/>\n\n\n\n<h2 class=\"wp-block-heading\" id=\"badnji-dan-i-docek-ng\">Heiligabend und Silvester \u2013 keine gesetzlichen Feiertage, aber\u2026<\/h2>\n\n\n\n<p>Der 24. Dezember (Heiligabend) und der 31. Dezember (Silvester) sind in \u00d6sterreich keine gesetzlichen Feiertage.<br>Dennoch arbeiten viele Unternehmen an diesen Tagen verk\u00fcrzt, und Banken, Gemeinden sowie Post\u00e4mter sind meist nur bis zum Mittag ge\u00f6ffnet.<br>In der Praxis bekommen viele Besch\u00e4ftigte frei oder zumindest einen halben freien Tag \u2013 das h\u00e4ngt jedoch vom jeweiligen Arbeitgeber ab. Eine gesetzliche Regelung gibt es daf\u00fcr nicht.<\/p>\n\n\n\n<hr class=\"wp-block-separator has-alpha-channel-opacity\"\/>\n\n\n\n<h2 class=\"wp-block-heading\" id=\"neradi-dani-u-praksi\">Wie funktionieren arbeitsfreie Tage in der Praxis?<\/h2>\n\n\n\n<p>In \u00d6sterreich ist die Arbeit an Sonn- und Feiertagen streng geregelt:<\/p>\n\n\n\n<ul class=\"wp-block-list\">\n<li>Die meisten Gesch\u00e4fte und Superm\u00e4rkte sind geschlossen.<\/li>\n\n\n\n<li>Ge\u00f6ffnet haben meist nur Shops an Bahnh\u00f6fen, Flugh\u00e4fen, in Tourismuszonen sowie kleine Lebensmittelgesch\u00e4fte.<\/li>\n\n\n\n<li>B\u00e4ckereien d\u00fcrfen je nach Bundesland nur eingeschr\u00e4nkt arbeiten.<\/li>\n\n\n\n<li>\u00d6ffentliche Einrichtungen, Schulen, Kinderg\u00e4rten und Post\u00e4mter sind geschlossen.<\/li>\n\n\n\n<li>Caf\u00e9s und Restaurants haben in der Regel ge\u00f6ffnet.<\/li>\n<\/ul>\n\n\n\n<p>Wenn Sie Eink\u00e4ufe oder Reisen planen, empfiehlt es sich, die \u00d6ffnungszeiten bereits am Vortag zu \u00fcberpr\u00fcfen.<\/p>\n\n\n\n<hr class=\"wp-block-separator has-alpha-channel-opacity\"\/>\n\n\n\n<h2 class=\"wp-block-heading\" id=\"pokretni-praznici\">Bewegliche Feiertage<\/h2>\n\n\n\n<p>Ostern, Ostermontag, Christi Himmelfahrt, Pfingstsonntag und Pfingstmontag richten sich nach dem kirchlichen Kalender und fallen daher jedes Jahr auf unterschiedliche Termine.<\/p>\n\n\n\n<p>Diese Tage sind zwar immer arbeitsfrei, aber nicht fix datiert. Die genauen Termine lassen sich im kirchlichen Kalender oder im offiziellen Schul- bzw. Staatskalender einsehen \u2013 auch f\u00fcr viele Jahre im Voraus.<\/p>\n\n\n\n<hr class=\"wp-block-separator has-alpha-channel-opacity\"\/>\n\n\n\n<h2 class=\"wp-block-heading\" id=\"radno-pravo-na-praznik\">Arbeitsrecht an Feiertagen<\/h2>\n\n\n\n<p>Arbeitnehmer in \u00d6sterreich genie\u00dfen einen besonders hohen Schutz:<\/p>\n\n\n\n<ul class=\"wp-block-list\">\n<li>F\u00e4llt ein Feiertag auf einen Werktag, besteht Anspruch auf einen bezahlten freien Tag.<\/li>\n\n\n\n<li>Muss dennoch gearbeitet werden, steht dem Arbeitnehmer ein Feiertagszuschlag zu, der deutlich h\u00f6her ist als der normale Lohn.<\/li>\n\n\n\n<li>F\u00e4llt ein Feiertag in den Urlaub, wird dieser nicht vom Urlaubsanspruch abgezogen.<\/li>\n\n\n\n<li>F\u00e4llt ein Feiertag in eine Krankenstandszeit, wird dieser als arbeitsfreier Tag gewertet \u2013 ohne Nachteile f\u00fcr den Arbeitnehmer.<\/li>\n<\/ul>\n\n\n\n<p>\u00d6sterreich z\u00e4hlt in diesem Bereich zu den am besten geregelten L\u00e4ndern Europas.<\/p>\n\n\n\n<hr class=\"wp-block-separator has-alpha-channel-opacity\"\/>\n\n\n\n<h2 class=\"wp-block-heading\" id=\"fenstertag\">\u201eFenstertag\u201c \u2013 eine typisch \u00f6sterreichische Tradition<\/h2>\n\n\n\n<p>F\u00e4llt ein Feiertag auf einen Dienstag oder Donnerstag, nehmen viele \u00d6sterreicher den Montag oder Freitag frei und machen daraus ein verl\u00e4ngertes Wochenende. Dieser Tag wird Fenstertag genannt.<\/p>\n\n\n\n<p>Viele Schulen planen rund um diese Tage zus\u00e4tzliche schulautonome freie Tage ein, und auch in vielen B\u00fcros wird an diesen Tagen nur eingeschr\u00e4nkt gearbeitet.<\/p>\n\n\n\n<hr class=\"wp-block-separator has-alpha-channel-opacity\"\/>\n\n\n\n<h2 class=\"wp-block-heading\" id=\"skolski-kalendar\">Was Eltern und Sch\u00fclerinnen und Sch\u00fcler wissen sollten \u2013 der Schulkalender<\/h2>\n\n\n\n<p>Schulen in \u00d6sterreich halten alle gesetzlichen Feiertage ein.<br>Zus\u00e4tzlich gibt es die sogenannten schulautonomen freien Tage.<\/p>\n\n\n\n<p>Dabei handelt es sich um zus\u00e4tzliche freie Tage, die die Schule selbst im Laufe des Schuljahres festlegen kann. Es sind in der Regel drei bis f\u00fcnf Tage pro Jahr, die h\u00e4ufig vor oder nach Feiertagen liegen und so zus\u00e4tzliche verl\u00e4ngerte Wochenenden erm\u00f6glichen.<\/p>\n\n\n\n<p>Regionale Feiertage gelten nur f\u00fcr Schulen in jenen Bundesl\u00e4ndern, in denen sie offiziell sind \u2013 zum Beispiel ist der 15. November (Heiliger Leopold) nur in Wien und Nieder\u00f6sterreich schulfrei.<\/p>\n\n\n\n<hr class=\"wp-block-separator has-alpha-channel-opacity\"\/>\n\n\n\n<h2 class=\"wp-block-heading\" id=\"tabela-praznika\">\u00dcbersicht der gesetzlichen Feiertage in \u00d6sterreich<\/h2>\n\n\n\n<figure class=\"wp-block-table\"><table class=\"has-fixed-layout\"><thead><tr><th>Datum<\/th><th>Feiertag<\/th><th>Feiertag<\/th><th>Was ist ge\u00f6ffnet?<\/th><\/tr><\/thead><tbody><tr><td>1. J\u00e4nner<\/td><td>Nova Godina<\/td><td>Silvester<\/td><td><\/td><\/tr><tr><td>6. J\u00e4nner<\/td><td>Sveta Tri kralja<\/td><td>Hl. Drei K\u00f6nige<\/td><td><\/td><\/tr><tr><td>Beweglich*<\/td><td>Uskrs<\/td><td>Ostersonntag<\/td><td><\/td><\/tr><tr><td>Beweglich*<\/td><td>Uskr\u0161nji ponedeljak<\/td><td>Ostermontag<\/td><td><\/td><\/tr><tr><td>Beweglich*<\/td><td>Christi Himmelfahrt<\/td><td>Christi Himmelfahrt<\/td><td><\/td><\/tr><tr><td>Beweglich*<\/td><td>Duhovi<\/td><td>Pfingstsonntag<\/td><td><\/td><\/tr><tr><td>Beweglich*<\/td><td>Duhovski ponedeljak<\/td><td>Pfingstmontag<\/td><td><\/td><\/tr><tr><td>Beweglich*<\/td><td>Praznik Presvetog Tela i Krvi Hristove<\/td><td>Fronleihnam<\/td><td><\/td><\/tr><tr><td>1. Mai<\/td><td>Dan rada<\/td><td>Staatsfeiertag<\/td><td><\/td><\/tr><tr><td>15. August<\/td><td>Uspenje Presvete Bogorodice<\/td><td>Mari\u00e4 Himmelfahrt<\/td><td><\/td><\/tr><tr><td>26. Oktober<\/td><td>Dan dr\u017eavnosti<\/td><td>Nationalfeiertag<\/td><td><\/td><\/tr><tr><td>1. November<\/td><td>Svi Sveti<\/td><td>Allerheiligen<\/td><td><\/td><\/tr><tr><td>8. Dezember<\/td><td>Za\u010de\u0107e presvete Bogorodice<\/td><td>Mari\u00e4 Empf\u00e4ngnis<\/td><td>Lebensmittelgesch\u00e4fte von 10:00 bis 18:00 Uhr (nicht alle)<br>F\u00fcr \u00f6ffentliches Parken wird keine Geb\u00fchr erhoben<\/td><\/tr><tr><td>25. Dezember<\/td><td>Bo\u017ei\u0107<\/td><td>Weihnachten<\/td><td><\/td><\/tr><tr><td>26. Dezember<\/td><td>Sv. Stefan<\/td><td>Heiliger Stephanus<\/td><td><\/td><\/tr><\/tbody><\/table><\/figure>\n\n\n\n<p>*Die beweglichen Feiertage sind an Ostern gebunden und \u00e4ndern sich jedes Jahr. \u00dcber den <a href=\"https:\/\/www.feiertage-oesterreich.at\/\" target=\"_blank\" rel=\"noreferrer noopener\"><mark style=\"background-color:rgba(0, 0, 0, 0)\" class=\"has-inline-color has-vivid-red-color\">folgenden Link<\/mark><\/a> k\u00f6nnen Sie die Termine f\u00fcr mehrere Jahre im Voraus einsehen.<\/p>\n\n\n\n<p>Das vollst\u00e4ndige Arbeitsruhegesetz \u2013 also das Gesetz, das arbeitsfreie Tage, Sonn- und Feiertage regelt <a href=\"https:\/\/www.ris.bka.gv.at\/GeltendeFassung.wxe?Abfrage=Bundesnormen&amp;Gesetzesnummer=10008541\" target=\"_blank\" rel=\"noreferrer noopener\"><mark style=\"background-color:rgba(0, 0, 0, 0)\" class=\"has-inline-color has-vivid-red-color\">finden Sie auf diesem Link<\/mark><\/a>.<\/p>\n\n\n\n<h2 class=\"wp-block-heading\" id=\"tabela-praznika-2\">Regionale Feiertage nach Bundesl\u00e4ndern<\/h2>\n\n\n\n<figure class=\"wp-block-table\"><table class=\"has-fixed-layout\"><thead><tr><th>Datum<\/th><th>Feiertag<\/th><th>Feiertag<\/th><th>Wo?<\/th><th>Was ist geschlossen?<\/th><\/tr><\/thead><tbody><tr><td>19. M\u00e4rz<\/td><td>Sveti Josif<\/td><td>Heiliger Josef<\/td><td>K\u00e4rnten, Steiermark, Tirol, Vorarlberg<\/td><td>Schulen und staatliche Einrichtungen<\/td><\/tr><tr><td>4. Mai<\/td><td>Sveti Florijan<\/td><td>Heiliger Florian<\/td><td>Ober\u00f6sterreich<\/td><td>Schulen<\/td><\/tr><tr><td>24. September<\/td><td>Sveti Rupert<\/td><td>Heiliger Rupert<\/td><td>Salzburg<\/td><td>Schulen<\/td><\/tr><tr><td>10. Oktober<\/td><td>Dan referenduma<\/td><td>Tag der Volksabstimmung<\/td><td>K\u00e4rnten<\/td><td>Schulen und staatliche Einrichtungen<\/td><\/tr><tr><td>11. November<\/td><td>Sveti Martin<\/td><td>Heiliger Martin<\/td><td>Burgenland<\/td><td>Schulen und staatliche Einrichtungen<\/td><\/tr><tr><td>15. November<\/td><td>Sv. Leopold<\/td><td>Heiliger Leopold<\/td><td>Wien, Nieder\u00f6sterreich<\/td><td>Schulen und staatliche Einrichtungen<\/td><\/tr><\/tbody><\/table><\/figure>\n\n\n\n<hr class=\"wp-block-separator has-alpha-channel-opacity\"\/>\n\n\n\n<h2 class=\"wp-block-heading\" id=\"zakljucak\">Fazit<\/h2>\n\n\n\n<p>Auch wenn \u00d6sterreich viele Feiertage hat, die sich je nach Bundesland unterscheiden, sind die Regeln klar:<br>Gesetzliche Feiertage gelten im ganzen Land, regionale nur in bestimmten Bundesl\u00e4ndern.<br>Mit guter Planung lassen sich diese Tage perfekt f\u00fcr Erholung, Reisen oder Zeit mit der Familie nutzen.<\/p>\n\n\n\n<p>Wer die genauen Regeln kennt, vermeidet unangenehme \u00dcberraschungen \u2013 sei es beim Einkaufen, in der Schule oder im Berufsleben.<\/p>\n\n\n\n<p>F\u00fcr alle, die in \u00d6sterreich leben, geh\u00f6rt der Feiertagskalender einfach zum Alltag \u2013 und bietet zugleich viele sch\u00f6ne Gelegenheiten f\u00fcr wohlverdiente Pausen.<\/p>\n\n\n\n<hr class=\"wp-block-separator aligncenter has-alpha-channel-opacity\"\/>\n\n\n\n<p>Lesen Sie noch: <a href=\"https:\/\/yuga.at\/de\/wo-am-sonntag-einkaufen\/\"><mark style=\"background-color:rgba(0, 0, 0, 0)\" class=\"has-inline-color has-vivid-red-color\">Wo kann man sonntags einkaufen?<\/mark><\/a><\/p>","protected":false},"excerpt":{"rendered":"<p>Austrija je jedna od evropskih zemalja sa najdu\u017eom tradicijom praznovanja i velikim brojem neradnih dana tokom godine. Ve\u0107ina praznika ima versko poreklo, dok su&#8230;<\/p>","protected":false},"author":3,"featured_media":18167,"comment_status":"closed","ping_status":"closed","sticky":false,"template":"","format":"standard","meta":{"_acf_changed":false,"_kad_blocks_custom_css":"","_kad_blocks_head_custom_js":"","_kad_blocks_body_custom_js":"","_kad_blocks_footer_custom_js":"","footnotes":""},"categories":[282,281],"tags":[150,649,315,83],"class_list":["post-18166","post","type-post","status-publish","format-standard","has-post-thumbnail","hentry","category-zakoni","category-zivot-i-rad","tag-nedelja","tag-praznik","tag-raspust","tag-zakon","entry","category-282","category-281"],"acf":[],"yoast_head":"<!-- This site is optimized with the Yoast SEO plugin v27.3 - https:\/\/yoast.com\/product\/yoast-seo-wordpress\/ -->\n<title>Neradni dani i praznici u Austriji<\/title>\n<meta name=\"description\" content=\"Sve o neradnim danima i praznicima u Austriji na jednom mestu \u2013 dr\u017eavni i regionalni praznici, prava zaposlenih i \u0161kole.\" \/>\n<meta name=\"robots\" content=\"index, follow, max-snippet:-1, max-image-preview:large, max-video-preview:-1\" \/>\n<link rel=\"canonical\" href=\"https:\/\/yuga.at\/de\/arbeitsfreie-tage-und-feiertage-in-osterreich\/\" \/>\n<meta property=\"og:locale\" content=\"de_DE\" \/>\n<meta property=\"og:type\" content=\"article\" \/>\n<meta property=\"og:title\" content=\"Neradni dani i praznici u Austriji\" \/>\n<meta property=\"og:description\" content=\"Sve o neradnim danima i praznicima u Austriji na jednom mestu \u2013 dr\u017eavni i regionalni praznici, prava zaposlenih i \u0161kole.\" \/>\n<meta property=\"og:url\" content=\"https:\/\/yuga.at\/de\/arbeitsfreie-tage-und-feiertage-in-osterreich\/\" \/>\n<meta property=\"og:site_name\" content=\"YUga.at\" \/>\n<meta property=\"article:publisher\" content=\"https:\/\/www.facebook.com\/yuga.austria\" \/>\n<meta property=\"article:published_time\" content=\"2025-12-07T08:46:11+00:00\" \/>\n<meta property=\"article:modified_time\" content=\"2025-12-10T05:50:54+00:00\" \/>\n<meta property=\"og:image\" content=\"https:\/\/yuga.at\/wp-content\/uploads\/praznici-i-neradni-dani-u-austriji.jpg\" \/>\n\t<meta property=\"og:image:width\" content=\"1400\" \/>\n\t<meta property=\"og:image:height\" content=\"933\" \/>\n\t<meta property=\"og:image:type\" content=\"image\/jpeg\" \/>\n<meta name=\"author\" content=\"Srdjan\" \/>\n<meta name=\"twitter:card\" content=\"summary_large_image\" \/>\n<meta name=\"twitter:label1\" content=\"Verfasst von\" \/>\n\t<meta name=\"twitter:data1\" content=\"Srdjan\" \/>\n\t<meta name=\"twitter:label2\" content=\"Gesch\u00e4tzte Lesezeit\" \/>\n\t<meta name=\"twitter:data2\" content=\"5\u00a0Minuten\" \/>\n<script type=\"application\/ld+json\" class=\"yoast-schema-graph\">{\"@context\":\"https:\\\/\\\/schema.org\",\"@graph\":[{\"@type\":\"Article\",\"@id\":\"https:\\\/\\\/yuga.at\\\/neradni-dani-i-praznici-u-austriji\\\/#article\",\"isPartOf\":{\"@id\":\"https:\\\/\\\/yuga.at\\\/neradni-dani-i-praznici-u-austriji\\\/\"},\"author\":{\"name\":\"Srdjan\",\"@id\":\"https:\\\/\\\/yuga.at\\\/#\\\/schema\\\/person\\\/14afd7c6aa250e7d26d59b2f1a427184\"},\"headline\":\"Neradni dani i praznici u Austriji\",\"datePublished\":\"2025-12-07T08:46:11+00:00\",\"dateModified\":\"2025-12-10T05:50:54+00:00\",\"mainEntityOfPage\":{\"@id\":\"https:\\\/\\\/yuga.at\\\/neradni-dani-i-praznici-u-austriji\\\/\"},\"wordCount\":1150,\"publisher\":{\"@id\":\"https:\\\/\\\/yuga.at\\\/#organization\"},\"image\":{\"@id\":\"https:\\\/\\\/yuga.at\\\/neradni-dani-i-praznici-u-austriji\\\/#primaryimage\"},\"thumbnailUrl\":\"https:\\\/\\\/yuga.at\\\/wp-content\\\/uploads\\\/praznici-i-neradni-dani-u-austriji.jpg\",\"keywords\":[\"nedelja\",\"praznik\",\"raspust\",\"zakon\"],\"articleSection\":[\"Zakoni\",\"\u017divot i rad\"],\"inLanguage\":\"de\"},{\"@type\":\"WebPage\",\"@id\":\"https:\\\/\\\/yuga.at\\\/neradni-dani-i-praznici-u-austriji\\\/\",\"url\":\"https:\\\/\\\/yuga.at\\\/neradni-dani-i-praznici-u-austriji\\\/\",\"name\":\"Neradni dani i praznici u Austriji\",\"isPartOf\":{\"@id\":\"https:\\\/\\\/yuga.at\\\/#website\"},\"primaryImageOfPage\":{\"@id\":\"https:\\\/\\\/yuga.at\\\/neradni-dani-i-praznici-u-austriji\\\/#primaryimage\"},\"image\":{\"@id\":\"https:\\\/\\\/yuga.at\\\/neradni-dani-i-praznici-u-austriji\\\/#primaryimage\"},\"thumbnailUrl\":\"https:\\\/\\\/yuga.at\\\/wp-content\\\/uploads\\\/praznici-i-neradni-dani-u-austriji.jpg\",\"datePublished\":\"2025-12-07T08:46:11+00:00\",\"dateModified\":\"2025-12-10T05:50:54+00:00\",\"description\":\"Sve o neradnim danima i praznicima u Austriji na jednom mestu \u2013 dr\u017eavni i regionalni praznici, prava zaposlenih i \u0161kole.\",\"breadcrumb\":{\"@id\":\"https:\\\/\\\/yuga.at\\\/neradni-dani-i-praznici-u-austriji\\\/#breadcrumb\"},\"inLanguage\":\"de\",\"potentialAction\":[{\"@type\":\"ReadAction\",\"target\":[\"https:\\\/\\\/yuga.at\\\/neradni-dani-i-praznici-u-austriji\\\/\"]}]},{\"@type\":\"ImageObject\",\"inLanguage\":\"de\",\"@id\":\"https:\\\/\\\/yuga.at\\\/neradni-dani-i-praznici-u-austriji\\\/#primaryimage\",\"url\":\"https:\\\/\\\/yuga.at\\\/wp-content\\\/uploads\\\/praznici-i-neradni-dani-u-austriji.jpg\",\"contentUrl\":\"https:\\\/\\\/yuga.at\\\/wp-content\\\/uploads\\\/praznici-i-neradni-dani-u-austriji.jpg\",\"width\":1400,\"height\":933,\"caption\":\"Prazni\u010dni dan u Be\u010du\"},{\"@type\":\"BreadcrumbList\",\"@id\":\"https:\\\/\\\/yuga.at\\\/neradni-dani-i-praznici-u-austriji\\\/#breadcrumb\",\"itemListElement\":[{\"@type\":\"ListItem\",\"position\":1,\"name\":\"Home\",\"item\":\"https:\\\/\\\/yuga.at\\\/\"},{\"@type\":\"ListItem\",\"position\":2,\"name\":\"Neradni dani i praznici u Austriji\"}]},{\"@type\":\"WebSite\",\"@id\":\"https:\\\/\\\/yuga.at\\\/#website\",\"url\":\"https:\\\/\\\/yuga.at\\\/\",\"name\":\"YUga.at\",\"description\":\"exYU Portal\",\"publisher\":{\"@id\":\"https:\\\/\\\/yuga.at\\\/#organization\"},\"potentialAction\":[{\"@type\":\"SearchAction\",\"target\":{\"@type\":\"EntryPoint\",\"urlTemplate\":\"https:\\\/\\\/yuga.at\\\/?s={search_term_string}\"},\"query-input\":{\"@type\":\"PropertyValueSpecification\",\"valueRequired\":true,\"valueName\":\"search_term_string\"}}],\"inLanguage\":\"de\"},{\"@type\":\"Organization\",\"@id\":\"https:\\\/\\\/yuga.at\\\/#organization\",\"name\":\"YUga.at\",\"url\":\"https:\\\/\\\/yuga.at\\\/\",\"logo\":{\"@type\":\"ImageObject\",\"inLanguage\":\"de\",\"@id\":\"https:\\\/\\\/yuga.at\\\/#\\\/schema\\\/logo\\\/image\\\/\",\"url\":\"https:\\\/\\\/yuga.at\\\/wp-content\\\/uploads\\\/yuga-logo-black-250.png\",\"contentUrl\":\"https:\\\/\\\/yuga.at\\\/wp-content\\\/uploads\\\/yuga-logo-black-250.png\",\"width\":250,\"height\":143,\"caption\":\"YUga.at\"},\"image\":{\"@id\":\"https:\\\/\\\/yuga.at\\\/#\\\/schema\\\/logo\\\/image\\\/\"},\"sameAs\":[\"https:\\\/\\\/www.facebook.com\\\/yuga.austria\",\"https:\\\/\\\/www.instagram.com\\\/yuga.at\\\/\"]},{\"@type\":\"Person\",\"@id\":\"https:\\\/\\\/yuga.at\\\/#\\\/schema\\\/person\\\/14afd7c6aa250e7d26d59b2f1a427184\",\"name\":\"Srdjan\",\"image\":{\"@type\":\"ImageObject\",\"inLanguage\":\"de\",\"@id\":\"https:\\\/\\\/secure.gravatar.com\\\/avatar\\\/5b6efe7dbc2c19685b2905878731fe11236889e186ff9c7df9039e75f5680008?s=96&d=mm&r=g\",\"url\":\"https:\\\/\\\/secure.gravatar.com\\\/avatar\\\/5b6efe7dbc2c19685b2905878731fe11236889e186ff9c7df9039e75f5680008?s=96&d=mm&r=g\",\"contentUrl\":\"https:\\\/\\\/secure.gravatar.com\\\/avatar\\\/5b6efe7dbc2c19685b2905878731fe11236889e186ff9c7df9039e75f5680008?s=96&d=mm&r=g\",\"caption\":\"Srdjan\"}}]}<\/script>\n<!-- \/ Yoast SEO plugin. -->","yoast_head_json":{"title":"Arbeitsfreie Tage und Feiertage in \u00d6sterreich","description":"Sve o neradnim danima i praznicima u Austriji na jednom mestu \u2013 dr\u017eavni i regionalni praznici, prava zaposlenih i \u0161kole.","robots":{"index":"index","follow":"follow","max-snippet":"max-snippet:-1","max-image-preview":"max-image-preview:large","max-video-preview":"max-video-preview:-1"},"canonical":"https:\/\/yuga.at\/de\/arbeitsfreie-tage-und-feiertage-in-osterreich\/","og_locale":"de_DE","og_type":"article","og_title":"Neradni dani i praznici u Austriji","og_description":"Sve o neradnim danima i praznicima u Austriji na jednom mestu \u2013 dr\u017eavni i regionalni praznici, prava zaposlenih i \u0161kole.","og_url":"https:\/\/yuga.at\/de\/arbeitsfreie-tage-und-feiertage-in-osterreich\/","og_site_name":"YUga.at","article_publisher":"https:\/\/www.facebook.com\/yuga.austria","article_published_time":"2025-12-07T08:46:11+00:00","article_modified_time":"2025-12-10T05:50:54+00:00","og_image":[{"width":1400,"height":933,"url":"https:\/\/yuga.at\/wp-content\/uploads\/praznici-i-neradni-dani-u-austriji.jpg","type":"image\/jpeg"}],"author":"Srdjan","twitter_card":"summary_large_image","twitter_misc":{"Verfasst von":"Srdjan","Gesch\u00e4tzte Lesezeit":"5\u00a0Minuten"},"schema":{"@context":"https:\/\/schema.org","@graph":[{"@type":"Article","@id":"https:\/\/yuga.at\/neradni-dani-i-praznici-u-austriji\/#article","isPartOf":{"@id":"https:\/\/yuga.at\/neradni-dani-i-praznici-u-austriji\/"},"author":{"name":"Srdjan","@id":"https:\/\/yuga.at\/#\/schema\/person\/14afd7c6aa250e7d26d59b2f1a427184"},"headline":"Neradni dani i praznici u Austriji","datePublished":"2025-12-07T08:46:11+00:00","dateModified":"2025-12-10T05:50:54+00:00","mainEntityOfPage":{"@id":"https:\/\/yuga.at\/neradni-dani-i-praznici-u-austriji\/"},"wordCount":1150,"publisher":{"@id":"https:\/\/yuga.at\/#organization"},"image":{"@id":"https:\/\/yuga.at\/neradni-dani-i-praznici-u-austriji\/#primaryimage"},"thumbnailUrl":"https:\/\/yuga.at\/wp-content\/uploads\/praznici-i-neradni-dani-u-austriji.jpg","keywords":["nedelja","praznik","raspust","zakon"],"articleSection":["Zakoni","\u017divot i rad"],"inLanguage":"de"},{"@type":"WebPage","@id":"https:\/\/yuga.at\/neradni-dani-i-praznici-u-austriji\/","url":"https:\/\/yuga.at\/neradni-dani-i-praznici-u-austriji\/","name":"Arbeitsfreie Tage und Feiertage in \u00d6sterreich","isPartOf":{"@id":"https:\/\/yuga.at\/#website"},"primaryImageOfPage":{"@id":"https:\/\/yuga.at\/neradni-dani-i-praznici-u-austriji\/#primaryimage"},"image":{"@id":"https:\/\/yuga.at\/neradni-dani-i-praznici-u-austriji\/#primaryimage"},"thumbnailUrl":"https:\/\/yuga.at\/wp-content\/uploads\/praznici-i-neradni-dani-u-austriji.jpg","datePublished":"2025-12-07T08:46:11+00:00","dateModified":"2025-12-10T05:50:54+00:00","description":"Sve o neradnim danima i praznicima u Austriji na jednom mestu \u2013 dr\u017eavni i regionalni praznici, prava zaposlenih i \u0161kole.","breadcrumb":{"@id":"https:\/\/yuga.at\/neradni-dani-i-praznici-u-austriji\/#breadcrumb"},"inLanguage":"de","potentialAction":[{"@type":"ReadAction","target":["https:\/\/yuga.at\/neradni-dani-i-praznici-u-austriji\/"]}]},{"@type":"ImageObject","inLanguage":"de","@id":"https:\/\/yuga.at\/neradni-dani-i-praznici-u-austriji\/#primaryimage","url":"https:\/\/yuga.at\/wp-content\/uploads\/praznici-i-neradni-dani-u-austriji.jpg","contentUrl":"https:\/\/yuga.at\/wp-content\/uploads\/praznici-i-neradni-dani-u-austriji.jpg","width":1400,"height":933,"caption":"Prazni\u010dni dan u Be\u010du"},{"@type":"BreadcrumbList","@id":"https:\/\/yuga.at\/neradni-dani-i-praznici-u-austriji\/#breadcrumb","itemListElement":[{"@type":"ListItem","position":1,"name":"Home","item":"https:\/\/yuga.at\/"},{"@type":"ListItem","position":2,"name":"Neradni dani i praznici u Austriji"}]},{"@type":"WebSite","@id":"https:\/\/yuga.at\/#website","url":"https:\/\/yuga.at\/","name":"YUga.at","description":"exYU Portal","publisher":{"@id":"https:\/\/yuga.at\/#organization"},"potentialAction":[{"@type":"SearchAction","target":{"@type":"EntryPoint","urlTemplate":"https:\/\/yuga.at\/?s={search_term_string}"},"query-input":{"@type":"PropertyValueSpecification","valueRequired":true,"valueName":"search_term_string"}}],"inLanguage":"de"},{"@type":"Organization","@id":"https:\/\/yuga.at\/#organization","name":"YUga.at","url":"https:\/\/yuga.at\/","logo":{"@type":"ImageObject","inLanguage":"de","@id":"https:\/\/yuga.at\/#\/schema\/logo\/image\/","url":"https:\/\/yuga.at\/wp-content\/uploads\/yuga-logo-black-250.png","contentUrl":"https:\/\/yuga.at\/wp-content\/uploads\/yuga-logo-black-250.png","width":250,"height":143,"caption":"YUga.at"},"image":{"@id":"https:\/\/yuga.at\/#\/schema\/logo\/image\/"},"sameAs":["https:\/\/www.facebook.com\/yuga.austria","https:\/\/www.instagram.com\/yuga.at\/"]},{"@type":"Person","@id":"https:\/\/yuga.at\/#\/schema\/person\/14afd7c6aa250e7d26d59b2f1a427184","name":"Srdjan","image":{"@type":"ImageObject","inLanguage":"de","@id":"https:\/\/secure.gravatar.com\/avatar\/5b6efe7dbc2c19685b2905878731fe11236889e186ff9c7df9039e75f5680008?s=96&d=mm&r=g","url":"https:\/\/secure.gravatar.com\/avatar\/5b6efe7dbc2c19685b2905878731fe11236889e186ff9c7df9039e75f5680008?s=96&d=mm&r=g","contentUrl":"https:\/\/secure.gravatar.com\/avatar\/5b6efe7dbc2c19685b2905878731fe11236889e186ff9c7df9039e75f5680008?s=96&d=mm&r=g","caption":"Srdjan"}}]}},"taxonomy_info":{"category":[{"value":282,"label":"Zakoni"},{"value":281,"label":"\u017divot i rad"}],"post_tag":[{"value":150,"label":"nedelja"},{"value":649,"label":"praznik"},{"value":315,"label":"raspust"},{"value":83,"label":"zakon"}]},"featured_image_src_large":["https:\/\/yuga.at\/wp-content\/uploads\/praznici-i-neradni-dani-u-austriji.jpg",798,532,false],"author_info":{"display_name":"Srdjan","author_link":"https:\/\/yuga.at\/de\/author\/srdjan\/"},"comment_info":0,"category_info":[{"term_id":282,"name":"Zakoni","slug":"zakoni","term_group":0,"term_taxonomy_id":282,"taxonomy":"category","description":"Razni zakoni o nasledstvu, o razvodu braka itd. Lista advokata i sudskih tuma\u010da u Be\u010du.","parent":52,"count":32,"filter":"raw","cat_ID":282,"category_count":32,"category_description":"Razni zakoni o nasledstvu, o razvodu braka itd. Lista advokata i sudskih tuma\u010da u Be\u010du.","cat_name":"Zakoni","category_nicename":"zakoni","category_parent":52},{"term_id":281,"name":"\u017divot i rad","slug":"zivot-i-rad","term_group":0,"term_taxonomy_id":281,"taxonomy":"category","description":"Informacije o ostvarivanju prava boravka, radnog prava, de\u010djeg dodatka, penzije i ostalih administrativnih prava.","parent":52,"count":42,"filter":"raw","cat_ID":281,"category_count":42,"category_description":"Informacije o ostvarivanju prava boravka, radnog prava, de\u010djeg dodatka, penzije i ostalih administrativnih prava.","cat_name":"\u017divot i rad","category_nicename":"zivot-i-rad","category_parent":52}],"tag_info":[{"term_id":150,"name":"nedelja","slug":"nedelja","term_group":0,"term_taxonomy_id":150,"taxonomy":"post_tag","description":"","parent":0,"count":1,"filter":"raw"},{"term_id":649,"name":"praznik","slug":"praznik","term_group":0,"term_taxonomy_id":649,"taxonomy":"post_tag","description":"","parent":0,"count":2,"filter":"raw"},{"term_id":315,"name":"raspust","slug":"raspust","term_group":0,"term_taxonomy_id":315,"taxonomy":"post_tag","description":"","parent":0,"count":2,"filter":"raw"},{"term_id":83,"name":"zakon","slug":"zakon","term_group":0,"term_taxonomy_id":83,"taxonomy":"post_tag","description":"","parent":0,"count":32,"filter":"raw"}],"_links":{"self":[{"href":"https:\/\/yuga.at\/de\/wp-json\/wp\/v2\/posts\/18166","targetHints":{"allow":["GET"]}}],"collection":[{"href":"https:\/\/yuga.at\/de\/wp-json\/wp\/v2\/posts"}],"about":[{"href":"https:\/\/yuga.at\/de\/wp-json\/wp\/v2\/types\/post"}],"author":[{"embeddable":true,"href":"https:\/\/yuga.at\/de\/wp-json\/wp\/v2\/users\/3"}],"replies":[{"embeddable":true,"href":"https:\/\/yuga.at\/de\/wp-json\/wp\/v2\/comments?post=18166"}],"version-history":[{"count":13,"href":"https:\/\/yuga.at\/de\/wp-json\/wp\/v2\/posts\/18166\/revisions"}],"predecessor-version":[{"id":18213,"href":"https:\/\/yuga.at\/de\/wp-json\/wp\/v2\/posts\/18166\/revisions\/18213"}],"wp:featuredmedia":[{"embeddable":true,"href":"https:\/\/yuga.at\/de\/wp-json\/wp\/v2\/media\/18167"}],"wp:attachment":[{"href":"https:\/\/yuga.at\/de\/wp-json\/wp\/v2\/media?parent=18166"}],"wp:term":[{"taxonomy":"category","embeddable":true,"href":"https:\/\/yuga.at\/de\/wp-json\/wp\/v2\/categories?post=18166"},{"taxonomy":"post_tag","embeddable":true,"href":"https:\/\/yuga.at\/de\/wp-json\/wp\/v2\/tags?post=18166"}],"curies":[{"name":"wp","href":"https:\/\/api.w.org\/{rel}","templated":true}]}}