{"id":18285,"date":"2026-01-04T09:48:03","date_gmt":"2026-01-04T08:48:03","guid":{"rendered":"https:\/\/yuga.at\/?p=18285"},"modified":"2026-01-04T09:54:11","modified_gmt":"2026-01-04T08:54:11","slug":"mangelhafte-berufe-in-oesterreich-2026","status":"publish","type":"post","link":"https:\/\/yuga.at\/de\/deficitarna-zanimanja-u-austriji-2026\/","title":{"rendered":"Mangelhafte Berufe in \u00d6sterreich 2026"},"content":{"rendered":"<p>In \u00d6sterreich gibt es Mangelberufe, und das Arbeitsministerium erstellt jedes Jahr eine Liste f\u00fcr die Besch\u00e4ftigung ausl\u00e4ndischer Fachkr\u00e4fte.<\/p>\n\n\n\n<p>Diese Liste definiert die Nachfrage nach Arbeitskr\u00e4ften in bestimmten Berufen und gilt f\u00fcr alle Staatsangeh\u00f6rigen aus Serbien, Bosnien und Herzegowina, Montenegro und Nordmazedonien, die eine Ausbildung in einem Mangelberuf abgeschlossen haben und in \u00d6sterreich arbeiten m\u00f6chten.<\/p>\n\n\n\n<p>Gem\u00e4\u00df der neuesten Liste f\u00fcr das Jahr 2026 besteht Bedarf an 64 Berufen (17 weniger als im Vorjahr), die als Mangelberufe gelten und in verschiedene spezifische Bereiche unterteilt sind. Die Liste finden Sie <a href=\"#DefZanimanja2024\" rel=\"nofollow\"><mark style=\"background-color:rgba(0, 0, 0, 0)\" class=\"has-inline-color has-vivid-red-color\">unten im Text<\/mark><\/a>.<\/p>\n\n\n\n<h2 class=\"wp-block-heading\" id=\"kakosezaposliti\">Wie kann man sich bewerben?<\/h2>\n\n\n\n<p>Es gibt mehrere grundlegende Kriterien, die erf\u00fcllt werden m\u00fcssen:<\/p>\n\n\n\n<ol class=\"wp-block-list\">\n<li>Es ist erforderlich, ein Diplom f\u00fcr den Mangelberuf zu haben, keine Zertifikate oder Kurse, sondern ein  Zeugnis \u00fcber die abgeschlossene Schule.<\/li>\n\n\n\n<li>Ein Arbeitsvertrag. Wer Arbeitspapiere haben m\u00f6chte, muss einen Arbeitgeber finden, der ihm einen Arbeitsvertrag gibt. Am besten ist es, wenn der Vertrag unbefristet ist.<br>Ein Arbeitsvertrag auf einem Jahr vermindert die Chance, dass die Arbeitspapiere genehmigt werden. <\/li>\n\n\n\n<li>Die gesuchte Arbeitsstelle im Arbeitsvertrag muss auf der Liste der Mangelberufe stehen. Im Arbeitsvertrag muss auch das Mindestgehalt f\u00fcr diese Stelle angegeben sein.<\/li>\n\n\n\n<li>Es m\u00fcssen mindestens 55 Punkte aus der unten stehenden Tabelle erreicht werden.<\/li>\n<\/ol>\n\n\n\n<h2 class=\"wp-block-heading\" id=\"poeni\">Punkte<\/h2>\n\n\n\n<figure class=\"wp-block-table is-style-stripes\"><table><tbody><tr><td class=\"has-text-align-left\" data-align=\"left\"><strong>Kriterium f\u00fcr Fachkr\u00e4fte Punkte<\/strong><\/td><td><strong>Punkte<\/strong><\/td><\/tr><tr><td class=\"has-text-align-left\" data-align=\"left\"><strong>Qualifikation<\/strong><\/td><td><strong>Maximal Punkte: 30<\/strong><\/td><\/tr><tr><td class=\"has-text-align-left\" data-align=\"left\">Abgeschlossene Berufsausbildung in einem Mangelberuf<\/td><td>30<\/td><\/tr><tr><td class=\"has-text-align-left\" data-align=\"left\"><strong>Berufserfahrung entsprechend dem Beruf<\/strong><\/td><td><strong><strong>Maximal Punkte:<\/strong> 20<\/strong><\/td><\/tr><tr><td class=\"has-text-align-left\" data-align=\"left\">Berufserfahrung (f\u00fcr 6 Monate Erfahrung)<br>Berufserfahrung in \u00d6sterreich (f\u00fcr 6 Monate Erfahrung)<\/td><td>1<br>2<\/td><\/tr><tr><td class=\"has-text-align-left\" data-align=\"left\"><strong>Sprachkenntnisse<\/strong><\/td><td><strong><strong>Maximal Punkte:<\/strong> 25<\/strong><\/td><\/tr><tr><td class=\"has-text-align-left\" data-align=\"left\">Sprachkenntnisse <strong>Niveau<\/strong> Deutsch A1<\/td><td>5<\/td><\/tr><tr><td class=\"has-text-align-left\" data-align=\"left\">Sprachkenntnisse <strong>Niveau<\/strong> A2<\/td><td>10<\/td><\/tr><tr><td class=\"has-text-align-left\" data-align=\"left\">Sprachkenntnisse <strong>Niveau<\/strong> B1<\/td><td>15<\/td><\/tr><tr><td class=\"has-text-align-left\" data-align=\"left\">Sprachkenntnisse <strong>englisch <\/strong>A2<\/td><td>5<\/td><\/tr><tr><td class=\"has-text-align-left\" data-align=\"left\">Sprachkenntnisse <strong>englisch <\/strong>B1<\/td><td>10<\/td><\/tr><tr><td class=\"has-text-align-left\" data-align=\"left\">Sprachkenntnisse <strong>franz\u00f6zisch <\/strong>A2<\/td><td>5<\/td><\/tr><tr><td class=\"has-text-align-left\" data-align=\"left\">Sprachkenntnisse <strong>spanisch <\/strong>A2<\/td><td>5<\/td><\/tr><tr><td class=\"has-text-align-left\" data-align=\"left\">Sprachkenntnisse <strong>bosnisch<\/strong>, <strong>kroatisch <\/strong>oder <strong>serbisch <\/strong>A2<\/td><td>5<\/td><\/tr><tr><td class=\"has-text-align-left\" data-align=\"left\"><strong>Alter<\/strong><\/td><td><strong><strong><strong>Maximal Punkte:<\/strong><\/strong><\/strong> <strong>15<\/strong><\/td><\/tr><tr><td class=\"has-text-align-left\" data-align=\"left\">Bis 30 Jahre<\/td><td>15<\/td><\/tr><tr><td class=\"has-text-align-left\" data-align=\"left\">Bis 40 Jahre<\/td><td>10<\/td><\/tr><tr><td class=\"has-text-align-left\" data-align=\"left\">Bis 50 Jahre<\/td><td>5<\/td><\/tr><tr><td class=\"has-text-align-left\" data-align=\"left\"><strong>Gesamtpunktzahl m\u00f6glich: 90<\/strong><\/td><td><strong>90<\/strong><\/td><\/tr><tr><td class=\"has-text-align-left\" data-align=\"left\">Zus\u00e4tzliche Punkte f\u00fcr <strong>englisch <\/strong>wenn die vorherrschende Unternehmenssprache <strong>englisch <\/strong>Sprache<\/td><td>5<\/td><\/tr><tr><td class=\"has-text-align-left\" data-align=\"left\"><strong>Mindestpunktzahl: 55<\/strong><\/td><td><strong>55<\/strong><\/td><\/tr><\/tbody><\/table><figcaption class=\"wp-element-caption\">Punkttabelle f\u00fcr Mangelberufe<\/figcaption><\/figure>\n\n\n\n<h2 class=\"wp-block-heading\" id=\"primer\">Beispiel<\/h2>\n\n\n\n<p>Ein Unternehmen m\u00f6chte einen Dachdecker aus Serbien einstellen, weil dies ein Mangelberuf auf dem \u00f6sterreichischen Arbeitsmarkt ist. Der serbische Bewerber ist 29 Jahre alt, hat eine entsprechende Ausbildung abgeschlossen und 10 Jahre Berufserfahrung in Serbien. Seine Deutschkenntnisse sind auf Anf\u00e4ngerniveau.<\/p>\n\n\n\n<p>F\u00fcr die abgeschlossene Ausbildung erh\u00e4lt er 30 Punkte, f\u00fcr die Berufserfahrung 20 Punkte und f\u00fcr die Deutschkenntnisse weitere 5 Punkte. Aufgrund seines Alters erh\u00e4lt er zus\u00e4tzlich 15 Punkte.<\/p>\n\n\n\n<p>Da er insgesamt 70 Punkte gesammelt hat und das Mindeste 55 betr\u00e4gt, erf\u00fcllt er die Anforderungen und kann sich bewerben und eine Rot-Wei\u00df-Rot-Karte erhalten.<\/p>\n\n\n\n<h2 class=\"wp-block-heading\" id=\"dokumenta\">Dokumente<\/h2>\n\n\n\n<p>Alle Originaldokumente m\u00fcssen vorgelegt werden. Das F\u00fchrungszeugnis wird im Original vorgelegt und nicht zur\u00fcckgegeben. Die anderen Dokumente werden zur\u00fcckgegeben, und Kopien werden behalten.<\/p>\n\n\n\n<ol class=\"wp-block-list\">\n<li>Diplom \u00fcber die abgeschlossene Ausbildung in einem Mangelberuf - Kopie mit \u00dcbersetzung und Apostille.<\/li>\n\n\n\n<li>Arbeitsvertrag. Original und Kopie.<\/li>\n\n\n\n<li class=\"antrag-link\">Arbeitgebererkl\u00e4rung. Wird vom Arbeitgeber ausgef\u00fcllt. Sie m\u00fcssen dem Arbeitgeber ein Erkl\u00e4rungsformular geben. Der Arbeitgeber ist verpflichtet, dieses Formular auszuf\u00fcllen und Ihnen zu\u00fcckzugeben. Original.<br>Auf der folgenden Website k\u00f6nnen Sie Arbeitgebererkl\u00e4rung herunterladen:<br><a href=\"https:\/\/www.bmi.gv.at\/312\/60a\/files\/20220927Arbeitgebererklaerung_RWR_Blaue_Karte.pdf\">https:\/\/www.bmi.gv.at\/312\/60a\/files\/20220927Arbeitgebererklaerung_RWR_Blaue_Karte.pdf<\/a><\/li>\n\n\n\n<li>Nachweis einer Krankenversicherung in \u00d6sterreich  - Kopie. Wenn Sie einen Arbeitsvertrag haben, in dem eine Krankenversicherung in \u00d6sterreich vorgesehen ist, reicht dieser Vertrag aus.<\/li>\n\n\n\n<li>Nachweis der Berufserfahrung - wird vom Unternehmen ausgestellt, in dem die Person gearbeitet hat. Berufserfahrung wird vor dem Abschluss des Studiums nicht anerkannt, sondern nur danach - Kopie mit \u00dcbersetzung und Apostille.<\/li>\n\n\n\n<li>Nachweis \u00fcber Deutschkenntnisse \u2013 ab Niveau A1. Anerkannte Institutionen, die Zertifikate ausstellen, sind: \u00d6SD, Goethe-Institut, Telc GmbH und der \u00d6sterreichische Integrationsfonds. Das Zertifikat darf nicht \u00e4lter als 5 (f\u00fcnf) Jahre sein \u2013 Kopie.<\/li>\n\n\n\n<li>Nachweis \u00fcber Englischkenntnisse \u2013 ab Niveau A2. Anerkannte Institutionen, die Zertifikate ausstellen, sind: Cambridge Certificate, TELC-Zertifikat, IELTS-Sprachdiplom, TOEIC-Sprachdiplom und TOEFL-Sprachdiplom. Das Zertifikat darf nicht \u00e4lter als 5 (f\u00fcnf) Jahre sein \u2013 Kopie.<\/li>\n\n\n\n<li>Originalf\u00fchrungszeugnis - wird von der Polizeibeh\u00f6rde des Herkunftslandes ausgestellt. Original mit \u00dcbersetzung und Apostille. Nicht \u00e4lter als 6 Monate.<\/li>\n\n\n\n<li>Kopie des Reisepasses mit allen Seiten.<\/li>\n\n\n\n<li>Papier mit Ein- und Ausreisedaten in den Schengen-Raum, mit Daten, in den letzten 6 Monaten (eigenh\u00e4ndig geschrieben).<\/li>\n\n\n\n<li>Geburtsuhrkunde - Kopie mit \u00dcbersetzung und Apostille.<\/li>\n\n\n\n<li>Foto - nicht \u00e4lter als 6 Monate, Gr\u00f6\u00dfe 45x35mm - Original.<\/li>\n<\/ol>\n\n\n\n<h2 class=\"wp-block-heading\" id=\"Troskoviitrajanjeprocedure\">Kosten und Dauer des Verfahrens<\/h2>\n\n\n\n<p>Die H\u00f6he der Kosten f\u00fcr die Bearbeitung von Dokumenten und die Ausstellung der Rot-Wei\u00df-Rot-Karte (Stand: 04.01.2026):<\/p>\n\n\n\n<ul class=\"wp-block-list\">\n<li>Antragsgeb\u00fchr f\u00fcr die Rot-Wei\u00df-Rot-Karte: \u20ac 156<\/li>\n\n\n\n<li> Geb\u00fchr f\u00fcr die Erteilung \/ Ausstellung der Karte: \u20ac 26<\/li>\n\n\n\n<li>Personalisierungskosten (Foto, Fingerabdr\u00fccke, Unterschrift): \u20ac 30<\/li>\n\n\n\n<li>Je nach Art des Dokuments kann eine zus\u00e4tzliche Geb\u00fchr von 7,20 oder 14,30 Euro f\u00fcr Reisedokumente und Staatsb\u00fcrgerschaftsnachweise anfallen.<\/li>\n<\/ul>\n\n\n\n<p>Die Dauer des Verfahrens variiert je nach Erfahrung, betr\u00e4gt aber in der Regel zwischen 30 und 90 Tagen.<\/p>\n\n\n\n<p>Die Apostille f\u00fcr Dokumente wird vom Gericht im Herkunftsland ausgestellt, und die Kosten variieren (in Serbien kostet es etwa 2300 Dinar pro Dokument).<\/p>\n\n\n\n<p>Es ist sehr wichtig, die Anzahl der Tage im Schengen-Raum zu ber\u00fccksichtigen, bevor Sie einen Antrag stellen. Die Dauer von 90 Tagen innerhalb der letzten sechs Monate darf nicht \u00fcberschritten werden.<\/p>\n\n\n\n<p class=\"antrag-link\">Auf der folgenden Website k\u00f6nnen Sie das Antragsformular f\u00fcr die Rot-Wei\u00df-Rot-Karte herunterladen:<br><a href=\"https:\/\/www.bmi.gv.at\/312\/60a\/files\/B\/029_2025_Antragsformular_B_Aufenthaltstitel_Drittstaatsangehoerige_DE_V20250717_bf.pdf\" target=\"_blank\" rel=\"noreferrer noopener\"><mark style=\"background-color:rgba(0, 0, 0, 0)\" class=\"has-inline-color has-vivid-red-color\">https:\/\/www.bmi.gv.at\/312\/60a\/files\/C\/2023_03_bf\/Antragsformular.pdf<\/mark><\/a><\/p>\n\n\n\n<h2 class=\"wp-block-heading\" id=\"DefZanimanja2026\">Mangelberufe f\u00fcr das Jahr 2026<\/h2>\n\n\n\n<p>Die Liste wurde im Dezember 2025 im Amtsblatt der Republik \u00d6sterreich ver\u00f6ffentlicht.<\/p>\n\n\n\n<input type=\"text\" id=\"filterInput\" placeholder=\"Schnellsuche\" class=\"wpcf7-form-control wpcf7-quiz\">\n<small>(Geben Sie den Berufstitel auf Deutsch oder aus dem exYu ein. Die Liste darunter wird automatisch gefiltert.)<\/small>\n\n\n<style>.kt-accordion-id18285_471f3d-c1 .kt-accordion-inner-wrap{column-gap:var(--global-kb-gap-md, 2rem);row-gap:0px;}.kt-accordion-id18285_471f3d-c1 .kt-accordion-panel-inner{border-top:0px solid transparent;border-right:0px solid transparent;border-bottom:0px solid transparent;border-left:0px solid transparent;padding-top:var(--global-kb-spacing-sm, 1.5rem);padding-right:var(--global-kb-spacing-sm, 1.5rem);padding-bottom:var(--global-kb-spacing-sm, 1.5rem);padding-left:var(--global-kb-spacing-sm, 1.5rem);}.kt-accordion-id18285_471f3d-c1 > .kt-accordion-inner-wrap > .wp-block-kadence-pane > .kt-accordion-header-wrap > .kt-blocks-accordion-header{border-top-color:#555555;border-top-style:solid;border-right-color:#555555;border-right-style:solid;border-bottom-color:#555555;border-bottom-style:solid;border-left-color:#555555;border-left-style:solid;border-top-left-radius:0px;border-top-right-radius:0px;border-bottom-right-radius:0px;border-bottom-left-radius:0px;background:#f2f2f2;font-size:18px;line-height:24px;color:#555555;padding-top:10px;padding-right:14px;padding-bottom:10px;padding-left:14px;}.kt-accordion-id18285_471f3d-c1:not( .kt-accodion-icon-style-basiccircle ):not( .kt-accodion-icon-style-xclosecircle ):not( .kt-accodion-icon-style-arrowcircle )  > .kt-accordion-inner-wrap > .wp-block-kadence-pane > .kt-accordion-header-wrap .kt-blocks-accordion-icon-trigger:after, .kt-accordion-id18285_471f3d-c1:not( .kt-accodion-icon-style-basiccircle ):not( .kt-accodion-icon-style-xclosecircle ):not( .kt-accodion-icon-style-arrowcircle )  > .kt-accordion-inner-wrap > .wp-block-kadence-pane > .kt-accordion-header-wrap .kt-blocks-accordion-icon-trigger:before{background:#555555;}.kt-accordion-id18285_471f3d-c1:not( .kt-accodion-icon-style-basic ):not( .kt-accodion-icon-style-xclose ):not( .kt-accodion-icon-style-arrow ) .kt-blocks-accordion-icon-trigger{background:#555555;}.kt-accordion-id18285_471f3d-c1:not( .kt-accodion-icon-style-basic ):not( .kt-accodion-icon-style-xclose ):not( .kt-accodion-icon-style-arrow ) .kt-blocks-accordion-icon-trigger:after, .kt-accordion-id18285_471f3d-c1:not( .kt-accodion-icon-style-basic ):not( .kt-accodion-icon-style-xclose ):not( .kt-accodion-icon-style-arrow ) .kt-blocks-accordion-icon-trigger:before{background:#f2f2f2;}.kt-accordion-id18285_471f3d-c1 > .kt-accordion-inner-wrap > .wp-block-kadence-pane > .kt-accordion-header-wrap > .kt-blocks-accordion-header:hover, \n\t\t\t\tbody:not(.hide-focus-outline) .kt-accordion-id18285_471f3d-c1 .kt-blocks-accordion-header:focus-visible{color:#444444;background:#eeeeee;border-top-color:#eeeeee;border-top-style:solid;border-right-color:#eeeeee;border-right-style:solid;border-bottom-color:#eeeeee;border-bottom-style:solid;border-left-color:#eeeeee;border-left-style:solid;}.kt-accordion-id18285_471f3d-c1:not( .kt-accodion-icon-style-basiccircle ):not( .kt-accodion-icon-style-xclosecircle ):not( .kt-accodion-icon-style-arrowcircle ) .kt-accordion-header-wrap .kt-blocks-accordion-header:hover .kt-blocks-accordion-icon-trigger:after, .kt-accordion-id18285_471f3d-c1:not( .kt-accodion-icon-style-basiccircle ):not( .kt-accodion-icon-style-xclosecircle ):not( .kt-accodion-icon-style-arrowcircle ) .kt-accordion-header-wrap .kt-blocks-accordion-header:hover .kt-blocks-accordion-icon-trigger:before, body:not(.hide-focus-outline) .kt-accordion-id18285_471f3d-c1:not( .kt-accodion-icon-style-basiccircle ):not( .kt-accodion-icon-style-xclosecircle ):not( .kt-accodion-icon-style-arrowcircle ) .kt-blocks-accordion--visible .kt-blocks-accordion-icon-trigger:after, body:not(.hide-focus-outline) .kt-accordion-id18285_471f3d-c1:not( .kt-accodion-icon-style-basiccircle ):not( .kt-accodion-icon-style-xclosecircle ):not( .kt-accodion-icon-style-arrowcircle ) .kt-blocks-accordion-header:focus-visible .kt-blocks-accordion-icon-trigger:before{background:#444444;}.kt-accordion-id18285_471f3d-c1:not( .kt-accodion-icon-style-basic ):not( .kt-accodion-icon-style-xclose ):not( .kt-accodion-icon-style-arrow ) .kt-accordion-header-wrap .kt-blocks-accordion-header:hover .kt-blocks-accordion-icon-trigger, body:not(.hide-focus-outline) .kt-accordion-id18285_471f3d-c1:not( .kt-accodion-icon-style-basic ):not( .kt-accodion-icon-style-xclose ):not( .kt-accodion-icon-style-arrow ) .kt-accordion-header-wrap .kt-blocks-accordion-header:focus-visible .kt-blocks-accordion-icon-trigger{background:#444444;}.kt-accordion-id18285_471f3d-c1:not( .kt-accodion-icon-style-basic ):not( .kt-accodion-icon-style-xclose ):not( .kt-accodion-icon-style-arrow ) .kt-accordion-header-wrap .kt-blocks-accordion-header:hover .kt-blocks-accordion-icon-trigger:after, .kt-accordion-id18285_471f3d-c1:not( .kt-accodion-icon-style-basic ):not( .kt-accodion-icon-style-xclose ):not( .kt-accodion-icon-style-arrow ) .kt-accordion-header-wrap .kt-blocks-accordion-header:hover .kt-blocks-accordion-icon-trigger:before, body:not(.hide-focus-outline) .kt-accordion-id18285_471f3d-c1:not( .kt-accodion-icon-style-basic ):not( .kt-accodion-icon-style-xclose ):not( .kt-accodion-icon-style-arrow ) .kt-accordion-header-wrap .kt-blocks-accordion-header:focus-visible .kt-blocks-accordion-icon-trigger:after, body:not(.hide-focus-outline) .kt-accordion-id18285_471f3d-c1:not( .kt-accodion-icon-style-basic ):not( .kt-accodion-icon-style-xclose ):not( .kt-accodion-icon-style-arrow ) .kt-accordion-header-wrap .kt-blocks-accordion-header:focus-visible .kt-blocks-accordion-icon-trigger:before{background:#eeeeee;}.kt-accordion-id18285_471f3d-c1 .kt-accordion-header-wrap .kt-blocks-accordion-header:focus-visible,\n\t\t\t\t.kt-accordion-id18285_471f3d-c1 > .kt-accordion-inner-wrap > .wp-block-kadence-pane > .kt-accordion-header-wrap > .kt-blocks-accordion-header.kt-accordion-panel-active{color:#ffffff;background:#444444;border-top-color:#444444;border-top-style:solid;border-right-color:#444444;border-right-style:solid;border-bottom-color:#444444;border-bottom-style:solid;border-left-color:#444444;border-left-style:solid;}.kt-accordion-id18285_471f3d-c1:not( .kt-accodion-icon-style-basiccircle ):not( .kt-accodion-icon-style-xclosecircle ):not( .kt-accodion-icon-style-arrowcircle )  > .kt-accordion-inner-wrap > .wp-block-kadence-pane > .kt-accordion-header-wrap > .kt-blocks-accordion-header.kt-accordion-panel-active .kt-blocks-accordion-icon-trigger:after, .kt-accordion-id18285_471f3d-c1:not( .kt-accodion-icon-style-basiccircle ):not( .kt-accodion-icon-style-xclosecircle ):not( .kt-accodion-icon-style-arrowcircle )  > .kt-accordion-inner-wrap > .wp-block-kadence-pane > .kt-accordion-header-wrap > .kt-blocks-accordion-header.kt-accordion-panel-active .kt-blocks-accordion-icon-trigger:before{background:#ffffff;}.kt-accordion-id18285_471f3d-c1:not( .kt-accodion-icon-style-basic ):not( .kt-accodion-icon-style-xclose ):not( .kt-accodion-icon-style-arrow ) .kt-blocks-accordion-header.kt-accordion-panel-active .kt-blocks-accordion-icon-trigger{background:#ffffff;}.kt-accordion-id18285_471f3d-c1:not( .kt-accodion-icon-style-basic ):not( .kt-accodion-icon-style-xclose ):not( .kt-accodion-icon-style-arrow ) .kt-blocks-accordion-header.kt-accordion-panel-active .kt-blocks-accordion-icon-trigger:after, .kt-accordion-id18285_471f3d-c1:not( .kt-accodion-icon-style-basic ):not( .kt-accodion-icon-style-xclose ):not( .kt-accodion-icon-style-arrow ) .kt-blocks-accordion-header.kt-accordion-panel-active .kt-blocks-accordion-icon-trigger:before{background:#444444;}@media all and (max-width: 1024px){.kt-accordion-id18285_471f3d-c1 .kt-accordion-panel-inner{border-top:0px solid transparent;border-right:0px solid transparent;border-bottom:0px solid transparent;border-left:0px solid transparent;}}@media all and (max-width: 1024px){.kt-accordion-id18285_471f3d-c1 > .kt-accordion-inner-wrap > .wp-block-kadence-pane > .kt-accordion-header-wrap > .kt-blocks-accordion-header{border-top-color:#555555;border-top-style:solid;border-right-color:#555555;border-right-style:solid;border-bottom-color:#555555;border-bottom-style:solid;border-left-color:#555555;border-left-style:solid;}}@media all and (max-width: 1024px){.kt-accordion-id18285_471f3d-c1 > .kt-accordion-inner-wrap > .wp-block-kadence-pane > .kt-accordion-header-wrap > .kt-blocks-accordion-header:hover, \n\t\t\t\tbody:not(.hide-focus-outline) .kt-accordion-id18285_471f3d-c1 .kt-blocks-accordion-header:focus-visible{border-top-color:#eeeeee;border-top-style:solid;border-right-color:#eeeeee;border-right-style:solid;border-bottom-color:#eeeeee;border-bottom-style:solid;border-left-color:#eeeeee;border-left-style:solid;}}@media all and (max-width: 1024px){.kt-accordion-id18285_471f3d-c1 .kt-accordion-header-wrap .kt-blocks-accordion-header:focus-visible,\n\t\t\t\t.kt-accordion-id18285_471f3d-c1 > .kt-accordion-inner-wrap > .wp-block-kadence-pane > .kt-accordion-header-wrap > .kt-blocks-accordion-header.kt-accordion-panel-active{border-top-color:#444444;border-top-style:solid;border-right-color:#444444;border-right-style:solid;border-bottom-color:#444444;border-bottom-style:solid;border-left-color:#444444;border-left-style:solid;}}@media all and (max-width: 767px){.kt-accordion-id18285_471f3d-c1 .kt-accordion-inner-wrap{display:block;}.kt-accordion-id18285_471f3d-c1 .kt-accordion-inner-wrap .kt-accordion-pane:not(:first-child){margin-top:0px;}.kt-accordion-id18285_471f3d-c1 .kt-accordion-panel-inner{border-top:0px solid transparent;border-right:0px solid transparent;border-bottom:0px solid transparent;border-left:0px solid transparent;}.kt-accordion-id18285_471f3d-c1 > .kt-accordion-inner-wrap > .wp-block-kadence-pane > .kt-accordion-header-wrap > .kt-blocks-accordion-header{border-top-color:#555555;border-top-style:solid;border-right-color:#555555;border-right-style:solid;border-bottom-color:#555555;border-bottom-style:solid;border-left-color:#555555;border-left-style:solid;}.kt-accordion-id18285_471f3d-c1 > .kt-accordion-inner-wrap > .wp-block-kadence-pane > .kt-accordion-header-wrap > .kt-blocks-accordion-header:hover, \n\t\t\t\tbody:not(.hide-focus-outline) .kt-accordion-id18285_471f3d-c1 .kt-blocks-accordion-header:focus-visible{border-top-color:#eeeeee;border-top-style:solid;border-right-color:#eeeeee;border-right-style:solid;border-bottom-color:#eeeeee;border-bottom-style:solid;border-left-color:#eeeeee;border-left-style:solid;}.kt-accordion-id18285_471f3d-c1 .kt-accordion-header-wrap .kt-blocks-accordion-header:focus-visible,\n\t\t\t\t.kt-accordion-id18285_471f3d-c1 > .kt-accordion-inner-wrap > .wp-block-kadence-pane > .kt-accordion-header-wrap > .kt-blocks-accordion-header.kt-accordion-panel-active{border-top-color:#444444;border-top-style:solid;border-right-color:#444444;border-right-style:solid;border-bottom-color:#444444;border-bottom-style:solid;border-left-color:#444444;border-left-style:solid;}}<\/style>\n<div class=\"wp-block-kadence-accordion alignnone def-zanimanja-accordion\"><div class=\"kt-accordion-wrap kt-accordion-id18285_471f3d-c1 kt-accordion-has-129-panes kt-active-pane-0 kt-accordion-block kt-pane-header-alignment-left kt-accodion-icon-style-basic kt-accodion-icon-side-right\" style=\"max-width:none\"><div class=\"kt-accordion-inner-wrap\" data-allow-multiple-open=\"false\" data-start-open=\"none\">\n<div class=\"wp-block-kadence-pane kt-accordion-pane kt-accordion-pane-1 kt-pane18285_f2b0dc-af\"><div class=\"kt-accordion-header-wrap\"><button class=\"kt-blocks-accordion-header kt-acccordion-button-label-show\"><span class=\"kt-blocks-accordion-title-wrap\"><span class=\"kt-blocks-accordion-title\">1. Diplomingenieur(e)innen f\u00fcr Starkstromtechnik &#8211; Diplomirani in\u017eenjeri elektrotehnike za<br>energetiku <\/span><\/span><span class=\"kt-blocks-accordion-icon-trigger\"><\/span><\/button><\/div><div class=\"kt-accordion-panel kt-accordion-panel-hidden\"><div class=\"kt-accordion-panel-inner\">\n<p>Elektrotechniker\/in f\u00fcr Starkstrom (DI), Elektrotechniker\/in (DI), Installationstechniker\/in &#8211; Starkstromtechnik (DI), Konstrukteur\/in &#8211; Starkstromtechnik (DI), Starkstromtechniker\/in (DI), Apparatebautechniker\/in (DI), Elektrotechniker\/in &#8211; Energie-\/Antriebstechnik (DI), Elektrotechnikplaner\/in &#8211; Erneuerbare Energien (DI)<\/p>\n<\/div><\/div><\/div>\n\n\n\n<div class=\"wp-block-kadence-pane kt-accordion-pane kt-accordion-pane-99 kt-pane18285_4c1875-9b\"><div class=\"kt-accordion-header-wrap\"><button class=\"kt-blocks-accordion-header kt-acccordion-button-label-show\"><span class=\"kt-blocks-accordion-title-wrap\"><span class=\"kt-blocks-accordion-title\">2. TechnikerInnen mit h\u00f6herer Ausbildung (Ing.) f\u00fcr Starkstromtechnik &#8211; Elektrotehni\u010dari-in\u017eenjeri energetike<\/span><\/span><span class=\"kt-blocks-accordion-icon-trigger\"><\/span><\/button><\/div><div class=\"kt-accordion-panel kt-accordion-panel-hidden\"><div class=\"kt-accordion-panel-inner\">\n<p>Elektrotechniker\/in (Ing), Installationstechniker\/in &#8211; Starkstromtechnik (Ing), Konstrukteur\/in &#8211; Starkstromtechnik (Ing), Starkstromtechniker\/in (Ing), Apparatebautechniker\/in (Ing), Elektrotechniker\/in &#8211; Energie- und Antriebstechnik (Ing), HTL-Absolvent\/in f\u00fcr Elektrotechnik, Elektrotechnikplaner\/in &#8211; Erneuerbare Energien (Ing.)<\/p>\n<\/div><\/div><\/div>\n\n\n\n<div class=\"wp-block-kadence-pane kt-accordion-pane kt-accordion-pane-100 kt-pane18285_fc80b8-b6\"><div class=\"kt-accordion-header-wrap\"><button class=\"kt-blocks-accordion-header kt-acccordion-button-label-show\"><span class=\"kt-blocks-accordion-title-wrap\"><span class=\"kt-blocks-accordion-title\">3. TechnikerInnen f\u00fcr Starkstromtechnik &#8211; Tehni\u010dari energetike<\/span><\/span><span class=\"kt-blocks-accordion-icon-trigger\"><\/span><\/button><\/div><div class=\"kt-accordion-panel kt-accordion-panel-hidden\"><div class=\"kt-accordion-panel-inner\">\n<p>Elektrotechniker\/in, Installationstechniker\/in &#8211; Starkstromtechnik, Konstrukteur\/in &#8211; Starkstromtechnik, Starkstromtechniker\/in, Elektrotechniker\/in &#8211; Energie \/Antriebstechnik, Elektrotechnikplaner\/in &#8211; Erneuerbare Energien<\/p>\n<\/div><\/div><\/div>\n\n\n\n<div class=\"wp-block-kadence-pane kt-accordion-pane kt-accordion-pane-2 kt-pane18285_268ff8-09\"><div class=\"kt-accordion-header-wrap\"><button class=\"kt-blocks-accordion-header kt-acccordion-button-label-show\"><span class=\"kt-blocks-accordion-title-wrap\"><span class=\"kt-blocks-accordion-title\">4. Landmaschinenbauer\/innen &#8211; Konstruktori poljoprivrednih ma\u0161ina<\/span><\/span><span class=\"kt-blocks-accordion-icon-trigger\"><\/span><\/button><\/div><div class=\"kt-accordion-panel kt-accordion-panel-hidden\"><div class=\"kt-accordion-panel-inner\">\n<p>Landmaschinenbauer\/in, Landmaschinenschlosser\/in, Landmaschinentechniker\/in, Land- und Baumaschinentechniker\/in \u2013 Landmaschinen<\/p>\n<\/div><\/div><\/div>\n\n\n\n<div class=\"wp-block-kadence-pane kt-accordion-pane kt-accordion-pane-6 kt-pane18285_d11fb1-32\"><div class=\"kt-accordion-header-wrap\"><button class=\"kt-blocks-accordion-header kt-acccordion-button-label-show\"><span class=\"kt-blocks-accordion-title-wrap\"><span class=\"kt-blocks-accordion-title\">5. Techniker\/innen mit h\u00f6herer Ausbildung (Ing.) f\u00fcr Maschinenbau &#8211; Ma\u0161inski tehni\u010dari sa vi\u0161im obrazovanjem<\/span><\/span><span class=\"kt-blocks-accordion-icon-trigger\"><\/span><\/button><\/div><div class=\"kt-accordion-panel kt-accordion-panel-hidden\"><div class=\"kt-accordion-panel-inner\">\n<p>Installationstechniker\/in \u2013 Maschinenbau (Ing), Kfz-Bautechniker\/in (Ing), Klimaanlagentechniker\/in (Ing), Maschinenbautechniker\/in (Ing), Maschinenkonstrukteur\/in (Ing), Maschinentechniker\/in (Ing), Sanit\u00e4rtechniker\/in (Ing), Teilkonstrukteur\/in (Ing), Werkzeugkonstrukteur\/in (Ing), Feinwerktechniker\/in, Geb\u00e4udetechniker\/in (Heizung\/L\u00fcftung\/Sanit\u00e4r) (Ing), Qualit\u00e4tssicherungstechniker\/in (Ing), CAD-Konstrukteur\/in (Ing), Mechatroniker\/in (Ing), Anlagentechniker\/in (Ing), Antriebstechniker\/in (Ing), Baumaschinentechniker\/in (Ing), CAM-Techniker\/in (Ing), Fertigungstechniker\/in (Ing), Waffentechniker\/in (Ing), L\u00fcftungstechniker\/in (Ing), HTL-Absolvent\/in f\u00fcr Maschineningenieurwesen, HTL-Absolvent\/in f\u00fcr Mechatronik, CAD\/CAM-Programmierer\/in (Ing), Automatisierungstechniker\/in (Ing)<\/p>\n<\/div><\/div><\/div>\n\n\n\n<div class=\"wp-block-kadence-pane kt-accordion-pane kt-accordion-pane-8 kt-pane18285_81aba3-5f\"><div class=\"kt-accordion-header-wrap\"><button class=\"kt-blocks-accordion-header kt-acccordion-button-label-show\"><span class=\"kt-blocks-accordion-title-wrap\"><span class=\"kt-blocks-accordion-title\">6. TechnikerInnen mit h\u00f6herer Ausbildung (Ing.) f\u00fcr Datenverarbeitung &#8211; In\u017eenjeri informacionih tehnologija<\/span><\/span><span class=\"kt-blocks-accordion-icon-trigger\"><\/span><\/button><\/div><div class=\"kt-accordion-panel kt-accordion-panel-hidden\"><div class=\"kt-accordion-panel-inner\">\n<p>Analytiker\/in (Ing), Datenerfassungsspezialist\/in (Ing), Programmierer\/in (Ing), Systemanalytiker\/in (Ing), Systemorganisator\/in (Ing), Computertechniker\/in (Ing), Netzwerktechniker\/in (Ing), Kundenbetreuer\/in EDV (Ing), Datenbanktechniker\/in (Ing), Wartungstechniker\/in EDV (Ing), Internet-Techniker\/in (Ing), EDV-Techniker\/in (Hard- und Software) (Ing), Systementwickler\/in (Ing), Softwaretechniker\/in (Softwareentwickler\/in) (Ing), EDV-Trainer\/in (Hard- und Software) (Ing), System- und Anwenderbetreuer\/in (Ing), Anwendungsentwickler\/in und -programmierer\/in (Ing), Web-Programmierer\/in (Ing), Multimedia-Programmierer\/in (Ing), Datenbankentwickler\/in und -programmierer\/in (Ing), Anwendungsberater\/in (Ing), Daten-Scientist (Ing), Datensicherheitsspezialist\/in (Ing), Hardwaretechniker\/in (Ing), Informatiker\/in (Anwendungsentwicklung) (Ing), Informatiker\/in (Kundendienst\/Dienstleistung) (Ing), Informatiker\/in (Systemanalyse) (Ing), Informations-Manager\/in (Data Warehouse Manager\/in) (Ing), Internet-\/Intranet-Administrator\/in (Ing), Internet-\/Intranet-Berater\/in (Ing), IT-Manager\/in (IT-Consultant) (Ing), Medieninformatiker\/in (Ing), Projekt-Manager\/in EDV (Ing), EDV-Qualit\u00e4tssicherungstechniker\/in (Ing), SAP-Anwendungsberater\/in, Scantechnik-\/Bilderfassungs-Spezialist\/in (Ing), Support-Manager\/in (Ing), Systemprogrammierer\/in (EDV) (Ing), Warenwirtschaftssystemtechniker\/in (Ing), Web-Master\/in (Ing), SAP-Entwickler\/in (SAP-Programmierer\/in) (Ing), System Engineer (Ing) (m.\/w.), Software Engineer (Ing) (m.\/w.), System Integrator (Ing) (m.\/w.), Network\/System Engineer (Ing) (m.\/w.), Senior Application Engineer (Ing) (m.\/w.), Datenbankadministrator\/in (Ing), Application Engineer (Ing) (m.\/w.), HTL-Absolvent\/in f\u00fcr EDV\/Informatik\/Informationstechnologie, Firmware-Entwickler\/in (Ing), .NET-Softwareentwickler\/in (Ing), IT-Architekt\/in (Ing), Softwaretester\/in (Ing), Software-Inbetriebsetzer\/in (Ing)<\/p>\n<\/div><\/div><\/div>\n\n\n\n<div class=\"wp-block-kadence-pane kt-accordion-pane kt-accordion-pane-9 kt-pane18285_c4f03d-76\"><div class=\"kt-accordion-header-wrap\"><button class=\"kt-blocks-accordion-header kt-acccordion-button-label-show\"><span class=\"kt-blocks-accordion-title-wrap\"><span class=\"kt-blocks-accordion-title\">7. Dachdecker\/innen &#8211; Krovopokriva\u010di<\/span><\/span><span class=\"kt-blocks-accordion-icon-trigger\"><\/span><\/button><\/div><div class=\"kt-accordion-panel kt-accordion-panel-hidden\"><div class=\"kt-accordion-panel-inner\">\n<p>Dachdecker\/in, Steiger\/in (Dachdecker), Dachdeckermeister\/in<\/p>\n<\/div><\/div><\/div>\n\n\n\n<div class=\"wp-block-kadence-pane kt-accordion-pane kt-accordion-pane-101 kt-pane18285_3e1f0d-cf\"><div class=\"kt-accordion-header-wrap\"><button class=\"kt-blocks-accordion-header kt-acccordion-button-label-show\"><span class=\"kt-blocks-accordion-title-wrap\"><span class=\"kt-blocks-accordion-title\">8. DiplomingenieurInnen f\u00fcr Schwachstrom- und Nachrichtentechnik &#8211; Diplomirani in\u017eenjeri elektrotehnike za elektromehaniku<br><\/span><\/span><span class=\"kt-blocks-accordion-icon-trigger\"><\/span><\/button><\/div><div class=\"kt-accordion-panel kt-accordion-panel-hidden\"><div class=\"kt-accordion-panel-inner\">\n<p>Elektroniker\/in &#8211; Industrielle Elektronik (DI), Nachrichten- und Schwachstromtechniker\/in (DI), Elektroniker\/in (DI), Fernsehtechniker\/in (DI), Funktechniker\/in (DI), Konstrukteur\/in &#8211; Schwachstrom- und Nachrichtentechnik (DI), Nachrichtentechniker\/in (DI), R\u00f6ntgentechniker\/in (DI), Radiotechniker\/in (DI), Regeltechniker\/in (DI), Schwachstromtechniker\/in (DI), Telefonanlagentechniker\/in (DI), Elektromedizintechniker\/in (DI), Elektrotechniker\/in &#8211; IT\/Elektronik\/Photonik (DI), Elektrotechniker\/in &#8211; Prozesstechnik (DI), Elektrotechniker\/in &#8211; Automatisierung\/Regelung (DI), Elektrotechniker\/in &#8211; Tontechnik (DI), GSM-Netzplaner\/in (Festnetz\/Funknetz) (DI), Kommunikationstechniker\/in (DI), Kybernetiker\/in (DI), Mikrotechniker\/in &#8211; Molekular \/Nano \/Quantentechnik (DI), Mobilfunktechniker\/in (GSM) (DI), Sensortechniker\/in (DI), Signaltechniker\/in (DI), SPS \/ASIC \/IC-Designer\/in (DI), SPS \/ASIC \/IC-Techniker\/in (DI), Telekommunikationstechniker\/in (DI), SPS-Programmierer\/in (DI), SMD-Techniker\/in (DI), Messtechniker\/in (DI), Telematiker\/in (DI)<\/p>\n<\/div><\/div><\/div>\n\n\n\n<div class=\"wp-block-kadence-pane kt-accordion-pane kt-accordion-pane-14 kt-pane18285_db084c-54\"><div class=\"kt-accordion-header-wrap\"><button class=\"kt-blocks-accordion-header kt-acccordion-button-label-show\"><span class=\"kt-blocks-accordion-title-wrap\"><span class=\"kt-blocks-accordion-title\">9. Fr\u00e4ser\/innen &#8211; Metalogloda\u010di<\/span><\/span><span class=\"kt-blocks-accordion-icon-trigger\"><\/span><\/button><\/div><div class=\"kt-accordion-panel kt-accordion-panel-hidden\"><div class=\"kt-accordion-panel-inner\">\n<p>Fr\u00e4ser\/in (Metallbearbeitung), Werkzeugfr\u00e4ser\/in, CNC-Fr\u00e4ser\/in<\/p>\n<\/div><\/div><\/div>\n\n\n\n<div class=\"wp-block-kadence-pane kt-accordion-pane kt-accordion-pane-12 kt-pane18285_c5396f-1e\"><div class=\"kt-accordion-header-wrap\"><button class=\"kt-blocks-accordion-header kt-acccordion-button-label-show\"><span class=\"kt-blocks-accordion-title-wrap\"><span class=\"kt-blocks-accordion-title\">10. Kalkulant(en)innen &#8211; Kalkulanti<\/span><\/span><span class=\"kt-blocks-accordion-icon-trigger\"><\/span><\/button><\/div><div class=\"kt-accordion-panel kt-accordion-panel-hidden\"><div class=\"kt-accordion-panel-inner\">\n<p>Kalkulant\/in, Kostenrechner\/in<\/p>\n<\/div><\/div><\/div>\n\n\n\n<div class=\"wp-block-kadence-pane kt-accordion-pane kt-accordion-pane-17 kt-pane18285_5e9d96-d6\"><div class=\"kt-accordion-header-wrap\"><button class=\"kt-blocks-accordion-header kt-acccordion-button-label-show\"><span class=\"kt-blocks-accordion-title-wrap\"><span class=\"kt-blocks-accordion-title\">11. Diplomierte\/r Gesundheits- und Krankenpfleger\/innen \u2013 Diplomirane medicinske sestre\/tehni\u010dari<\/span><\/span><span class=\"kt-blocks-accordion-icon-trigger\"><\/span><\/button><\/div><div class=\"kt-accordion-panel kt-accordion-panel-hidden\"><div class=\"kt-accordion-panel-inner\">\n<p>Dipl. psychiatr. Krankenpfleger\/in, Dipl. psychiatr. Gesundheits- und Krankenpfleger\/-schwester, Dipl. Kinderkranken-S\u00e4uglingspfleger\/-schwester, Dipl. Kinderkrankenpfleger\/-schwester, Dipl. Krankenpfleger\/in, Dipl. Gesundheits- und Krankenpfleger\/-schwester, Lehrkrankenpfleger\/ schwester, Dipl. Privatkrankenpfleger\/in, Dipl. S\u00e4uglings- und Kinderpfleger\/in, Dipl. S\u00e4uglings-Kinderkrankenpfleger\/-schwester, Dipl. Werkskrankenpfleger\/-schwester, Operationskrankenpfleger\/-schwester, Pflegedienstleiter\/in, Wohnbereichsleiter\/in in der Altenpflege, Dipl. Gesundheits- und Krankenpfleger\/in<\/p>\n<\/div><\/div><\/div>\n\n\n\n<div class=\"wp-block-kadence-pane kt-accordion-pane kt-accordion-pane-11 kt-pane18285_135aa0-50\"><div class=\"kt-accordion-header-wrap\"><button class=\"kt-blocks-accordion-header kt-acccordion-button-label-show\"><span class=\"kt-blocks-accordion-title-wrap\"><span class=\"kt-blocks-accordion-title\">12. Dreher\/innen &#8211; Strugari \/ Tokari<\/span><\/span><span class=\"kt-blocks-accordion-icon-trigger\"><\/span><\/button><\/div><div class=\"kt-accordion-panel kt-accordion-panel-hidden\"><div class=\"kt-accordion-panel-inner\">\n<p>Automatendreher\/in, Bohrwerksdreher\/in, Dreher\/in, Drehermeister\/in, Gewindeschneider\/in, Karusselldreher\/in, Revolverdreher\/in, Spitzendreher\/in, Werkzeugdreher\/in, CNC-Facharbeiter\/in, Zerspanungstechniker\/in, CNC-Dreher\/in, Metalltechniker\/in \u2013 Zerspanungstechnik<\/p>\n<\/div><\/div><\/div>\n\n\n\n<div class=\"wp-block-kadence-pane kt-accordion-pane kt-accordion-pane-10 kt-pane18285_e24027-96\"><div class=\"kt-accordion-header-wrap\"><button class=\"kt-blocks-accordion-header kt-acccordion-button-label-show\"><span class=\"kt-blocks-accordion-title-wrap\"><span class=\"kt-blocks-accordion-title\">13. Schwarzdecker\/innen &#8211; Izolateri (bitumenom)<\/span><\/span><span class=\"kt-blocks-accordion-icon-trigger\"><\/span><\/button><\/div><div class=\"kt-accordion-panel kt-accordion-panel-hidden\"><div class=\"kt-accordion-panel-inner\">\n<p>Schwarzdecker\/in<\/p>\n<\/div><\/div><\/div>\n\n\n\n<div class=\"wp-block-kadence-pane kt-accordion-pane kt-accordion-pane-13 kt-pane18285_f1f325-ad\"><div class=\"kt-accordion-header-wrap\"><button class=\"kt-blocks-accordion-header kt-acccordion-button-label-show\"><span class=\"kt-blocks-accordion-title-wrap\"><span class=\"kt-blocks-accordion-title\">14. Diplomingenieur(e)innen f\u00fcr Maschinenbau &#8211; Diplomirani ma\u0161inski in\u017eenjeri<\/span><\/span><span class=\"kt-blocks-accordion-icon-trigger\"><\/span><\/button><\/div><div class=\"kt-accordion-panel kt-accordion-panel-hidden\"><div class=\"kt-accordion-panel-inner\">\n<p>Betriebswissenschafter\/in (DI), Maschinenbauingenieur\/in (DI), Montanmaschinentechniker\/in (DI), Wirtschaftsingenieur\/in &#8211; Maschinenbau (DI), Installationstechniker\/in &#8211; Maschinenbau (DI), Kfz-Bautechniker\/in (DI), Klimaanlagentechniker\/in (DI), Maschinenbautechniker\/in (DI), Maschinenkonstrukteur\/in (DI), Maschinentechniker\/in (DI), Sanit\u00e4rtechniker\/in (DI), Werkzeugkonstrukteur\/in (DI). Geb\u00e4udetechniker\/in (Heizung\/L\u00fcftung\/Sanit\u00e4r) (DI), Qualit\u00e4tssicherungstechniker\/in (DI), CAD-Konstrukteur\/in (DI), Mechatroniker\/in (DI), Anlagentechniker\/in (DI), Antriebstechniker\/in (DI), Baumaschinentechniker\/in (DI), CAM-Techniker\/in (DI), Fertigungstechniker\/in (DI), L\u00fcftungstechniker\/in (DI), CAD\/CAM-Programmierer\/in (DI), Automatisierungstechniker\/in (DI)<\/p>\n<\/div><\/div><\/div>\n\n\n\n<div class=\"wp-block-kadence-pane kt-accordion-pane kt-accordion-pane-103 kt-pane18285_7a36b4-31\"><div class=\"kt-accordion-header-wrap\"><button class=\"kt-blocks-accordion-header kt-acccordion-button-label-show\"><span class=\"kt-blocks-accordion-title-wrap\"><span class=\"kt-blocks-accordion-title\">15. DiplomingenieurInnen f\u00fcr Datenverarbeitung &#8211; Diplomirani in\u017eenjeri elektrotehni<br>ke\/informatike<\/span><\/span><span class=\"kt-blocks-accordion-icon-trigger\"><\/span><\/button><\/div><div class=\"kt-accordion-panel kt-accordion-panel-hidden\"><div class=\"kt-accordion-panel-inner\">\n<p>Analytiker\/in (DI), Informatiker\/in (DI), Programmierer\/in (DI), Systemanalytiker\/in (DI), Systemorganisator\/in (DI), Systemberater\/in, Betriebsinformatiker\/in (EDV) (DI), Computertechniker\/in (DI), Netzwerktechniker\/in (DI), Datenbanktechniker\/in (DI), EDV-Techniker\/in (Hard- und Software) (DI), Systementwickler\/in (DI), Softwaretechniker\/in (Softwareentwickler\/in) (DI), EDV-Trainer\/in (Hard- und Software) (DI), System- und Anwenderbetreuer\/in (DI), Anwendungsentwickler\/in und programmierer\/in (DI), Datenbankentwickler\/in und programmierer\/in (DI), Daten-Scientist (DI), Datensicherheitsspezialist\/in (DI), Hardwaretechniker\/in (DI), Informatiker\/in (Anwendungsentwicklung) (DI), Informatiker\/in (Kundendienst\/Dienstleistung) (DI), Informatiker\/in (Systemanalyse) (DI), Informations-Manager\/in (Data Warehouse Manager\/in) (DI), Internet \/Intranet-Administrator\/in (DI), Internet \/Intranet-Berater\/in (DI), IT-Manager\/in (IT-Consultant) (DI), Medieninformatiker\/in (DI), Projekt-Manager\/in EDV (DI), EDV-Qualit\u00e4tssicherungstechniker\/in (DI), Systemprogrammierer\/in (EDV) (DI), Warenwirtschaftssystemtechniker\/in (DI), Web-Master\/in (DI), SAP-Entwickler\/in (SAP-Programmierer\/in) (DI), System Engineer (DI), Software Engineer (DI), System Integrator (DI), Network\/System Engineer (DI), Senior Application Engineer (DI), Datenbankadministrator\/in (DI), Application Engineer (DI), Firmware-Entwickler\/in (DI), NET-Softwareentwickler\/in (DI), IT-Architekt\/in (DI), Softwaretester\/in (DI)<\/p>\n<\/div><\/div><\/div>\n\n\n\n<div class=\"wp-block-kadence-pane kt-accordion-pane kt-accordion-pane-18 kt-pane18285_94e7ae-9f\"><div class=\"kt-accordion-header-wrap\"><button class=\"kt-blocks-accordion-header kt-acccordion-button-label-show\"><span class=\"kt-blocks-accordion-title-wrap\"><span class=\"kt-blocks-accordion-title\">16. Elektroinstallateure\/Elektroinstallateurinnen, Elektromonteure\/Elektromonteurinnen \u2013 Elektroinstalateri-monteri<\/span><\/span><span class=\"kt-blocks-accordion-icon-trigger\"><\/span><\/button><\/div><div class=\"kt-accordion-panel kt-accordion-panel-hidden\"><div class=\"kt-accordion-panel-inner\">\n<p>Aufzugmonteur\/in, Betriebselektriker\/in, Blitzschutzbauer\/in, Elektriker\/in, Elektroinstallateur\/in, Elektroinstallateur-Werkmeister\/in, Elektroinstallateurmeister\/in, Elektromeister\/in, Elektromonteur\/in, Elektrotechniker-Werkmeister\/in, Elektrotechnikermeister\/in, Hauselektriker\/in, Kabelmonteur\/in, Kraftfahrzeugelektriker\/in, Neonanlagenmonteur\/in, Starkstromelektriker\/in, Starkstrommonteur\/in, Anlagenmonteur\/in, Elektroanlagentechniker\/in, Elektrobetriebstechniker\/in, Elektrobetriebstechniker\/in &#8211; Prozessleittechnik, Elektroenergietechniker\/in, Elektroinstallationstechniker\/in, Anlagenelektriker\/in, Elektroinstallationstechn. &#8211; Prozessleit-\/Bustechnik (m.\/w.), Montagetechniker\/in &#8211; Elektroinstallation\/Elektronik, Schaltschrankbauer\/in, Konstrukteur\/in \u2013 Elektroinstallationstechnik, Elektrotechniker\/in &#8211; Anlagen- und Betriebstechnik, Elektrotechniker\/in &#8211; Elektro- und Geb\u00e4udetechnik, Elektrotechniker\/in \u2013 Energietechnik, Photoviltaiktechniker\/in<\/p>\n<\/div><\/div><\/div>\n\n\n\n<div class=\"wp-block-kadence-pane kt-accordion-pane kt-accordion-pane-20 kt-pane18285_7472b7-83\"><div class=\"kt-accordion-header-wrap\"><button class=\"kt-blocks-accordion-header kt-acccordion-button-label-show\"><span class=\"kt-blocks-accordion-title-wrap\"><span class=\"kt-blocks-accordion-title\">17. Techniker\/innen f\u00fcr Maschinenbau \u2013 Tehni\u010dari za gra\u0111evinske ma\u0161ine<\/span><\/span><span class=\"kt-blocks-accordion-icon-trigger\"><\/span><\/button><\/div><div class=\"kt-accordion-panel kt-accordion-panel-hidden\"><div class=\"kt-accordion-panel-inner\">\n<p>Installationstechniker\/in &#8211; Maschinenbau, Kfz-Bautechniker\/in, Klimaanlagentechniker\/in, Maschinenbautechniker\/in, Maschinenkonstrukteur\/in, Maschinentechniker\/in, Sanit\u00e4rtechniker\/in, Teilkonstrukteur\/in, Werkzeugkonstrukteur\/in, Werkmeister\/in Maschinenbau, Geb\u00e4udetechniker\/in (Heizung\/L\u00fcftung\/Sanit\u00e4r), Qualit\u00e4tssicherungstechniker\/in, CAD-Konstrukteur\/in, Mechatroniker\/in, Antriebstechniker\/in, Baumaschinentechniker\/in, Fertigungstechniker\/in, L\u00fcftungstechniker\/in, Anlagentechniker\/in, CAD\/CAM-Programmierer\/in, Automatisierungstechniker\/in<\/p>\n<\/div><\/div><\/div>\n\n\n\n<div class=\"wp-block-kadence-pane kt-accordion-pane kt-accordion-pane-16 kt-pane18285_42b654-59\"><div class=\"kt-accordion-header-wrap\"><button class=\"kt-blocks-accordion-header kt-acccordion-button-label-show\"><span class=\"kt-blocks-accordion-title-wrap\"><span class=\"kt-blocks-accordion-title\">18. Techniker\/innen mit h\u00f6herer Ausbildung (Ing) soweit nicht anderweitig eingeordnet \u2013 Ostali tehni\u010dari sa vi\u0161im obrazovanjem (in\u017eenjeri)<\/span><\/span><span class=\"kt-blocks-accordion-icon-trigger\"><\/span><\/button><\/div><div class=\"kt-accordion-panel kt-accordion-panel-hidden\"><div class=\"kt-accordion-panel-inner\">\n<p>Eichtechniker\/in (Ing), H\u00e4rtetechniker\/in (Ing), Holztechniker\/in (Ing), Kunststofftechniker\/in (Ing), Ledertechniker\/in (Ing), Reisetechniker\/in (Ing), Schuhtechniker\/in (Ing), Schwei\u00dftechniker\/in (Ing), Servicetechniker\/in (Ing), Silikattechniker\/in (Ing), Verfahrenstechniker\/in (Ing), Umwelt-\/Sicherheitstechniker\/in (Ing), Technisch(er)e Berater\/in (Ing), Lasertechniker\/in (Ing), Entwicklungstechniker\/in (Ing), Pr\u00fcftechniker\/in (Ing), Einrichtungstechniker\/in (Einrichtungsplaner\/in) (Ing), Beauftragt(er)e f\u00fcr wasserrechtliche Bauaufsicht (Ing), Drucktechniker\/in (Ing), Entsorgungstechniker\/in (Deponietechniker\/in) (Ing), Geoinformationstechniker\/in (Ing), M\u00f6belbautechniker\/in (Ing), Optisch(er)e Elektroniker\/in (Ing), Papier- und Zellstofftechniker\/in (Ing), Recyclingtechniker\/in (Ing), Schiffbautechniker\/in (Ing), Textilchemiker\/in (Ing), Validierungstechniker\/in (Ing), Verkehrsplaner\/in\/-techniker\/in (Ing), Wasserbautechniker\/in (Ing), Wasserwirtschafter\/in (Ing), Werkstofftechniker\/in (Ing), Fahrzeugtechniker\/in (Ing), Vertriebstechniker\/in (Ing), HTL-Absolvent\/in f\u00fcr Innenraumgestaltung und Holztechnik, HTL-Absolvent\/in f\u00fcr Druck- und Medientechnik, HTL-Absolvent\/in f\u00fcr Werkstoffingenieurwesen, Projekttechniker\/in (Ing), Technisch(er)e Projektmitarbeiter\/in (Ing), Holzbautechniker\/in (Ing)<\/p>\n<\/div><\/div><\/div>\n\n\n\n<div class=\"wp-block-kadence-pane kt-accordion-pane kt-accordion-pane-19 kt-pane18285_16c639-9a\"><div class=\"kt-accordion-header-wrap\"><button class=\"kt-blocks-accordion-header kt-acccordion-button-label-show\"><span class=\"kt-blocks-accordion-title-wrap\"><span class=\"kt-blocks-accordion-title\">19. Schwei\u00dfer\/innen, Schneidbrenner\/innen \u2013 Varioci \/ Zavariva\u010di<\/span><\/span><span class=\"kt-blocks-accordion-icon-trigger\"><\/span><\/button><\/div><div class=\"kt-accordion-panel kt-accordion-panel-hidden\"><div class=\"kt-accordion-panel-inner\">\n<p>Aluminiumschwei\u00dfer\/in, Argonacschwei\u00dfer\/in, Autogenbrenner\/in, Autogenschneider\/in, Autogenschwei\u00dfer\/in, Elektroschwei\u00dfer\/in, Elektroschwei\u00dfmeister\/in, Hartl\u00f6ter\/in, Kesselschwei\u00dfer\/in, Punktschwei\u00dfer\/in, Rohrschwei\u00dfer\/in, Schutzgasschwei\u00dfer\/in, Schwei\u00dfer\/in, Kettenschwei\u00dfer\/in, Universalschwei\u00dfer\/in, Metalltechniker\/in &#8211; Schwei\u00dftechnik\/in<\/p>\n<\/div><\/div><\/div>\n\n\n\n<div class=\"wp-block-kadence-pane kt-accordion-pane kt-accordion-pane-27 kt-pane18285_4643e4-3f\"><div class=\"kt-accordion-header-wrap\"><button class=\"kt-blocks-accordion-header kt-acccordion-button-label-show\"><span class=\"kt-blocks-accordion-title-wrap\"><span class=\"kt-blocks-accordion-title\">20. Spengler\/innen \u2013 Limari<\/span><\/span><span class=\"kt-blocks-accordion-icon-trigger\"><\/span><\/button><\/div><div class=\"kt-accordion-panel kt-accordion-panel-hidden\"><div class=\"kt-accordion-panel-inner\">\n<p>Betriebsspengler\/in, Buchstabenspengler\/in, Feinblechner\/in, Galanteriespengler\/in, L\u00fcftungsspengler\/in, Spengler\/in, Spenglermeister\/in, Isolierspengler\/in, Flugzeugspengler\/in<\/p>\n<\/div><\/div><\/div>\n\n\n\n<div class=\"wp-block-kadence-pane kt-accordion-pane kt-accordion-pane-22 kt-pane18285_8536e4-5a\"><div class=\"kt-accordion-header-wrap\"><button class=\"kt-blocks-accordion-header kt-acccordion-button-label-show\"><span class=\"kt-blocks-accordion-title-wrap\"><span class=\"kt-blocks-accordion-title\">21. Rohrinstallateur(e)innen, Rohrmonteur(e)innen \u2013 Instaleteri i monteri cevi<\/span><\/span><span class=\"kt-blocks-accordion-icon-trigger\"><\/span><\/button><\/div><div class=\"kt-accordion-panel kt-accordion-panel-hidden\"><div class=\"kt-accordion-panel-inner\">\n<p>GW-Installateurmeister\/in, Heizungsinstallateurmeister\/in, Heizungsmonteur\/in, Installateur\/in, Installateur-Werkmeister\/in, Installateurmeister\/in, K\u00fchlanlageninstallateur\/in, Klimaanlageninstallateur\/in, Rohrleger\/in, GWH-Installateur\/in, Sanit\u00e4rmonteur\/in, Rohrschlosser\/in (Rohrinstallation), Gas- und Wasserleitungsinstallateur\/in, Wasserleitungsinstallateur\/in, Hausinstallateur\/in, Heizungs- und Sanit\u00e4rmonteur\/in, Vorarbeiter\/in Rohrleitungsbau, Sanit\u00e4r- und Klimatechniker\/in (Gas-\/Wasserinstallation), Sanit\u00e4r- und Klimatechniker\/in (Heizungsinstallation), Sanit\u00e4r- und Klimatechniker\/in (L\u00fcftungsinstallation), Gasinstallateur\/in, Zentralheizungsbauer\/in, Solartechniker\/in (Solarteur\/in), Sanit\u00e4r- und Klimatechniker\/in (\u00d6koenergieinstallation), Installations-\/Geb\u00e4udetechniker\/in &#8211; Gas-\/Sanit\u00e4rtechnik, Installations- und Geb\u00e4udetechniker\/in \u2013 Heizungstechnik, Installations- und Geb\u00e4udetechniker\/in \u2013 L\u00fcftungstechnik, Konstrukteur\/in &#8211; Installations- und Geb\u00e4udetechnik<\/p>\n<\/div><\/div><\/div>\n\n\n\n<div class=\"wp-block-kadence-pane kt-accordion-pane kt-accordion-pane-15 kt-pane18285_d47436-27\"><div class=\"kt-accordion-header-wrap\"><button class=\"kt-blocks-accordion-header kt-acccordion-button-label-show\"><span class=\"kt-blocks-accordion-title-wrap\"><span class=\"kt-blocks-accordion-title\">22. Augenoptiker\/innen &#8211; Opti\u010dari<\/span><\/span><span class=\"kt-blocks-accordion-icon-trigger\"><\/span><\/button><\/div><div class=\"kt-accordion-panel kt-accordion-panel-hidden\"><div class=\"kt-accordion-panel-inner\">\n<p>Augenoptiker\/in, Optikermeister\/in, Optiker\/in, H\u00f6rger\u00e4teakustiker\/in<\/p>\n<\/div><\/div><\/div>\n\n\n\n<div class=\"wp-block-kadence-pane kt-accordion-pane kt-accordion-pane-24 kt-pane18285_8ec0c4-ce\"><div class=\"kt-accordion-header-wrap\"><button class=\"kt-blocks-accordion-header kt-acccordion-button-label-show\"><span class=\"kt-blocks-accordion-title-wrap\"><span class=\"kt-blocks-accordion-title\">23. Schlosser\/innen \u2013 Ma\u0161inbravari<\/span><\/span><span class=\"kt-blocks-accordion-icon-trigger\"><\/span><\/button><\/div><div class=\"kt-accordion-panel kt-accordion-panel-hidden\"><div class=\"kt-accordion-panel-inner\">\n<p>Betriebsschlosser\/in, Galanterieschlosser\/in, Hausschlosser\/in, Kontrollschlosser\/in, Modellschlosser\/in, Reparaturschlosser\/in, Schlossermeister\/in (Schlosserei), Schlosser\/in (Schlosserei), Allgemeinschlosser\/in, H\u00fcttenwerksschlosser\/in, Hydraulikschlosser\/in, Bergwerksschlosser\/in-Maschinenh\u00e4uer\/in, Gie\u00dfereimechaniker\/in, Metalltechniker\/in \u2013 Metallbearbeitungstechnik, Metallfacharbeiter\/in, Metallbearbeiter\/in, Metallurg\/in und Umformtechniker\/in<\/p>\n<\/div><\/div><\/div>\n\n\n\n<div class=\"wp-block-kadence-pane kt-accordion-pane kt-accordion-pane-25 kt-pane18285_bc98b7-4f\"><div class=\"kt-accordion-header-wrap\"><button class=\"kt-blocks-accordion-header kt-acccordion-button-label-show\"><span class=\"kt-blocks-accordion-title-wrap\"><span class=\"kt-blocks-accordion-title\">24. \u00c4rzt(e)innen \u2013 Lekari<\/span><\/span><span class=\"kt-blocks-accordion-icon-trigger\"><\/span><\/button><\/div><div class=\"kt-accordion-panel kt-accordion-panel-hidden\"><div class=\"kt-accordion-panel-inner\">\n<p>Arzt\/\u00c4rztin f\u00fcr Allgemeinmedizin, Hygienebeauftragt(er)e, Allergolog(e)in, Facharzt\/\u2011\u00e4rztin (An\u00e4sthesiologie und Intensivmedizin), Facharzt\/\u2011\u00e4rztin (Anatomie), Facharzt\/\u2011\u00e4rztin (Arbeitsmedizin und angewandte Physiologie), Facharzt\/\u2011\u00e4rztin (Augenheilkunde und Optometrie), Facharzt\/\u2011\u00e4rztin (Transfusionsmedizin), Facharzt\/\u2011\u00e4rztin (Chirurgie), Facharzt\/\u2011\u00e4rztin (Frauenheilkunde und Geburtshilfe), Facharzt\/\u2011\u00e4rztin (Gerichtsmedizin), Facharzt\/\u2011\u00e4rztin (Hals\u2011\/Nasen und Ohrenkrankheiten), Facharzt\/\u2011\u00e4rztin (Haut- und Geschlechtskrankheiten), Facharzt\/\u2011\u00e4rztin (Histologie\/Embryologie und Zellbiologie), Facharzt\/\u2011\u00e4rztin (Klinische Mikrobiologie und Hygiene), Facharzt\/\u2011\u00e4rztin (Klinische Immunologie), Facharzt\/\u2011\u00e4rztin (Innere Medizin), Facharzt\/\u2011\u00e4rztin (Kinder- und Jugendchirurgie), Facharzt\/\u2011\u00e4rztin (Innere Medizin und Pneumologie), Facharzt\/\u2011\u00e4rztin (Kinder\u2011 und Jugendpsychiatrie), Facharzt\/\u2011\u00e4rztin (Radiologie), Facharzt\/\u2011\u00e4rztin (Medizinische und Chem. Labordiagnostik), Facharzt\/\u2011\u00e4rztin (Mund\u2011\/Kiefer- und Gesichtschirurgie), Facharzt\/\u2011\u00e4rztin (Medizinische Genetik), Facharzt\/\u2011\u00e4rztin (Neurochirurgie), Facharzt\/\u2011\u00e4rztin (Neurologie), Facharzt\/\u2011\u00e4rztin (Klinische Pathologie und Neuropathologie), Facharzt\/\u2011\u00e4rztin (Nuklearmedizin), Facharzt\/\u2011\u00e4rztin (Orthop\u00e4die und Traumatologie), Facharzt\/\u2011\u00e4rztin (Klinische Pathologie und Molekularpathol.), Facharzt\/\u2011\u00e4rztin (Pysiologie und Pathophysiologie), Facharzt\/\u2011\u00e4rztin (Pharmakologie und Toxikologie), Facharzt\/\u2011\u00e4rztin (Physikalische Medizin und Rehabilitation), Facharzt\/\u2011\u00e4rztin (Plastische und \u00c4sthetische Chirurgie), Facharzt\/\u2011\u00e4rztin (Psychiatrie und Psychotherapeut. Medizin), Facharzt\/\u2011\u00e4rztin (Public Health), Facharzt\/\u2011\u00e4rztin (Klinische Immunologie und Tropenmedizin), Facharzt\/\u2011\u00e4rztin (Strahlentherapie und Radioonkologie), Facharzt\/\u2011\u00e4rztin (Urologie), Facharzt\/\u2011\u00e4rztin (Klinische Mikrobiologie und Virologie), Gerontolog(e)in, Risk-Manager\/in (Medizin\/Pharmazie), Turnusarzt\/-\u00e4rztin<\/p>\n<\/div><\/div><\/div>\n\n\n\n<div class=\"wp-block-kadence-pane kt-accordion-pane kt-accordion-pane-104 kt-pane18285_2246f8-63\"><div class=\"kt-accordion-header-wrap\"><button class=\"kt-blocks-accordion-header kt-acccordion-button-label-show\"><span class=\"kt-blocks-accordion-title-wrap\"><span class=\"kt-blocks-accordion-title\">25. Triebfahrzeugf\u00fchrerInnen \u2013 Ma\u0161inovo\u0111e<br><\/span><\/span><span class=\"kt-blocks-accordion-icon-trigger\"><\/span><\/button><\/div><div class=\"kt-accordion-panel kt-accordion-panel-hidden\"><div class=\"kt-accordion-panel-inner\">\n<p>Triebfahrzeugf\u00fchrer\/in<\/p>\n<\/div><\/div><\/div>\n\n\n\n<div class=\"wp-block-kadence-pane kt-accordion-pane kt-accordion-pane-32 kt-pane18285_0c4e06-3f\"><div class=\"kt-accordion-header-wrap\"><button class=\"kt-blocks-accordion-header kt-acccordion-button-label-show\"><span class=\"kt-blocks-accordion-title-wrap\"><span class=\"kt-blocks-accordion-title\">26. Lackierer\/innen \u2013 Lakireri<\/span><\/span><span class=\"kt-blocks-accordion-icon-trigger\"><\/span><\/button><\/div><div class=\"kt-accordion-panel kt-accordion-panel-hidden\"><div class=\"kt-accordion-panel-inner\">\n<p>Autolackierer\/in, Lackierer\/in, M\u00f6bellackierer\/in, Spritzer\/in, Spritzlackierer\/in, Spritzlackierermeister\/in, Industrielackierer\/in, Lackiertechniker\/in<\/p>\n<\/div><\/div><\/div>\n\n\n\n<div class=\"wp-block-kadence-pane kt-accordion-pane kt-accordion-pane-41 kt-pane18285_951964-19\"><div class=\"kt-accordion-header-wrap\"><button class=\"kt-blocks-accordion-header kt-acccordion-button-label-show\"><span class=\"kt-blocks-accordion-title-wrap\"><span class=\"kt-blocks-accordion-title\">27. Kraftfahrzeugmechaniker\/innen \u2013 Automehani\u010dari<\/span><\/span><span class=\"kt-blocks-accordion-icon-trigger\"><\/span><\/button><\/div><div class=\"kt-accordion-panel kt-accordion-panel-hidden\"><div class=\"kt-accordion-panel-inner\">\n<p>Kraftfahrzeugmechaniker\/in, Kfz-Mechaniker-Werkmeister\/in, Kfz-Mechanikermeister\/in, Kfz-Schlosser\/in (Kraftfahrzeugmechanik), Motorradmechaniker\/in, LKW-Mechaniker\/in, Motorbootmechaniker\/in, Pr\u00fcfmeister\/in (Kfz-Technik), Werkst\u00e4ttenleiter\/in (Kfz-Werkstatt), Kraftfahrzeugtechniker\/in, Kraftfahrzeugtechniker\/in \u2013 Personenkraftwagentechnik, Kraftfahrzeugtechniker\/in \u2013 Nutzfahrzeugtechnik, Kraftfahrzeugtechniker\/in \u2013 Motorradtechnik<\/p>\n<\/div><\/div><\/div>\n\n\n\n<div class=\"wp-block-kadence-pane kt-accordion-pane kt-accordion-pane-36 kt-pane18285_f5d068-73\"><div class=\"kt-accordion-header-wrap\"><button class=\"kt-blocks-accordion-header kt-acccordion-button-label-show\"><span class=\"kt-blocks-accordion-title-wrap\"><span class=\"kt-blocks-accordion-title\">28. Techniker\/innen f\u00fcr Schwachstrom- und Nachrichtentechnik \u2013 Tehni\u010dari za slabe struje i komunikacione tehnologije<\/span><\/span><span class=\"kt-blocks-accordion-icon-trigger\"><\/span><\/button><\/div><div class=\"kt-accordion-panel kt-accordion-panel-hidden\"><div class=\"kt-accordion-panel-inner\">\n<p>Elektroniker\/in, Fernsehtechniker\/in, Funktechniker\/in, Konstrukteur\/in &#8211; Schwachstrom- und Nachrichtentechnik, Nachrichtentechniker\/in, R\u00f6ntgentechniker\/in, Radiotechniker\/in, Regeltechniker\/in, Schwachstromtechniker\/in, Tonmeister\/in, Videotechniker\/in, Telefonanlagentechniker\/in, Elektromedizintechniker\/in, Elektrotechniker\/in &#8211; Prozesstechnik, Elektrotechniker\/in &#8211; Automatisierung\/Regelung, Kommunikationstechniker\/in, Mobilfunktechniker\/in (GSM), Planungstechniker\/in &#8211; Elektronik, Pr\u00fcffeldtechniker\/in, Sensortechniker\/in, Signaltechniker\/in, SPS-\/ASIC-\/IC-Techniker\/in, SPS-Programmierer\/in, SMD-Techniker\/in, Messtechniker\/in<\/p>\n<\/div><\/div><\/div>\n\n\n\n<div class=\"wp-block-kadence-pane kt-accordion-pane kt-accordion-pane-45 kt-pane18285_31476b-d3\"><div class=\"kt-accordion-header-wrap\"><button class=\"kt-blocks-accordion-header kt-acccordion-button-label-show\"><span class=\"kt-blocks-accordion-title-wrap\"><span class=\"kt-blocks-accordion-title\">29. Techniker\/innen f\u00fcr Wirtschaftswesen \u2013 In\u017eenjeri organizacije rada<\/span><\/span><span class=\"kt-blocks-accordion-icon-trigger\"><\/span><\/button><\/div><div class=\"kt-accordion-panel kt-accordion-panel-hidden\"><div class=\"kt-accordion-panel-inner\">\n<p>Arbeitstechniker\/in, Arbeitsvorbereiter\/in, Betriebstechniker\/in, Refa-Techniker\/in, Technisch(er)e Betriebsleiter\/in, Technisch(er)e Kalkulant\/in, Wirtschaftstechniker\/in, Sicherheitsfachkraft\/ techniker\/in, Verkaufstechniker\/in, Customer Support-Techniker\/in, Instandhaltungstechniker\/in, Produktionsleiter\/in (Gewerbe\/Industrie), Quality Engineer, Produktionsplaner\/in, Leiter\/in der Instandhaltung, Technisch(er)e Assistent\/in<\/p>\n<\/div><\/div><\/div>\n\n\n\n<div class=\"wp-block-kadence-pane kt-accordion-pane kt-accordion-pane-46 kt-pane18285_1a5a29-51\"><div class=\"kt-accordion-header-wrap\"><button class=\"kt-blocks-accordion-header kt-acccordion-button-label-show\"><span class=\"kt-blocks-accordion-title-wrap\"><span class=\"kt-blocks-accordion-title\">30. Medizinisch-technische Fachkr\u00e4fte \u2013 Ostala zdravstvena zanimanja<\/span><\/span><span class=\"kt-blocks-accordion-icon-trigger\"><\/span><\/button><\/div><div class=\"kt-accordion-panel kt-accordion-panel-hidden\"><div class=\"kt-accordion-panel-inner\">\n<p>Ergotherapeut\/in, Logop\u00e4d(e)in, Biomedizinisch(er)e Analytiker\/in, Radiologietechnolog(e)in, Dipl. Assistent\/in f\u00fcr physikalische Medizin, Dipl. medizinisch-technische Fachkraft, Heilgymnastiker\/in, Orthoptist\/in, Physiotherapeut\/in, R\u00f6ntgenassistent\/in, Medizinisch-technisch(er)e Assistent\/in, Kardiotechniker\/in, Klinisch(er)e Psycholog(e)in, Psychotherapeut\/in, Dipl. medizinisch(er)e Fachassistent\/in (MFA), Trainingstherapeut\/in<\/p>\n<\/div><\/div><\/div>\n\n\n\n<div class=\"wp-block-kadence-pane kt-accordion-pane kt-accordion-pane-23 kt-pane18285_02afe8-4b\"><div class=\"kt-accordion-header-wrap\"><button class=\"kt-blocks-accordion-header kt-acccordion-button-label-show\"><span class=\"kt-blocks-accordion-title-wrap\"><span class=\"kt-blocks-accordion-title\">31. Zimmerer\/innen \u2013 Tesari<\/span><\/span><span class=\"kt-blocks-accordion-icon-trigger\"><\/span><\/button><\/div><div class=\"kt-accordion-panel kt-accordion-panel-hidden\"><div class=\"kt-accordion-panel-inner\">\n<p>Bauzimmer(er)in, Bundzimmer(er)in, Schalungszimmer(er)in, Zimmerermeister\/in, Zimmer(er)in, Zimmerervorarbeiter\/in, Zimmerer-Polier\/in, Fertigteilhausbauer\/in, Zimmereitechniker\/in<\/p>\n<\/div><\/div><\/div>\n\n\n\n<div class=\"wp-block-kadence-pane kt-accordion-pane kt-accordion-pane-30 kt-pane18285_e1745d-9a\"><div class=\"kt-accordion-header-wrap\"><button class=\"kt-blocks-accordion-header kt-acccordion-button-label-show\"><span class=\"kt-blocks-accordion-title-wrap\"><span class=\"kt-blocks-accordion-title\">32. Techniker\/innen mit h\u00f6herer Ausbildung (Ing.) f\u00fcr Bauwesen \u2013 Gra\u0111evinski in\u017eenjeri<\/span><\/span><span class=\"kt-blocks-accordion-icon-trigger\"><\/span><\/button><\/div><div class=\"kt-accordion-panel kt-accordion-panel-hidden\"><div class=\"kt-accordion-panel-inner\">\n<p>Bauf\u00fchrer\/in (Ing), Bauleiter\/in (Ing), Baumeister\/in (Ing), Bautechniker\/in (Ing), Hochbautechniker\/in (Ing), Stahlbaukonstrukteur\/in (Ing), Stahlbautechniker\/in (Ing), Statiker\/in (Ing), Stra\u00dfenbautechniker\/in (Ing), Tiefbautechniker\/in (Ing), Baustellenleiter\/in (Ing), Umwelt-\/Sicherheitstechniker\/in Bau (Ing), Baukalkulant\/in (Ing), Bautechniker\/in-Baukonstruktion (Ing), Bautechniker\/in-Bau\u00f6kologie (Ing), Bautechniker\/in-Sanierungstechnik (Ing), HTL-Absolvent\/in f\u00fcr Bautechnik, Projektleiter\/in f\u00fcr Bauprojekte (Ing)<\/p>\n<\/div><\/div><\/div>\n\n\n\n<div class=\"wp-block-kadence-pane kt-accordion-pane kt-accordion-pane-35 kt-pane18285_2f076f-1a\"><div class=\"kt-accordion-header-wrap\"><button class=\"kt-blocks-accordion-header kt-acccordion-button-label-show\"><span class=\"kt-blocks-accordion-title-wrap\"><span class=\"kt-blocks-accordion-title\">33. Lohn-, Gehaltsverrechner\/innen \u2013 Ekonomisti za obradu zarada<\/span><\/span><span class=\"kt-blocks-accordion-icon-trigger\"><\/span><\/button><\/div><div class=\"kt-accordion-panel kt-accordion-panel-hidden\"><div class=\"kt-accordion-panel-inner\">\n<p>Gehaltsverrechner\/in, Lohnbuchhalter\/in, Lohnverrechner\/in, Personalverrechner\/in<\/p>\n<\/div><\/div><\/div>\n\n\n\n<div class=\"wp-block-kadence-pane kt-accordion-pane kt-accordion-pane-29 kt-pane18285_d5b70d-3a\"><div class=\"kt-accordion-header-wrap\"><button class=\"kt-blocks-accordion-header kt-acccordion-button-label-show\"><span class=\"kt-blocks-accordion-title-wrap\"><span class=\"kt-blocks-accordion-title\">34. Bautischler\/innen \u2013 Gra\u0111evinski stolari<\/span><\/span><span class=\"kt-blocks-accordion-icon-trigger\"><\/span><\/button><\/div><div class=\"kt-accordion-panel kt-accordion-panel-hidden\"><div class=\"kt-accordion-panel-inner\">\n<p>B\u00fchnentischler\/in, Bautischler\/in, Bodenleger\/in (Bautischlerei), Fu\u00dfbodenleger\/in, Fu\u00dfbodenschleifer\/in, Montagetischler\/in, Parkettleger\/in, Tischlermeister\/in (Bautischlerei)<\/p>\n<\/div><\/div><\/div>\n\n\n\n<div class=\"wp-block-kadence-pane kt-accordion-pane kt-accordion-pane-49 kt-pane18285_e3ce46-24\"><div class=\"kt-accordion-header-wrap\"><button class=\"kt-blocks-accordion-header kt-acccordion-button-label-show\"><span class=\"kt-blocks-accordion-title-wrap\"><span class=\"kt-blocks-accordion-title\">35. Bauspengler\/innen \u2013 Gra\u0111evinski limari<\/span><\/span><span class=\"kt-blocks-accordion-icon-trigger\"><\/span><\/button><\/div><div class=\"kt-accordion-panel kt-accordion-panel-hidden\"><div class=\"kt-accordion-panel-inner\">\n<p>Bauspengler\/in, Bauspengler-Werkmeister\/in, Dachdecker\/in und Spengler\/in<\/p>\n<\/div><\/div><\/div>\n\n\n\n<div class=\"wp-block-kadence-pane kt-accordion-pane kt-accordion-pane-31 kt-pane18285_ae3cfc-d0\"><div class=\"kt-accordion-header-wrap\"><button class=\"kt-blocks-accordion-header kt-acccordion-button-label-show\"><span class=\"kt-blocks-accordion-title-wrap\"><span class=\"kt-blocks-accordion-title\">36. Bau- und M\u00f6beltischler\/innen \u2013 Stolari za gra\u0111evinsku stolariju i name\u0161taj<\/span><\/span><span class=\"kt-blocks-accordion-icon-trigger\"><\/span><\/button><\/div><div class=\"kt-accordion-panel kt-accordion-panel-hidden\"><div class=\"kt-accordion-panel-inner\">\n<p>Bau- und M\u00f6beltischler\/in, Bau- und M\u00f6beltischlermeister\/in, Haustischler\/in, Tischler\/in, Tischlermeister\/in (Bau- und M\u00f6beltischlerei), Montageleiter\/in Tischlerei, Holzrestaurateur\/in, Tischlereitechniker\/in &#8211; Produktion, Tischlereitechniker\/in \u2013 Planung<\/p>\n<\/div><\/div><\/div>\n\n\n\n<div class=\"wp-block-kadence-pane kt-accordion-pane kt-accordion-pane-43 kt-pane18285_3e94d5-c1\"><div class=\"kt-accordion-header-wrap\"><button class=\"kt-blocks-accordion-header kt-acccordion-button-label-show\"><span class=\"kt-blocks-accordion-title-wrap\"><span class=\"kt-blocks-accordion-title\">37. Maschinenschlosser\/innen \u2013 Ma\u0161inbravari<\/span><\/span><span class=\"kt-blocks-accordion-icon-trigger\"><\/span><\/button><\/div><div class=\"kt-accordion-panel kt-accordion-panel-hidden\"><div class=\"kt-accordion-panel-inner\">\n<p>Kfz-Schlosser\/in (Maschinenschlosserei), Maschinenschlosser\/in, Maschinenschlosser-Werkmeister\/in, Maschinenschlossermeister\/in, Pumpenschlosser\/in, Maschinenbauer-Werkmeister\/in, Maschinenmonteur\/in, Monteur\/in (Maschinen), Werkzeugmaschineur\/in, Staplermonteur\/in, F\u00f6rderbandmonteur\/in, Maschinenbautechniker\/in (mit Lehrabschluss), Konstrukteur\/in \u2013 Maschinenbautechnik<\/p>\n<\/div><\/div><\/div>\n\n\n\n<div class=\"wp-block-kadence-pane kt-accordion-pane kt-accordion-pane-54 kt-pane18285_d59262-09\"><div class=\"kt-accordion-header-wrap\"><button class=\"kt-blocks-accordion-header kt-acccordion-button-label-show\"><span class=\"kt-blocks-accordion-title-wrap\"><span class=\"kt-blocks-accordion-title\">38. Karosserie-, K\u00fchlerspengler\/innen \u2013 Autolimari<\/span><\/span><span class=\"kt-blocks-accordion-icon-trigger\"><\/span><\/button><\/div><div class=\"kt-accordion-panel kt-accordion-panel-hidden\"><div class=\"kt-accordion-panel-inner\">\n<p>Autospengler\/in, Autospenglermeister\/in, K\u00fchlerspengler\/in, Karosseriespengler\/in, Karosseriespengler-Werkmeister\/in, Karosseriespenglermeister\/in, Kfz-Spengler\/in, Karosseriebautechniker\/in, Karosseur\/in<\/p>\n<\/div><\/div><\/div>\n\n\n\n<div class=\"wp-block-kadence-pane kt-accordion-pane kt-accordion-pane-42 kt-pane18285_39c9c7-d1\"><div class=\"kt-accordion-header-wrap\"><button class=\"kt-blocks-accordion-header kt-acccordion-button-label-show\"><span class=\"kt-blocks-accordion-title-wrap\"><span class=\"kt-blocks-accordion-title\">39. Huf- und Wagenschmied(e)innen \u2013 Kova\u010di \/ Kolari<\/span><\/span><span class=\"kt-blocks-accordion-icon-trigger\"><\/span><\/button><\/div><div class=\"kt-accordion-panel kt-accordion-panel-hidden\"><div class=\"kt-accordion-panel-inner\">\n<p>Hufschmied\/in, Fahrzeugfertiger\/in, Metalltechniker\/in \u2013 Fahrzeugbautechnik, Fahrzeugmonteur\/in<\/p>\n<\/div><\/div><\/div>\n\n\n\n<div class=\"wp-block-kadence-pane kt-accordion-pane kt-accordion-pane-37 kt-pane18285_714674-2e\"><div class=\"kt-accordion-header-wrap\"><button class=\"kt-blocks-accordion-header kt-acccordion-button-label-show\"><span class=\"kt-blocks-accordion-title-wrap\"><span class=\"kt-blocks-accordion-title\">40. Pflasterer\/innen \u2013 Podopolaga\u010di betonskih elemenata<\/span><\/span><span class=\"kt-blocks-accordion-icon-trigger\"><\/span><\/button><\/div><div class=\"kt-accordion-panel kt-accordion-panel-hidden\"><div class=\"kt-accordion-panel-inner\">\n<p>Pflasterer\/Pflasterin<\/p>\n<\/div><\/div><\/div>\n\n\n\n<div class=\"wp-block-kadence-pane kt-accordion-pane kt-accordion-pane-48 kt-pane18285_142c16-6b\"><div class=\"kt-accordion-header-wrap\"><button class=\"kt-blocks-accordion-header kt-acccordion-button-label-show\"><span class=\"kt-blocks-accordion-title-wrap\"><span class=\"kt-blocks-accordion-title\">41. Grobmechaniker\/innen \u2013 Ma\u0161inski\/industrijski mehani\u010dari<\/span><\/span><span class=\"kt-blocks-accordion-icon-trigger\"><\/span><\/button><\/div><div class=\"kt-accordion-panel kt-accordion-panel-hidden\"><div class=\"kt-accordion-panel-inner\">\n<p>Betriebsmechaniker\/in, Fahrradmechaniker\/in, K\u00fchlanlagenmechaniker\/in, K\u00fchlmaschinenmechaniker\/in, Maschinenbau-Werkmeister\/in, Mechaniker-Werkmeister\/in, Mechanikermeister\/in, N\u00e4hmaschinenmechaniker\/in, Maschinenmechaniker\/in, Landmaschinenmechaniker\/in, Luftfahrzeugmechaniker\/in, Landmaschinenbauer\/in und Mechaniker\/in, Allgemeinmechaniker\/in, Baumaschinenmechaniker\/in, Druckereimaschinenmechaniker\/in, Produktionstechniker\/in, Sportartikelmonteur\/in, Maschinenfertigungstechniker\/in, Mechaniker\/in, K\u00e4lteanlagentechniker\/in, Baumaschinentechniker\/in (mit Lehrabschluss), Luftfahrzeugtechniker\/in &#8211; Flugzeuge mit Turbinentriebwerken, Luftfahrzeugtechniker\/in &#8211; Flugzeuge mit Kolbentriebwerken, Luftfahrzeugtechniker\/in \u2013 Hubschrauber, Anlagenf\u00fchrer\/in, Metalltechniker\/in \u2013 Maschinenbautechnik, Land- und Baumaschinentechniker\/in \u2013 Baumaschinen, Prozesstechniker\/in, Luftfahrzeugtechniker\/in, Fahrradmechatroniker\/in<\/p>\n<\/div><\/div><\/div>\n\n\n\n<div class=\"wp-block-kadence-pane kt-accordion-pane kt-accordion-pane-58 kt-pane18285_716cfc-5a\"><div class=\"kt-accordion-header-wrap\"><button class=\"kt-blocks-accordion-header kt-acccordion-button-label-show\"><span class=\"kt-blocks-accordion-title-wrap\"><span class=\"kt-blocks-accordion-title\">42. Elektromechaniker\/innen \u2013 Elektromehani\u010dari<\/span><\/span><span class=\"kt-blocks-accordion-icon-trigger\"><\/span><\/button><\/div><div class=\"kt-accordion-panel kt-accordion-panel-hidden\"><div class=\"kt-accordion-panel-inner\">\n<p>Elektromechaniker\/in, Elektromechaniker-Werkmeister\/in, Elektromechanikermeister\/in, Pr\u00fcffeldmechaniker\/in, Schaltmechaniker\/in, Nachrichtenelektroniker\/in, Mess- und Regelmechaniker\/in, Mikromechaniker\/in, Mikroelektroniker\/in, Kommunikationstechniker\/in f\u00fcr EDV und Telekommunikation, Kommunikationstechniker\/in f\u00fcr Nachrichtenelektronik, EDV-Techniker\/in, IT-Elektroniker\/in, Mechatroniker\/in (mit Lehrabschluss), Elektromaschinentechniker\/in, Elektroniker\/in (mit Lehrabschluss), Servicetechniker\/in Telekom, Elektromechaniker\/in f\u00fcr Schwachstrom, Elektromechaniker\/in f\u00fcr Starkstrom, Elektromechaniker\/in und -maschinenbauer\/in, Prozessleittechniker\/in, Elektronik-Fertigungstechniker\/in, Flugsicherungsmechaniker\/in, Montagetechniker\/in &#8211; Elektromechanik\/Elektronik, Servicetechniker\/in f\u00fcr B\u00fcromaschinen, Servicetechniker\/in f\u00fcr EDV, Servicetechniker\/in f\u00fcr Haushaltsger\u00e4te, Servicetechniker\/in f\u00fcr Haustechnik\/Geb\u00e4udetechnik, Servicetechniker\/in f\u00fcr K\u00fchlanlagen, Servicetechniker\/in f\u00fcr Maschinen und Anlagen, Servicetechniker\/in f\u00fcr Telekommunikationsnetze, Steuerungs- und Regelungstechniker\/in, Elektrotechniker\/in &#8211; Automatisierungs- u. Prozessleittechn., Mechatroniker\/in &#8211; Alternative Antriebstechnik, Mechatroniker\/in &#8211; Automatisierungstechnik, Mechatroniker\/in &#8211; B\u00fcro- und EDV-Systemtechnik, Mechatroniker\/in &#8211; Elektromaschinentechnik, Mechatroniker\/in &#8211; Fertigungstechnik, Mechatroniker\/in \u2013 Medizinger\u00e4tetechnik, Mechatroniker\/in &#8211; IT- Digitalsystem- und Netzwerktechnik, Windenergietechniker\/in<\/p>\n<\/div><\/div><\/div>\n\n\n\n<div class=\"wp-block-kadence-pane kt-accordion-pane kt-accordion-pane-50 kt-pane18285_40c1b2-6f\"><div class=\"kt-accordion-header-wrap\"><button class=\"kt-blocks-accordion-header kt-acccordion-button-label-show\"><span class=\"kt-blocks-accordion-title-wrap\"><span class=\"kt-blocks-accordion-title\">43. Bau-, Blech-, Konstruktionsschlosser\/innen \u2013 Bravari na gra\u0111evini<\/span><\/span><span class=\"kt-blocks-accordion-icon-trigger\"><\/span><\/button><\/div><div class=\"kt-accordion-panel kt-accordion-panel-hidden\"><div class=\"kt-accordion-panel-inner\">\n<p>Armaturenschlosser\/in, Bauschlosser\/in, Bauschlosser-Werkmeister\/in, Beschl\u00e4geschlosser\/in, Blechschlosser\/in, Gewichtschlosser\/in, Herdschlosser\/in, Karosseriebauer\/in (Metall-), Karosserieschlosser\/in, Konstruktionsschlosser\/in, Kunstschlosser\/in, M\u00f6belschlosser\/in, Ofenschlosser\/in, Portalschlosser\/in, Rohrschlosser\/in (Bauschlosserei), Rollbalkenschlosser\/in, Schl\u00fcsselmacher\/in, Schlosser-Werkmeister\/in, Schlossermeister\/in (Bauschlosserei), Schlossmacher\/in, Stahlbauschlosser\/in, Stahlbauschlossermeister\/in, Steinmei\u00dfler\/in, Waagenschlosser\/in, Werkmeister\/in-Stahlbau, Montageschlosser\/in, Schlosser\/in (Bauschlosserei), Rohrleitungsmonteur\/in, Montageleiter\/in Schlosserei, Sonnenschutztechniker\/in, Schiffbauer\/in, Metalltechniker\/in \u2013 Blechtechnik, Metalltechniker\/in \u2013 Metallbautechnik, Metalltechniker\/in \u2013 Stahlbautechnik, Konstrukteur\/in \u2013 Metallbautechnik, Konstrukteur\/in \u2013 Stahlbautechnik, Metalltechniker\/in &#8211; Metallbau- und Blechtechnik, Metalltechniker\/in &#8211; Sicherheitstechnik<\/p>\n<\/div><\/div><\/div>\n\n\n\n<div class=\"wp-block-kadence-pane kt-accordion-pane kt-accordion-pane-39 kt-pane18285_71b7a1-d5\"><div class=\"kt-accordion-header-wrap\"><button class=\"kt-blocks-accordion-header kt-acccordion-button-label-show\"><span class=\"kt-blocks-accordion-title-wrap\"><span class=\"kt-blocks-accordion-title\">44. Gastst\u00e4ttenk\u00f6ch(e)innen \u2013 Kuvari<\/span><\/span><span class=\"kt-blocks-accordion-icon-trigger\"><\/span><\/button><\/div><div class=\"kt-accordion-panel kt-accordion-panel-hidden\"><div class=\"kt-accordion-panel-inner\">\n<p>Abteilungskoch\/ -k\u00f6chin, Alleinkoch\/-k\u00f6chin, Anstaltskoch\/-k\u00f6chin, Beikoch\/-k\u00f6chin, Chef de brigade, Chef de partie, Chefkoch\/-k\u00f6chin, Chefpatissier(e), Di\u00e4tkoch\/-k\u00f6chin, Gardemanger, Grilleur\/in, Jungkoch\/-k\u00f6chin, K\u00fcchenchef\/in, K\u00fcchenmeister\/in, Kaffeekoch\/-k\u00f6chin, Kellner\/in und Koch\/K\u00f6chin, Koch\/K\u00f6chin (Hotel- und Gastgewerbe), Koch\/K\u00f6chin und Kellner\/in, Mehlspeiskoch\/-k\u00f6chin, Patissier(e) (Hotel- und Gastgewerbe), Pizzakoch\/-k\u00f6chin, Restaurantkoch\/-k\u00f6chin, Schiffskoch\/-k\u00f6chin, Souschef, Gastst\u00e4ttenkoch\/-k\u00f6chin, Rotiss(eur)euse, Entremetier(e), Tournant\/e, Saucier\/e, Commis de Cuisine, Systemgastronomiefachmann\/-frau, Gastronomiefachmann\/-frau, Fr\u00fchst\u00fcckskoch\/-k\u00f6chin, Commis de Partie, Demichef de Cuisine, Chef de Cuisine, Sushikoch\/-k\u00f6chin, Kebabkoch\/-k\u00f6chin<\/p>\n<\/div><\/div><\/div>\n\n\n\n<div class=\"wp-block-kadence-pane kt-accordion-pane kt-accordion-pane-60 kt-pane18285_89b799-b6\"><div class=\"kt-accordion-header-wrap\"><button class=\"kt-blocks-accordion-header kt-acccordion-button-label-show\"><span class=\"kt-blocks-accordion-title-wrap\"><span class=\"kt-blocks-accordion-title\">45. Tiefbauer\/innen \u2013 Tehni\u010dari niskogradnje<\/span><\/span><span class=\"kt-blocks-accordion-icon-trigger\"><\/span><\/button><\/div><div class=\"kt-accordion-panel kt-accordion-panel-hidden\"><div class=\"kt-accordion-panel-inner\">\n<p>Stra\u00dfenbaupolier\/in, Tiefbaupolier\/in, Tiefbauvorarbeiter\/in, Tiefbaufacharbeiter\/in, Stra\u00dfenerhaltungsfachmann\/ frau, Stra\u00dfenmeister\/in, Tiefbauspezialist\/in \u2013 Baumaschinenbetrieb, Tiefbauspezialist\/in \u2013 Siedlungswasserbau, Tiefbauspezialist\/in \u2013 Verkehrswegebau, Tiefbauer\/in<\/p>\n<\/div><\/div><\/div>\n\n\n\n<div class=\"wp-block-kadence-pane kt-accordion-pane kt-accordion-pane-86 kt-pane18285_79e8ba-86\"><div class=\"kt-accordion-header-wrap\"><button class=\"kt-blocks-accordion-header kt-acccordion-button-label-show\"><span class=\"kt-blocks-accordion-title-wrap\"><span class=\"kt-blocks-accordion-title\">46. Rauchfangkehrer\/innen \u2013 Od\u017ea\u010dari<\/span><\/span><span class=\"kt-blocks-accordion-icon-trigger\"><\/span><\/button><\/div><div class=\"kt-accordion-panel kt-accordion-panel-hidden\"><div class=\"kt-accordion-panel-inner\">\n<p>Rauchfangkehrer\/in<\/p>\n<\/div><\/div><\/div>\n\n\n\n<div class=\"wp-block-kadence-pane kt-accordion-pane kt-accordion-pane-64 kt-pane18285_427870-33\"><div class=\"kt-accordion-header-wrap\"><button class=\"kt-blocks-accordion-header kt-acccordion-button-label-show\"><span class=\"kt-blocks-accordion-title-wrap\"><span class=\"kt-blocks-accordion-title\">47. Techniker\/innen f\u00fcr Bauwesen \u2013 Gra\u0111evinski tehni\u010dari<\/span><\/span><span class=\"kt-blocks-accordion-icon-trigger\"><\/span><\/button><\/div><div class=\"kt-accordion-panel kt-accordion-panel-hidden\"><div class=\"kt-accordion-panel-inner\">\n<p>Bauf\u00fchrer\/in, Bauleiter\/in, Baumeister\/in, Bautechniker\/in, Hochbautechniker\/in, Stahlbautechniker\/in, Stra\u00dfenbautechniker\/in, Tiefbautechniker\/in, Stahlbaukonstrukteur\/in, Baustellenleiter\/in, Umwelt-\/Sicherheitstechniker\/in Bau, Bautechniker\/in-Sanierungstechnik, Projektleiter\/in f\u00fcr Bauprojekte<\/p>\n<\/div><\/div><\/div>\n\n\n\n<div class=\"wp-block-kadence-pane kt-accordion-pane kt-accordion-pane-55 kt-pane18285_f19b7d-5a\"><div class=\"kt-accordion-header-wrap\"><button class=\"kt-blocks-accordion-header kt-acccordion-button-label-show\"><span class=\"kt-blocks-accordion-title-wrap\"><span class=\"kt-blocks-accordion-title\">48. Holzmaschinenarbeiter\/innen \u2013 Radnici na ma\u0161inama za obradu drveta<\/span><\/span><span class=\"kt-blocks-accordion-icon-trigger\"><\/span><\/button><\/div><div class=\"kt-accordion-panel kt-accordion-panel-hidden\"><div class=\"kt-accordion-panel-inner\">\n<p>Schichtleiter\/in (maschinelle Holzverarbeitung), Holztechniker\/in &#8211; Fertigteilproduktion, Holztechniker\/in &#8211; Werkstoffproduktion, Holztechniker\/in \u2013 S\u00e4getechnik<\/p>\n<\/div><\/div><\/div>\n\n\n\n<div class=\"wp-block-kadence-pane kt-accordion-pane kt-accordion-pane-77 kt-pane18285_b0be82-02\"><div class=\"kt-accordion-header-wrap\"><button class=\"kt-blocks-accordion-header kt-acccordion-button-label-show\"><span class=\"kt-blocks-accordion-title-wrap\"><span class=\"kt-blocks-accordion-title\">49. Diplomingenieur(e)innen f\u00fcr technische Physik, Physiker\/inne \u2013 Diplomirani fizi\u010dari<\/span><\/span><span class=\"kt-blocks-accordion-icon-trigger\"><\/span><\/button><\/div><div class=\"kt-accordion-panel kt-accordion-panel-hidden\"><div class=\"kt-accordion-panel-inner\">\n<p>Technisch(er)e Physiker\/in (DI), Physiker\/in (DI), Biophysiker\/in (Medizinphysiker\/in) (DI)<\/p>\n<\/div><\/div><\/div>\n\n\n\n<div class=\"wp-block-kadence-pane kt-accordion-pane kt-accordion-pane-51 kt-pane18285_425022-d3\"><div class=\"kt-accordion-header-wrap\"><button class=\"kt-blocks-accordion-header kt-acccordion-button-label-show\"><span class=\"kt-blocks-accordion-title-wrap\"><span class=\"kt-blocks-accordion-title\">50. Kaffeemittel-, andere Nahrungsmittelhersteller\/innen \u2013 Tehni\u010dari proizvodnje kafe i drugih namirnica<\/span><\/span><span class=\"kt-blocks-accordion-icon-trigger\"><\/span><\/button><\/div><div class=\"kt-accordion-panel kt-accordion-panel-hidden\"><div class=\"kt-accordion-panel-inner\">\n<p>Schichtleiter\/in (Lebensmittelverarbeitung), Maschinenf\u00fchrer\/in (Lebensmittel), Vorarbeiter\/in (Lebensmittelverarbeitung), Lebensmitteltechniker\/in<\/p>\n<\/div><\/div><\/div>\n\n\n\n<div class=\"wp-block-kadence-pane kt-accordion-pane kt-accordion-pane-67 kt-pane18285_86d10e-1d\"><div class=\"kt-accordion-header-wrap\"><button class=\"kt-blocks-accordion-header kt-acccordion-button-label-show\"><span class=\"kt-blocks-accordion-title-wrap\"><span class=\"kt-blocks-accordion-title\">51. Gleisbauer\/innen &#8211; \u017delezni\u010dki tehni\u010dari<br><\/span><\/span><span class=\"kt-blocks-accordion-icon-trigger\"><\/span><\/button><\/div><div class=\"kt-accordion-panel kt-accordion-panel-hidden\"><div class=\"kt-accordion-panel-inner\">\n<p>Gleisbauer\/in<\/p>\n<\/div><\/div><\/div>\n\n\n\n<div class=\"wp-block-kadence-pane kt-accordion-pane kt-accordion-pane-115 kt-pane18285_4de4be-85\"><div class=\"kt-accordion-header-wrap\"><button class=\"kt-blocks-accordion-header kt-acccordion-button-label-show\"><span class=\"kt-blocks-accordion-title-wrap\"><span class=\"kt-blocks-accordion-title\">52. Wagenmeister\/in &#8211; Pregleda\u010d vagona<\/span><\/span><span class=\"kt-blocks-accordion-icon-trigger\"><\/span><\/button><\/div><div class=\"kt-accordion-panel kt-accordion-panel-hidden\"><div class=\"kt-accordion-panel-inner\">\n<p>Wagenmeister\/in<\/p>\n<\/div><\/div><\/div>\n\n\n\n<div class=\"wp-block-kadence-pane kt-accordion-pane kt-accordion-pane-118 kt-pane18285_a98cf5-57\"><div class=\"kt-accordion-header-wrap\"><button class=\"kt-blocks-accordion-header kt-acccordion-button-label-show\"><span class=\"kt-blocks-accordion-title-wrap\"><span class=\"kt-blocks-accordion-title\">53. Betonbauer\/innen &#8211; Betonci<\/span><\/span><span class=\"kt-blocks-accordion-icon-trigger\"><\/span><\/button><\/div><div class=\"kt-accordion-panel kt-accordion-panel-hidden\"><div class=\"kt-accordion-panel-inner\">\n<p>Betonbauer\/in, Polier\/in (Betonbau), Schaler\/in, Schalungsbauer\/in, Stahlbetonbauer\/in, Betonsanierungsarbeiter\/in, Betonbauspezialist\/in &#8211; Konstruktiver Betonbau, Betonbauspezialist\/in &#8211; Stahlbetonhochbau<\/p>\n<\/div><\/div><\/div>\n\n\n\n<div class=\"wp-block-kadence-pane kt-accordion-pane kt-accordion-pane-119 kt-pane18285_e2eb3d-7e\"><div class=\"kt-accordion-header-wrap\"><button class=\"kt-blocks-accordion-header kt-acccordion-button-label-show\"><span class=\"kt-blocks-accordion-title-wrap\"><span class=\"kt-blocks-accordion-title\">54. Pflegefachassistent\/innen &#8211; Stru\u010dni zdravstveni negovatelji<\/span><\/span><span class=\"kt-blocks-accordion-icon-trigger\"><\/span><\/button><\/div><div class=\"kt-accordion-panel kt-accordion-panel-hidden\"><div class=\"kt-accordion-panel-inner\">\n<p>Pflegefachassistent\/in<\/p>\n<\/div><\/div><\/div>\n\n\n\n<div class=\"wp-block-kadence-pane kt-accordion-pane kt-accordion-pane-120 kt-pane18285_dc8cb8-41\"><div class=\"kt-accordion-header-wrap\"><button class=\"kt-blocks-accordion-header kt-acccordion-button-label-show\"><span class=\"kt-blocks-accordion-title-wrap\"><span class=\"kt-blocks-accordion-title\">55. Pflegeassistent\/innen &#8211; Zdravstveni negovatelji<\/span><\/span><span class=\"kt-blocks-accordion-icon-trigger\"><\/span><\/button><\/div><div class=\"kt-accordion-panel kt-accordion-panel-hidden\"><div class=\"kt-accordion-panel-inner\">\n<p>Pflegefachassistent\/in<\/p>\n<\/div><\/div><\/div>\n\n\n\n<div class=\"wp-block-kadence-pane kt-accordion-pane kt-accordion-pane-121 kt-pane18285_5357ba-68\"><div class=\"kt-accordion-header-wrap\"><button class=\"kt-blocks-accordion-header kt-acccordion-button-label-show\"><span class=\"kt-blocks-accordion-title-wrap\"><span class=\"kt-blocks-accordion-title\">56. Holzbautechniker\/innen &#8211; Tehni\u010dari za drvenu gradnju<\/span><\/span><span class=\"kt-blocks-accordion-icon-trigger\"><\/span><\/button><\/div><div class=\"kt-accordion-panel kt-accordion-panel-hidden\"><div class=\"kt-accordion-panel-inner\">\n<p>Holzbautechniker\/in<\/p>\n<\/div><\/div><\/div>\n\n\n\n<div class=\"wp-block-kadence-pane kt-accordion-pane kt-accordion-pane-122 kt-pane18285_9d2bf2-43\"><div class=\"kt-accordion-header-wrap\"><button class=\"kt-blocks-accordion-header kt-acccordion-button-label-show\"><span class=\"kt-blocks-accordion-title-wrap\"><span class=\"kt-blocks-accordion-title\">57. Projekttechniker\/in &#8211; Projektanti<\/span><\/span><span class=\"kt-blocks-accordion-icon-trigger\"><\/span><\/button><\/div><div class=\"kt-accordion-panel kt-accordion-panel-hidden\"><div class=\"kt-accordion-panel-inner\">\n<p>Projekttechniker\/inn<\/p>\n<\/div><\/div><\/div>\n\n\n\n<div class=\"wp-block-kadence-pane kt-accordion-pane kt-accordion-pane-123 kt-pane18285_5d167f-b3\"><div class=\"kt-accordion-header-wrap\"><button class=\"kt-blocks-accordion-header kt-acccordion-button-label-show\"><span class=\"kt-blocks-accordion-title-wrap\"><span class=\"kt-blocks-accordion-title\">58. Vertriebstechniker\/in &#8211; Tehni\u010dki komercijalista<\/span><\/span><span class=\"kt-blocks-accordion-icon-trigger\"><\/span><\/button><\/div><div class=\"kt-accordion-panel kt-accordion-panel-hidden\"><div class=\"kt-accordion-panel-inner\">\n<p>Vertriebstechniker\/in<\/p>\n<\/div><\/div><\/div>\n\n\n\n<div class=\"wp-block-kadence-pane kt-accordion-pane kt-accordion-pane-124 kt-pane18285_dddb86-63\"><div class=\"kt-accordion-header-wrap\"><button class=\"kt-blocks-accordion-header kt-acccordion-button-label-show\"><span class=\"kt-blocks-accordion-title-wrap\"><span class=\"kt-blocks-accordion-title\">59. Servicetechniker\/in &#8211; Servisni tehni\u010dar<\/span><\/span><span class=\"kt-blocks-accordion-icon-trigger\"><\/span><\/button><\/div><div class=\"kt-accordion-panel kt-accordion-panel-hidden\"><div class=\"kt-accordion-panel-inner\">\n<p>Servicetechniker\/in<\/p>\n<\/div><\/div><\/div>\n\n\n\n<div class=\"wp-block-kadence-pane kt-accordion-pane kt-accordion-pane-125 kt-pane18285_9170df-8e\"><div class=\"kt-accordion-header-wrap\"><button class=\"kt-blocks-accordion-header kt-acccordion-button-label-show\"><span class=\"kt-blocks-accordion-title-wrap\"><span class=\"kt-blocks-accordion-title\">60. Kunststofftechniker\/in &#8211; Tehni\u010dar za plastiku<\/span><\/span><span class=\"kt-blocks-accordion-icon-trigger\"><\/span><\/button><\/div><div class=\"kt-accordion-panel kt-accordion-panel-hidden\"><div class=\"kt-accordion-panel-inner\">\n<p>Kunststofftechniker\/in<\/p>\n<\/div><\/div><\/div>\n\n\n\n<div class=\"wp-block-kadence-pane kt-accordion-pane kt-accordion-pane-126 kt-pane18285_8a8dd2-1d\"><div class=\"kt-accordion-header-wrap\"><button class=\"kt-blocks-accordion-header kt-acccordion-button-label-show\"><span class=\"kt-blocks-accordion-title-wrap\"><span class=\"kt-blocks-accordion-title\">61. Elementarp\u00e4daog(e)in &#8211; Inklusive Elementarp\u00e4dagogik &#8211; Inkluzivni vaspita\u010d<\/span><\/span><span class=\"kt-blocks-accordion-icon-trigger\"><\/span><\/button><\/div><div class=\"kt-accordion-panel kt-accordion-panel-hidden\"><div class=\"kt-accordion-panel-inner\">\n<p>Elementarp\u00e4daog(e)in &#8211; Inklusive Elementarp\u00e4dagogik<\/p>\n<\/div><\/div><\/div>\n\n\n\n<div class=\"wp-block-kadence-pane kt-accordion-pane kt-accordion-pane-127 kt-pane18285_437840-7f\"><div class=\"kt-accordion-header-wrap\"><button class=\"kt-blocks-accordion-header kt-acccordion-button-label-show\"><span class=\"kt-blocks-accordion-title-wrap\"><span class=\"kt-blocks-accordion-title\">62. Elementarp\u00e4dagoge\/Elementarp\u00e4dagogin &#8211; Vaspita\u010d<\/span><\/span><span class=\"kt-blocks-accordion-icon-trigger\"><\/span><\/button><\/div><div class=\"kt-accordion-panel kt-accordion-panel-hidden\"><div class=\"kt-accordion-panel-inner\">\n<p>Elementarp\u00e4daog(e)in <\/p>\n<\/div><\/div><\/div>\n\n\n\n<div class=\"wp-block-kadence-pane kt-accordion-pane kt-accordion-pane-128 kt-pane18285_379466-71\"><div class=\"kt-accordion-header-wrap\"><button class=\"kt-blocks-accordion-header kt-acccordion-button-label-show\"><span class=\"kt-blocks-accordion-title-wrap\"><span class=\"kt-blocks-accordion-title\">63. Verschieber\/in &#8211; Radnik na ran\u017eiranju vozova<\/span><\/span><span class=\"kt-blocks-accordion-icon-trigger\"><\/span><\/button><\/div><div class=\"kt-accordion-panel kt-accordion-panel-hidden\"><div class=\"kt-accordion-panel-inner\">\n<p>Verschieber\/in<\/p>\n<\/div><\/div><\/div>\n\n\n\n<div class=\"wp-block-kadence-pane kt-accordion-pane kt-accordion-pane-129 kt-pane18285_c88eac-73\"><div class=\"kt-accordion-header-wrap\"><button class=\"kt-blocks-accordion-header kt-acccordion-button-label-show\"><span class=\"kt-blocks-accordion-title-wrap\"><span class=\"kt-blocks-accordion-title\">64. Fahrdienstleiter\/in &#8211; Otpravnik vozova<\/span><\/span><span class=\"kt-blocks-accordion-icon-trigger\"><\/span><\/button><\/div><div class=\"kt-accordion-panel kt-accordion-panel-hidden\"><div class=\"kt-accordion-panel-inner\">\n<p>Fahrdienstleiter\/in<\/p>\n<\/div><\/div><\/div>\n<\/div><\/div><\/div>\n\n\n\n<hr class=\"wp-block-separator has-css-opacity\"\/>\n\n\n\n<p>Mehr \u00fcber Aufenthaltsbewilligungen in \u00d6sterreich lesen sie <a href=\"\/de\/aufenthaltsbewilligung\/\"><span class=\"has-inline-color has-vivid-red-color\">hier<\/span><\/a>.<\/p>\n\n\n\n<p class=\"has-text-align-right\" style=\"font-size:12px\">Der Text wurde rechtlich \u00fcberarbeitet von Juristin Danijela Todorovi\u0107.<\/p>","protected":false},"excerpt":{"rendered":"<p>U Austriji postoje deficitarna zanimanja i Ministarstvo rada svake godine sastavlja listu za zapo\u0161ljavanje stranih kvalifikovanih radnika. Tom listom defini\u0161e se potra\u017enja za radnike&#8230;<\/p>","protected":false},"author":3,"featured_media":18287,"comment_status":"closed","ping_status":"closed","sticky":true,"template":"","format":"standard","meta":{"_acf_changed":false,"_kad_blocks_custom_css":"","_kad_blocks_head_custom_js":"","_kad_blocks_body_custom_js":"","_kad_blocks_footer_custom_js":"","footnotes":""},"categories":[97,49,281],"tags":[374,375],"class_list":["post-18285","post","type-post","status-publish","format-standard","has-post-thumbnail","hentry","category-vesti-austrija","category-vesti","category-zivot-i-rad","tag-deficitarna-zanimanja","tag-rad-u-austriji","entry","category-97","category-49","category-281"],"acf":[],"yoast_head":"<!-- This site is optimized with the Yoast SEO plugin v27.3 - https:\/\/yoast.com\/product\/yoast-seo-wordpress\/ -->\n<title>Deficitarna zanimanja u Austriji 2026.<\/title>\n<meta name=\"description\" content=\"U Austriji postoje deficitarna zanimanja i Ministarstvo rada svake godine sastavlja listu za zapo\u0161ljavanje stranih kvalifikovanih radnika.\" \/>\n<meta name=\"robots\" content=\"index, follow, max-snippet:-1, max-image-preview:large, max-video-preview:-1\" \/>\n<link rel=\"canonical\" href=\"https:\/\/yuga.at\/de\/mangelhafte-berufe-in-oesterreich-2026\/\" \/>\n<meta property=\"og:locale\" content=\"de_DE\" \/>\n<meta property=\"og:type\" content=\"article\" \/>\n<meta property=\"og:title\" content=\"Deficitarna zanimanja u Austriji 2026.\" \/>\n<meta property=\"og:description\" content=\"U Austriji postoje deficitarna zanimanja i Ministarstvo rada svake godine sastavlja listu za zapo\u0161ljavanje stranih kvalifikovanih radnika.\" \/>\n<meta property=\"og:url\" content=\"https:\/\/yuga.at\/de\/mangelhafte-berufe-in-oesterreich-2026\/\" \/>\n<meta property=\"og:site_name\" content=\"YUga.at\" \/>\n<meta property=\"article:publisher\" content=\"https:\/\/www.facebook.com\/yuga.austria\" \/>\n<meta property=\"article:published_time\" content=\"2026-01-04T08:48:03+00:00\" \/>\n<meta property=\"article:modified_time\" content=\"2026-01-04T08:54:11+00:00\" \/>\n<meta property=\"og:image\" content=\"https:\/\/yuga.at\/wp-content\/uploads\/mangelberufe2026.jpg\" \/>\n\t<meta property=\"og:image:width\" content=\"1400\" \/>\n\t<meta property=\"og:image:height\" content=\"933\" \/>\n\t<meta property=\"og:image:type\" content=\"image\/jpeg\" \/>\n<meta name=\"author\" content=\"Srdjan\" \/>\n<meta name=\"twitter:card\" content=\"summary_large_image\" \/>\n<meta name=\"twitter:label1\" content=\"Verfasst von\" \/>\n\t<meta name=\"twitter:data1\" content=\"Srdjan\" \/>\n\t<meta name=\"twitter:label2\" content=\"Gesch\u00e4tzte Lesezeit\" \/>\n\t<meta name=\"twitter:data2\" content=\"13\u00a0Minuten\" \/>\n<script type=\"application\/ld+json\" class=\"yoast-schema-graph\">{\"@context\":\"https:\\\/\\\/schema.org\",\"@graph\":[{\"@type\":\"Article\",\"@id\":\"https:\\\/\\\/yuga.at\\\/deficitarna-zanimanja-u-austriji-2026\\\/#article\",\"isPartOf\":{\"@id\":\"https:\\\/\\\/yuga.at\\\/deficitarna-zanimanja-u-austriji-2026\\\/\"},\"author\":{\"name\":\"Srdjan\",\"@id\":\"https:\\\/\\\/yuga.at\\\/#\\\/schema\\\/person\\\/14afd7c6aa250e7d26d59b2f1a427184\"},\"headline\":\"Deficitarna zanimanja u Austriji 2026.\",\"datePublished\":\"2026-01-04T08:48:03+00:00\",\"dateModified\":\"2026-01-04T08:54:11+00:00\",\"mainEntityOfPage\":{\"@id\":\"https:\\\/\\\/yuga.at\\\/deficitarna-zanimanja-u-austriji-2026\\\/\"},\"wordCount\":4138,\"publisher\":{\"@id\":\"https:\\\/\\\/yuga.at\\\/#organization\"},\"image\":{\"@id\":\"https:\\\/\\\/yuga.at\\\/deficitarna-zanimanja-u-austriji-2026\\\/#primaryimage\"},\"thumbnailUrl\":\"https:\\\/\\\/yuga.at\\\/wp-content\\\/uploads\\\/mangelberufe2026.jpg\",\"keywords\":[\"deficitarna zanimanja\",\"rad u Austriji\"],\"articleSection\":[\"Austrija\",\"Vesti\",\"\u017divot i rad\"],\"inLanguage\":\"de\"},{\"@type\":\"WebPage\",\"@id\":\"https:\\\/\\\/yuga.at\\\/deficitarna-zanimanja-u-austriji-2026\\\/\",\"url\":\"https:\\\/\\\/yuga.at\\\/deficitarna-zanimanja-u-austriji-2026\\\/\",\"name\":\"Deficitarna zanimanja u Austriji 2026.\",\"isPartOf\":{\"@id\":\"https:\\\/\\\/yuga.at\\\/#website\"},\"primaryImageOfPage\":{\"@id\":\"https:\\\/\\\/yuga.at\\\/deficitarna-zanimanja-u-austriji-2026\\\/#primaryimage\"},\"image\":{\"@id\":\"https:\\\/\\\/yuga.at\\\/deficitarna-zanimanja-u-austriji-2026\\\/#primaryimage\"},\"thumbnailUrl\":\"https:\\\/\\\/yuga.at\\\/wp-content\\\/uploads\\\/mangelberufe2026.jpg\",\"datePublished\":\"2026-01-04T08:48:03+00:00\",\"dateModified\":\"2026-01-04T08:54:11+00:00\",\"description\":\"U Austriji postoje deficitarna zanimanja i Ministarstvo rada svake godine sastavlja listu za zapo\u0161ljavanje stranih kvalifikovanih radnika.\",\"breadcrumb\":{\"@id\":\"https:\\\/\\\/yuga.at\\\/deficitarna-zanimanja-u-austriji-2026\\\/#breadcrumb\"},\"inLanguage\":\"de\",\"potentialAction\":[{\"@type\":\"ReadAction\",\"target\":[\"https:\\\/\\\/yuga.at\\\/deficitarna-zanimanja-u-austriji-2026\\\/\"]}]},{\"@type\":\"ImageObject\",\"inLanguage\":\"de\",\"@id\":\"https:\\\/\\\/yuga.at\\\/deficitarna-zanimanja-u-austriji-2026\\\/#primaryimage\",\"url\":\"https:\\\/\\\/yuga.at\\\/wp-content\\\/uploads\\\/mangelberufe2026.jpg\",\"contentUrl\":\"https:\\\/\\\/yuga.at\\\/wp-content\\\/uploads\\\/mangelberufe2026.jpg\",\"width\":1400,\"height\":933,\"caption\":\"Mangelberufe in \u00d6sterreich 2026.\"},{\"@type\":\"BreadcrumbList\",\"@id\":\"https:\\\/\\\/yuga.at\\\/deficitarna-zanimanja-u-austriji-2026\\\/#breadcrumb\",\"itemListElement\":[{\"@type\":\"ListItem\",\"position\":1,\"name\":\"Home\",\"item\":\"https:\\\/\\\/yuga.at\\\/\"},{\"@type\":\"ListItem\",\"position\":2,\"name\":\"Deficitarna zanimanja u Austriji 2026.\"}]},{\"@type\":\"WebSite\",\"@id\":\"https:\\\/\\\/yuga.at\\\/#website\",\"url\":\"https:\\\/\\\/yuga.at\\\/\",\"name\":\"YUga.at\",\"description\":\"exYU Portal\",\"publisher\":{\"@id\":\"https:\\\/\\\/yuga.at\\\/#organization\"},\"potentialAction\":[{\"@type\":\"SearchAction\",\"target\":{\"@type\":\"EntryPoint\",\"urlTemplate\":\"https:\\\/\\\/yuga.at\\\/?s={search_term_string}\"},\"query-input\":{\"@type\":\"PropertyValueSpecification\",\"valueRequired\":true,\"valueName\":\"search_term_string\"}}],\"inLanguage\":\"de\"},{\"@type\":\"Organization\",\"@id\":\"https:\\\/\\\/yuga.at\\\/#organization\",\"name\":\"YUga.at\",\"url\":\"https:\\\/\\\/yuga.at\\\/\",\"logo\":{\"@type\":\"ImageObject\",\"inLanguage\":\"de\",\"@id\":\"https:\\\/\\\/yuga.at\\\/#\\\/schema\\\/logo\\\/image\\\/\",\"url\":\"https:\\\/\\\/yuga.at\\\/wp-content\\\/uploads\\\/yuga-logo-black-250.png\",\"contentUrl\":\"https:\\\/\\\/yuga.at\\\/wp-content\\\/uploads\\\/yuga-logo-black-250.png\",\"width\":250,\"height\":143,\"caption\":\"YUga.at\"},\"image\":{\"@id\":\"https:\\\/\\\/yuga.at\\\/#\\\/schema\\\/logo\\\/image\\\/\"},\"sameAs\":[\"https:\\\/\\\/www.facebook.com\\\/yuga.austria\",\"https:\\\/\\\/www.instagram.com\\\/yuga.at\\\/\"]},{\"@type\":\"Person\",\"@id\":\"https:\\\/\\\/yuga.at\\\/#\\\/schema\\\/person\\\/14afd7c6aa250e7d26d59b2f1a427184\",\"name\":\"Srdjan\",\"image\":{\"@type\":\"ImageObject\",\"inLanguage\":\"de\",\"@id\":\"https:\\\/\\\/secure.gravatar.com\\\/avatar\\\/5b6efe7dbc2c19685b2905878731fe11236889e186ff9c7df9039e75f5680008?s=96&d=mm&r=g\",\"url\":\"https:\\\/\\\/secure.gravatar.com\\\/avatar\\\/5b6efe7dbc2c19685b2905878731fe11236889e186ff9c7df9039e75f5680008?s=96&d=mm&r=g\",\"contentUrl\":\"https:\\\/\\\/secure.gravatar.com\\\/avatar\\\/5b6efe7dbc2c19685b2905878731fe11236889e186ff9c7df9039e75f5680008?s=96&d=mm&r=g\",\"caption\":\"Srdjan\"}}]}<\/script>\n<!-- \/ Yoast SEO plugin. -->","yoast_head_json":{"title":"Mangelhafte Berufe in \u00d6sterreich 2026","description":"In \u00d6sterreich gibt es Mangelberufe, und das Arbeitsministerium erstellt jedes Jahr eine Liste f\u00fcr die Besch\u00e4ftigung ausl\u00e4ndischer Fachkr\u00e4fte.","robots":{"index":"index","follow":"follow","max-snippet":"max-snippet:-1","max-image-preview":"max-image-preview:large","max-video-preview":"max-video-preview:-1"},"canonical":"https:\/\/yuga.at\/de\/mangelhafte-berufe-in-oesterreich-2026\/","og_locale":"de_DE","og_type":"article","og_title":"Deficitarna zanimanja u Austriji 2026.","og_description":"U Austriji postoje deficitarna zanimanja i Ministarstvo rada svake godine sastavlja listu za zapo\u0161ljavanje stranih kvalifikovanih radnika.","og_url":"https:\/\/yuga.at\/de\/mangelhafte-berufe-in-oesterreich-2026\/","og_site_name":"YUga.at","article_publisher":"https:\/\/www.facebook.com\/yuga.austria","article_published_time":"2026-01-04T08:48:03+00:00","article_modified_time":"2026-01-04T08:54:11+00:00","og_image":[{"width":1400,"height":933,"url":"https:\/\/yuga.at\/wp-content\/uploads\/mangelberufe2026.jpg","type":"image\/jpeg"}],"author":"Srdjan","twitter_card":"summary_large_image","twitter_misc":{"Verfasst von":"Srdjan","Gesch\u00e4tzte Lesezeit":"13\u00a0Minuten"},"schema":{"@context":"https:\/\/schema.org","@graph":[{"@type":"Article","@id":"https:\/\/yuga.at\/deficitarna-zanimanja-u-austriji-2026\/#article","isPartOf":{"@id":"https:\/\/yuga.at\/deficitarna-zanimanja-u-austriji-2026\/"},"author":{"name":"Srdjan","@id":"https:\/\/yuga.at\/#\/schema\/person\/14afd7c6aa250e7d26d59b2f1a427184"},"headline":"Deficitarna zanimanja u Austriji 2026.","datePublished":"2026-01-04T08:48:03+00:00","dateModified":"2026-01-04T08:54:11+00:00","mainEntityOfPage":{"@id":"https:\/\/yuga.at\/deficitarna-zanimanja-u-austriji-2026\/"},"wordCount":4138,"publisher":{"@id":"https:\/\/yuga.at\/#organization"},"image":{"@id":"https:\/\/yuga.at\/deficitarna-zanimanja-u-austriji-2026\/#primaryimage"},"thumbnailUrl":"https:\/\/yuga.at\/wp-content\/uploads\/mangelberufe2026.jpg","keywords":["deficitarna zanimanja","rad u Austriji"],"articleSection":["Austrija","Vesti","\u017divot i rad"],"inLanguage":"de"},{"@type":"WebPage","@id":"https:\/\/yuga.at\/deficitarna-zanimanja-u-austriji-2026\/","url":"https:\/\/yuga.at\/deficitarna-zanimanja-u-austriji-2026\/","name":"Mangelhafte Berufe in \u00d6sterreich 2026","isPartOf":{"@id":"https:\/\/yuga.at\/#website"},"primaryImageOfPage":{"@id":"https:\/\/yuga.at\/deficitarna-zanimanja-u-austriji-2026\/#primaryimage"},"image":{"@id":"https:\/\/yuga.at\/deficitarna-zanimanja-u-austriji-2026\/#primaryimage"},"thumbnailUrl":"https:\/\/yuga.at\/wp-content\/uploads\/mangelberufe2026.jpg","datePublished":"2026-01-04T08:48:03+00:00","dateModified":"2026-01-04T08:54:11+00:00","description":"In \u00d6sterreich gibt es Mangelberufe, und das Arbeitsministerium erstellt jedes Jahr eine Liste f\u00fcr die Besch\u00e4ftigung ausl\u00e4ndischer Fachkr\u00e4fte.","breadcrumb":{"@id":"https:\/\/yuga.at\/deficitarna-zanimanja-u-austriji-2026\/#breadcrumb"},"inLanguage":"de","potentialAction":[{"@type":"ReadAction","target":["https:\/\/yuga.at\/deficitarna-zanimanja-u-austriji-2026\/"]}]},{"@type":"ImageObject","inLanguage":"de","@id":"https:\/\/yuga.at\/deficitarna-zanimanja-u-austriji-2026\/#primaryimage","url":"https:\/\/yuga.at\/wp-content\/uploads\/mangelberufe2026.jpg","contentUrl":"https:\/\/yuga.at\/wp-content\/uploads\/mangelberufe2026.jpg","width":1400,"height":933,"caption":"Mangelberufe in \u00d6sterreich 2026."},{"@type":"BreadcrumbList","@id":"https:\/\/yuga.at\/deficitarna-zanimanja-u-austriji-2026\/#breadcrumb","itemListElement":[{"@type":"ListItem","position":1,"name":"Home","item":"https:\/\/yuga.at\/"},{"@type":"ListItem","position":2,"name":"Deficitarna zanimanja u Austriji 2026."}]},{"@type":"WebSite","@id":"https:\/\/yuga.at\/#website","url":"https:\/\/yuga.at\/","name":"YUga.at","description":"exYU Portal","publisher":{"@id":"https:\/\/yuga.at\/#organization"},"potentialAction":[{"@type":"SearchAction","target":{"@type":"EntryPoint","urlTemplate":"https:\/\/yuga.at\/?s={search_term_string}"},"query-input":{"@type":"PropertyValueSpecification","valueRequired":true,"valueName":"search_term_string"}}],"inLanguage":"de"},{"@type":"Organization","@id":"https:\/\/yuga.at\/#organization","name":"YUga.at","url":"https:\/\/yuga.at\/","logo":{"@type":"ImageObject","inLanguage":"de","@id":"https:\/\/yuga.at\/#\/schema\/logo\/image\/","url":"https:\/\/yuga.at\/wp-content\/uploads\/yuga-logo-black-250.png","contentUrl":"https:\/\/yuga.at\/wp-content\/uploads\/yuga-logo-black-250.png","width":250,"height":143,"caption":"YUga.at"},"image":{"@id":"https:\/\/yuga.at\/#\/schema\/logo\/image\/"},"sameAs":["https:\/\/www.facebook.com\/yuga.austria","https:\/\/www.instagram.com\/yuga.at\/"]},{"@type":"Person","@id":"https:\/\/yuga.at\/#\/schema\/person\/14afd7c6aa250e7d26d59b2f1a427184","name":"Srdjan","image":{"@type":"ImageObject","inLanguage":"de","@id":"https:\/\/secure.gravatar.com\/avatar\/5b6efe7dbc2c19685b2905878731fe11236889e186ff9c7df9039e75f5680008?s=96&d=mm&r=g","url":"https:\/\/secure.gravatar.com\/avatar\/5b6efe7dbc2c19685b2905878731fe11236889e186ff9c7df9039e75f5680008?s=96&d=mm&r=g","contentUrl":"https:\/\/secure.gravatar.com\/avatar\/5b6efe7dbc2c19685b2905878731fe11236889e186ff9c7df9039e75f5680008?s=96&d=mm&r=g","caption":"Srdjan"}}]}},"taxonomy_info":{"category":[{"value":97,"label":"Austrija"},{"value":49,"label":"Vesti"},{"value":281,"label":"\u017divot i rad"}],"post_tag":[{"value":374,"label":"deficitarna zanimanja"},{"value":375,"label":"rad u Austriji"}]},"featured_image_src_large":["https:\/\/yuga.at\/wp-content\/uploads\/mangelberufe2026.jpg",798,532,false],"author_info":{"display_name":"Srdjan","author_link":"https:\/\/yuga.at\/de\/author\/srdjan\/"},"comment_info":0,"category_info":[{"term_id":97,"name":"Austrija","slug":"vesti-austrija","term_group":0,"term_taxonomy_id":97,"taxonomy":"category","description":"Vesti iz Austrije","parent":49,"count":99,"filter":"raw","cat_ID":97,"category_count":99,"category_description":"Vesti iz Austrije","cat_name":"Austrija","category_nicename":"vesti-austrija","category_parent":49},{"term_id":49,"name":"Vesti","slug":"vesti","term_group":0,"term_taxonomy_id":49,"taxonomy":"category","description":"Najnovije vesti","parent":0,"count":103,"filter":"raw","cat_ID":49,"category_count":103,"category_description":"Najnovije vesti","cat_name":"Vesti","category_nicename":"vesti","category_parent":0},{"term_id":281,"name":"\u017divot i rad","slug":"zivot-i-rad","term_group":0,"term_taxonomy_id":281,"taxonomy":"category","description":"Informacije o ostvarivanju prava boravka, radnog prava, de\u010djeg dodatka, penzije i ostalih administrativnih prava.","parent":52,"count":42,"filter":"raw","cat_ID":281,"category_count":42,"category_description":"Informacije o ostvarivanju prava boravka, radnog prava, de\u010djeg dodatka, penzije i ostalih administrativnih prava.","cat_name":"\u017divot i rad","category_nicename":"zivot-i-rad","category_parent":52}],"tag_info":[{"term_id":374,"name":"deficitarna zanimanja","slug":"deficitarna-zanimanja","term_group":0,"term_taxonomy_id":374,"taxonomy":"post_tag","description":"","parent":0,"count":5,"filter":"raw"},{"term_id":375,"name":"rad u Austriji","slug":"rad-u-austriji","term_group":0,"term_taxonomy_id":375,"taxonomy":"post_tag","description":"","parent":0,"count":7,"filter":"raw"}],"_links":{"self":[{"href":"https:\/\/yuga.at\/de\/wp-json\/wp\/v2\/posts\/18285","targetHints":{"allow":["GET"]}}],"collection":[{"href":"https:\/\/yuga.at\/de\/wp-json\/wp\/v2\/posts"}],"about":[{"href":"https:\/\/yuga.at\/de\/wp-json\/wp\/v2\/types\/post"}],"author":[{"embeddable":true,"href":"https:\/\/yuga.at\/de\/wp-json\/wp\/v2\/users\/3"}],"replies":[{"embeddable":true,"href":"https:\/\/yuga.at\/de\/wp-json\/wp\/v2\/comments?post=18285"}],"version-history":[{"count":3,"href":"https:\/\/yuga.at\/de\/wp-json\/wp\/v2\/posts\/18285\/revisions"}],"predecessor-version":[{"id":18289,"href":"https:\/\/yuga.at\/de\/wp-json\/wp\/v2\/posts\/18285\/revisions\/18289"}],"wp:featuredmedia":[{"embeddable":true,"href":"https:\/\/yuga.at\/de\/wp-json\/wp\/v2\/media\/18287"}],"wp:attachment":[{"href":"https:\/\/yuga.at\/de\/wp-json\/wp\/v2\/media?parent=18285"}],"wp:term":[{"taxonomy":"category","embeddable":true,"href":"https:\/\/yuga.at\/de\/wp-json\/wp\/v2\/categories?post=18285"},{"taxonomy":"post_tag","embeddable":true,"href":"https:\/\/yuga.at\/de\/wp-json\/wp\/v2\/tags?post=18285"}],"curies":[{"name":"wp","href":"https:\/\/api.w.org\/{rel}","templated":true}]}}