{"id":18922,"date":"2026-04-28T17:44:32","date_gmt":"2026-04-28T15:44:32","guid":{"rendered":"https:\/\/yuga.at\/?p=18922"},"modified":"2026-04-28T17:44:34","modified_gmt":"2026-04-28T15:44:34","slug":"wir-gehoren-hierher-projekt-zur-identitat-und-integration","status":"publish","type":"post","link":"https:\/\/yuga.at\/de\/mi-pripadamo-ovde-projekat-o-identitetu-i-integraciji-mladih-u-becu\/","title":{"rendered":"Wir geh\u00f6ren hierher: Projekt zur Identit\u00e4t und Integration junger Menschen mit Migrationshintergrund in Wien"},"content":{"rendered":"<p>Im Rahmen seiner Aktivit\u00e4ten setzt der Verein KIN (Kultur-Integration-Netzwerk) erfolgreich ein Projekt um, das von der MA 17 \u2013 Integration und Diversit\u00e4t gef\u00f6rdert wird. Das Projekt tr\u00e4gt den Titel \u201eIch bin hier \u2013 Identit\u00e4t, Zugeh\u00f6rigkeit und Mitgestaltung\u201c.<\/p>\n\n\n\n<p>Das Thema ist \u00e4u\u00dferst spannend, insbesondere f\u00fcr junge Menschen, die in Wien geboren wurden, aber einen Migrationshintergrund haben. Sie setzen sich intensiv mit der Frage auseinander: Wer bin ich und wo geh\u00f6re ich hin?<\/p>\n\n\n\n<p>Das Projekt unter dem Motto \u201eWIR GEH\u00d6REN HIERHER\u201c konzentriert sich auf drei wesentliche S\u00e4ulen, die das Aufwachsen in einem multikulturellen Umfeld pr\u00e4gen:<\/p>\n\n\n\n<ul class=\"wp-block-list\">\n<li>Zugeh\u00f6rigkeit und Platz in der Gesellschaft: Wir erforschen, was es bedeutet, dazuzugeh\u00f6ren. Durch den Austausch \u00fcber Erfahrungen von Akzeptanz, aber auch Ausgrenzung, analysieren wir, wie Sprache, Herkunft und gesellschaftliche Erwartungen unser Zugeh\u00f6rigkeitsgef\u00fchl formen.<\/li>\n\n\n\n<li>Identit\u00e4tsbildung: Junge Menschen balancieren heute oft zwischen verschiedenen Kulturen. Unser Ziel ist es zu zeigen, dass Mehrfachidentit\u00e4ten kein Widerspruch, sondern eine Realit\u00e4t sind, und Jugendlichen dabei zu helfen, Sicherheit in ihrer eigenen Identit\u00e4t zu gewinnen.<\/li>\n\n\n\n<li>Integration ohne Verlust der eigenen Pers\u00f6nlichkeit: Wir sind \u00fcberzeugt, dass Integration weit mehr als blo\u00dfe Anpassung bedeutet. Sie setzt aktive Teilhabe und gegenseitigen Respekt voraus, jedoch ohne Verzicht auf die eigene Herkunft, Geschichte und Pers\u00f6nlichkeit.<\/li>\n<\/ul>\n\n\n\n<p>Mit diesem Projekt m\u00f6chten wir einen Raum f\u00fcr Dialog schaffen und ein besseres Verst\u00e4ndnis f\u00fcr gesellschaftliche Ver\u00e4nderungen und die historischen Perspektiven der Migration f\u00f6rdern. Unser Ziel ist es, dass jeder Einzelne, unabh\u00e4ngig von seinen Wurzeln, Sicherheit in seiner Identit\u00e4t findet und seinen wertvollen Platz in der Gemeinschaft erkennt.<\/p>","protected":false},"excerpt":{"rendered":"<p>U okviru svojih aktivnosti, Udru\u017eenje KIN (Kultur-Integration-Netzwerk) uspe\u0161no sprovodi projekat koji je podr\u017ean od strane MA17 pod nazivom &#8220;Integracija, identitet i mesto u dru\u0161tvu&#8221;&#8230;.<\/p>","protected":false},"author":3,"featured_media":18923,"comment_status":"closed","ping_status":"closed","sticky":false,"template":"","format":"standard","meta":{"_acf_changed":false,"_kad_blocks_custom_css":"","_kad_blocks_head_custom_js":"","_kad_blocks_body_custom_js":"","_kad_blocks_footer_custom_js":"","footnotes":""},"categories":[97,49],"tags":[],"class_list":["post-18922","post","type-post","status-publish","format-standard","has-post-thumbnail","hentry","category-vesti-austrija","category-vesti","entry","category-97","category-49"],"acf":[],"yoast_head":"<!-- This site is optimized with the Yoast SEO plugin v27.3 - https:\/\/yoast.com\/product\/yoast-seo-wordpress\/ -->\n<title>Mi pripadamo ovde: Projekat o identitetu i integraciji mladih u Be\u010du<\/title>\n<meta name=\"robots\" content=\"index, follow, max-snippet:-1, max-image-preview:large, max-video-preview:-1\" \/>\n<link rel=\"canonical\" href=\"https:\/\/yuga.at\/de\/wir-gehoren-hierher-projekt-zur-identitat-und-integration\/\" \/>\n<meta property=\"og:locale\" content=\"de_DE\" \/>\n<meta property=\"og:type\" content=\"article\" \/>\n<meta property=\"og:title\" content=\"Mi pripadamo ovde: Projekat o identitetu i integraciji mladih u Be\u010du\" \/>\n<meta property=\"og:description\" content=\"U okviru svojih aktivnosti, Udru\u017eenje KIN (Kultur-Integration-Netzwerk) uspe\u0161no sprovodi projekat koji je podr\u017ean od strane MA17 pod nazivom &#8220;Integracija, identitet i mesto u dru\u0161tvu&#8221;....\" \/>\n<meta property=\"og:url\" content=\"https:\/\/yuga.at\/de\/wir-gehoren-hierher-projekt-zur-identitat-und-integration\/\" \/>\n<meta property=\"og:site_name\" content=\"YUga.at\" \/>\n<meta property=\"article:publisher\" content=\"https:\/\/www.facebook.com\/yuga.austria\" \/>\n<meta property=\"article:published_time\" content=\"2026-04-28T15:44:32+00:00\" \/>\n<meta property=\"article:modified_time\" content=\"2026-04-28T15:44:34+00:00\" \/>\n<meta property=\"og:image\" content=\"https:\/\/yuga.at\/wp-content\/uploads\/Ich-bin-hier-\u2013-Identitat-Zugehorigkeit-und-Mitgestaltung.jpg\" \/>\n\t<meta property=\"og:image:width\" content=\"1433\" \/>\n\t<meta property=\"og:image:height\" content=\"1176\" \/>\n\t<meta property=\"og:image:type\" content=\"image\/jpeg\" \/>\n<meta name=\"author\" content=\"Srdjan\" \/>\n<meta name=\"twitter:card\" content=\"summary_large_image\" \/>\n<meta name=\"twitter:label1\" content=\"Verfasst von\" \/>\n\t<meta name=\"twitter:data1\" content=\"Srdjan\" \/>\n\t<meta name=\"twitter:label2\" content=\"Gesch\u00e4tzte Lesezeit\" \/>\n\t<meta name=\"twitter:data2\" content=\"2\u00a0Minuten\" \/>\n<script type=\"application\/ld+json\" class=\"yoast-schema-graph\">{\"@context\":\"https:\\\/\\\/schema.org\",\"@graph\":[{\"@type\":\"Article\",\"@id\":\"https:\\\/\\\/yuga.at\\\/mi-pripadamo-ovde-projekat-o-identitetu-i-integraciji-mladih-u-becu\\\/#article\",\"isPartOf\":{\"@id\":\"https:\\\/\\\/yuga.at\\\/mi-pripadamo-ovde-projekat-o-identitetu-i-integraciji-mladih-u-becu\\\/\"},\"author\":{\"name\":\"Srdjan\",\"@id\":\"https:\\\/\\\/yuga.at\\\/#\\\/schema\\\/person\\\/14afd7c6aa250e7d26d59b2f1a427184\"},\"headline\":\"Mi pripadamo ovde: Projekat o identitetu i integraciji mladih u Be\u010du\",\"datePublished\":\"2026-04-28T15:44:32+00:00\",\"dateModified\":\"2026-04-28T15:44:34+00:00\",\"mainEntityOfPage\":{\"@id\":\"https:\\\/\\\/yuga.at\\\/mi-pripadamo-ovde-projekat-o-identitetu-i-integraciji-mladih-u-becu\\\/\"},\"wordCount\":254,\"publisher\":{\"@id\":\"https:\\\/\\\/yuga.at\\\/#organization\"},\"image\":{\"@id\":\"https:\\\/\\\/yuga.at\\\/mi-pripadamo-ovde-projekat-o-identitetu-i-integraciji-mladih-u-becu\\\/#primaryimage\"},\"thumbnailUrl\":\"https:\\\/\\\/yuga.at\\\/wp-content\\\/uploads\\\/Ich-bin-hier-\u2013-Identitat-Zugehorigkeit-und-Mitgestaltung.jpg\",\"articleSection\":[\"Austrija\",\"Vesti\"],\"inLanguage\":\"de\"},{\"@type\":\"WebPage\",\"@id\":\"https:\\\/\\\/yuga.at\\\/mi-pripadamo-ovde-projekat-o-identitetu-i-integraciji-mladih-u-becu\\\/\",\"url\":\"https:\\\/\\\/yuga.at\\\/mi-pripadamo-ovde-projekat-o-identitetu-i-integraciji-mladih-u-becu\\\/\",\"name\":\"Mi pripadamo ovde: Projekat o identitetu i integraciji mladih u Be\u010du\",\"isPartOf\":{\"@id\":\"https:\\\/\\\/yuga.at\\\/#website\"},\"primaryImageOfPage\":{\"@id\":\"https:\\\/\\\/yuga.at\\\/mi-pripadamo-ovde-projekat-o-identitetu-i-integraciji-mladih-u-becu\\\/#primaryimage\"},\"image\":{\"@id\":\"https:\\\/\\\/yuga.at\\\/mi-pripadamo-ovde-projekat-o-identitetu-i-integraciji-mladih-u-becu\\\/#primaryimage\"},\"thumbnailUrl\":\"https:\\\/\\\/yuga.at\\\/wp-content\\\/uploads\\\/Ich-bin-hier-\u2013-Identitat-Zugehorigkeit-und-Mitgestaltung.jpg\",\"datePublished\":\"2026-04-28T15:44:32+00:00\",\"dateModified\":\"2026-04-28T15:44:34+00:00\",\"breadcrumb\":{\"@id\":\"https:\\\/\\\/yuga.at\\\/mi-pripadamo-ovde-projekat-o-identitetu-i-integraciji-mladih-u-becu\\\/#breadcrumb\"},\"inLanguage\":\"de\",\"potentialAction\":[{\"@type\":\"ReadAction\",\"target\":[\"https:\\\/\\\/yuga.at\\\/mi-pripadamo-ovde-projekat-o-identitetu-i-integraciji-mladih-u-becu\\\/\"]}]},{\"@type\":\"ImageObject\",\"inLanguage\":\"de\",\"@id\":\"https:\\\/\\\/yuga.at\\\/mi-pripadamo-ovde-projekat-o-identitetu-i-integraciji-mladih-u-becu\\\/#primaryimage\",\"url\":\"https:\\\/\\\/yuga.at\\\/wp-content\\\/uploads\\\/Ich-bin-hier-\u2013-Identitat-Zugehorigkeit-und-Mitgestaltung.jpg\",\"contentUrl\":\"https:\\\/\\\/yuga.at\\\/wp-content\\\/uploads\\\/Ich-bin-hier-\u2013-Identitat-Zugehorigkeit-und-Mitgestaltung.jpg\",\"width\":1433,\"height\":1176,\"caption\":\"Plakat za projekat\"},{\"@type\":\"BreadcrumbList\",\"@id\":\"https:\\\/\\\/yuga.at\\\/mi-pripadamo-ovde-projekat-o-identitetu-i-integraciji-mladih-u-becu\\\/#breadcrumb\",\"itemListElement\":[{\"@type\":\"ListItem\",\"position\":1,\"name\":\"Home\",\"item\":\"https:\\\/\\\/yuga.at\\\/\"},{\"@type\":\"ListItem\",\"position\":2,\"name\":\"Mi pripadamo ovde: Projekat o identitetu i integraciji mladih u Be\u010du\"}]},{\"@type\":\"WebSite\",\"@id\":\"https:\\\/\\\/yuga.at\\\/#website\",\"url\":\"https:\\\/\\\/yuga.at\\\/\",\"name\":\"YUga.at\",\"description\":\"exYU Portal\",\"publisher\":{\"@id\":\"https:\\\/\\\/yuga.at\\\/#organization\"},\"potentialAction\":[{\"@type\":\"SearchAction\",\"target\":{\"@type\":\"EntryPoint\",\"urlTemplate\":\"https:\\\/\\\/yuga.at\\\/?s={search_term_string}\"},\"query-input\":{\"@type\":\"PropertyValueSpecification\",\"valueRequired\":true,\"valueName\":\"search_term_string\"}}],\"inLanguage\":\"de\"},{\"@type\":\"Organization\",\"@id\":\"https:\\\/\\\/yuga.at\\\/#organization\",\"name\":\"YUga.at\",\"url\":\"https:\\\/\\\/yuga.at\\\/\",\"logo\":{\"@type\":\"ImageObject\",\"inLanguage\":\"de\",\"@id\":\"https:\\\/\\\/yuga.at\\\/#\\\/schema\\\/logo\\\/image\\\/\",\"url\":\"https:\\\/\\\/yuga.at\\\/wp-content\\\/uploads\\\/yuga-logo-black-250.png\",\"contentUrl\":\"https:\\\/\\\/yuga.at\\\/wp-content\\\/uploads\\\/yuga-logo-black-250.png\",\"width\":250,\"height\":143,\"caption\":\"YUga.at\"},\"image\":{\"@id\":\"https:\\\/\\\/yuga.at\\\/#\\\/schema\\\/logo\\\/image\\\/\"},\"sameAs\":[\"https:\\\/\\\/www.facebook.com\\\/yuga.austria\",\"https:\\\/\\\/www.instagram.com\\\/yuga.at\\\/\"]},{\"@type\":\"Person\",\"@id\":\"https:\\\/\\\/yuga.at\\\/#\\\/schema\\\/person\\\/14afd7c6aa250e7d26d59b2f1a427184\",\"name\":\"Srdjan\",\"image\":{\"@type\":\"ImageObject\",\"inLanguage\":\"de\",\"@id\":\"https:\\\/\\\/secure.gravatar.com\\\/avatar\\\/5b6efe7dbc2c19685b2905878731fe11236889e186ff9c7df9039e75f5680008?s=96&d=mm&r=g\",\"url\":\"https:\\\/\\\/secure.gravatar.com\\\/avatar\\\/5b6efe7dbc2c19685b2905878731fe11236889e186ff9c7df9039e75f5680008?s=96&d=mm&r=g\",\"contentUrl\":\"https:\\\/\\\/secure.gravatar.com\\\/avatar\\\/5b6efe7dbc2c19685b2905878731fe11236889e186ff9c7df9039e75f5680008?s=96&d=mm&r=g\",\"caption\":\"Srdjan\"}}]}<\/script>\n<!-- \/ Yoast SEO plugin. -->","yoast_head_json":{"title":"Wir geh\u00f6ren hierher: Projekt zur Identit\u00e4t und Integration junger Menschen mit Migrationshintergrund in Wien","robots":{"index":"index","follow":"follow","max-snippet":"max-snippet:-1","max-image-preview":"max-image-preview:large","max-video-preview":"max-video-preview:-1"},"canonical":"https:\/\/yuga.at\/de\/wir-gehoren-hierher-projekt-zur-identitat-und-integration\/","og_locale":"de_DE","og_type":"article","og_title":"Mi pripadamo ovde: Projekat o identitetu i integraciji mladih u Be\u010du","og_description":"U okviru svojih aktivnosti, Udru\u017eenje KIN (Kultur-Integration-Netzwerk) uspe\u0161no sprovodi projekat koji je podr\u017ean od strane MA17 pod nazivom &#8220;Integracija, identitet i mesto u dru\u0161tvu&#8221;....","og_url":"https:\/\/yuga.at\/de\/wir-gehoren-hierher-projekt-zur-identitat-und-integration\/","og_site_name":"YUga.at","article_publisher":"https:\/\/www.facebook.com\/yuga.austria","article_published_time":"2026-04-28T15:44:32+00:00","article_modified_time":"2026-04-28T15:44:34+00:00","og_image":[{"width":1433,"height":1176,"url":"https:\/\/yuga.at\/wp-content\/uploads\/Ich-bin-hier-\u2013-Identitat-Zugehorigkeit-und-Mitgestaltung.jpg","type":"image\/jpeg"}],"author":"Srdjan","twitter_card":"summary_large_image","twitter_misc":{"Verfasst von":"Srdjan","Gesch\u00e4tzte Lesezeit":"2\u00a0Minuten"},"schema":{"@context":"https:\/\/schema.org","@graph":[{"@type":"Article","@id":"https:\/\/yuga.at\/mi-pripadamo-ovde-projekat-o-identitetu-i-integraciji-mladih-u-becu\/#article","isPartOf":{"@id":"https:\/\/yuga.at\/mi-pripadamo-ovde-projekat-o-identitetu-i-integraciji-mladih-u-becu\/"},"author":{"name":"Srdjan","@id":"https:\/\/yuga.at\/#\/schema\/person\/14afd7c6aa250e7d26d59b2f1a427184"},"headline":"Mi pripadamo ovde: Projekat o identitetu i integraciji mladih u Be\u010du","datePublished":"2026-04-28T15:44:32+00:00","dateModified":"2026-04-28T15:44:34+00:00","mainEntityOfPage":{"@id":"https:\/\/yuga.at\/mi-pripadamo-ovde-projekat-o-identitetu-i-integraciji-mladih-u-becu\/"},"wordCount":254,"publisher":{"@id":"https:\/\/yuga.at\/#organization"},"image":{"@id":"https:\/\/yuga.at\/mi-pripadamo-ovde-projekat-o-identitetu-i-integraciji-mladih-u-becu\/#primaryimage"},"thumbnailUrl":"https:\/\/yuga.at\/wp-content\/uploads\/Ich-bin-hier-\u2013-Identitat-Zugehorigkeit-und-Mitgestaltung.jpg","articleSection":["Austrija","Vesti"],"inLanguage":"de"},{"@type":"WebPage","@id":"https:\/\/yuga.at\/mi-pripadamo-ovde-projekat-o-identitetu-i-integraciji-mladih-u-becu\/","url":"https:\/\/yuga.at\/mi-pripadamo-ovde-projekat-o-identitetu-i-integraciji-mladih-u-becu\/","name":"Wir geh\u00f6ren hierher: Projekt zur Identit\u00e4t und Integration junger Menschen mit Migrationshintergrund in Wien","isPartOf":{"@id":"https:\/\/yuga.at\/#website"},"primaryImageOfPage":{"@id":"https:\/\/yuga.at\/mi-pripadamo-ovde-projekat-o-identitetu-i-integraciji-mladih-u-becu\/#primaryimage"},"image":{"@id":"https:\/\/yuga.at\/mi-pripadamo-ovde-projekat-o-identitetu-i-integraciji-mladih-u-becu\/#primaryimage"},"thumbnailUrl":"https:\/\/yuga.at\/wp-content\/uploads\/Ich-bin-hier-\u2013-Identitat-Zugehorigkeit-und-Mitgestaltung.jpg","datePublished":"2026-04-28T15:44:32+00:00","dateModified":"2026-04-28T15:44:34+00:00","breadcrumb":{"@id":"https:\/\/yuga.at\/mi-pripadamo-ovde-projekat-o-identitetu-i-integraciji-mladih-u-becu\/#breadcrumb"},"inLanguage":"de","potentialAction":[{"@type":"ReadAction","target":["https:\/\/yuga.at\/mi-pripadamo-ovde-projekat-o-identitetu-i-integraciji-mladih-u-becu\/"]}]},{"@type":"ImageObject","inLanguage":"de","@id":"https:\/\/yuga.at\/mi-pripadamo-ovde-projekat-o-identitetu-i-integraciji-mladih-u-becu\/#primaryimage","url":"https:\/\/yuga.at\/wp-content\/uploads\/Ich-bin-hier-\u2013-Identitat-Zugehorigkeit-und-Mitgestaltung.jpg","contentUrl":"https:\/\/yuga.at\/wp-content\/uploads\/Ich-bin-hier-\u2013-Identitat-Zugehorigkeit-und-Mitgestaltung.jpg","width":1433,"height":1176,"caption":"Plakat za projekat"},{"@type":"BreadcrumbList","@id":"https:\/\/yuga.at\/mi-pripadamo-ovde-projekat-o-identitetu-i-integraciji-mladih-u-becu\/#breadcrumb","itemListElement":[{"@type":"ListItem","position":1,"name":"Home","item":"https:\/\/yuga.at\/"},{"@type":"ListItem","position":2,"name":"Mi pripadamo ovde: Projekat o identitetu i integraciji mladih u Be\u010du"}]},{"@type":"WebSite","@id":"https:\/\/yuga.at\/#website","url":"https:\/\/yuga.at\/","name":"YUga.at","description":"exYU Portal","publisher":{"@id":"https:\/\/yuga.at\/#organization"},"potentialAction":[{"@type":"SearchAction","target":{"@type":"EntryPoint","urlTemplate":"https:\/\/yuga.at\/?s={search_term_string}"},"query-input":{"@type":"PropertyValueSpecification","valueRequired":true,"valueName":"search_term_string"}}],"inLanguage":"de"},{"@type":"Organization","@id":"https:\/\/yuga.at\/#organization","name":"YUga.at","url":"https:\/\/yuga.at\/","logo":{"@type":"ImageObject","inLanguage":"de","@id":"https:\/\/yuga.at\/#\/schema\/logo\/image\/","url":"https:\/\/yuga.at\/wp-content\/uploads\/yuga-logo-black-250.png","contentUrl":"https:\/\/yuga.at\/wp-content\/uploads\/yuga-logo-black-250.png","width":250,"height":143,"caption":"YUga.at"},"image":{"@id":"https:\/\/yuga.at\/#\/schema\/logo\/image\/"},"sameAs":["https:\/\/www.facebook.com\/yuga.austria","https:\/\/www.instagram.com\/yuga.at\/"]},{"@type":"Person","@id":"https:\/\/yuga.at\/#\/schema\/person\/14afd7c6aa250e7d26d59b2f1a427184","name":"Srdjan","image":{"@type":"ImageObject","inLanguage":"de","@id":"https:\/\/secure.gravatar.com\/avatar\/5b6efe7dbc2c19685b2905878731fe11236889e186ff9c7df9039e75f5680008?s=96&d=mm&r=g","url":"https:\/\/secure.gravatar.com\/avatar\/5b6efe7dbc2c19685b2905878731fe11236889e186ff9c7df9039e75f5680008?s=96&d=mm&r=g","contentUrl":"https:\/\/secure.gravatar.com\/avatar\/5b6efe7dbc2c19685b2905878731fe11236889e186ff9c7df9039e75f5680008?s=96&d=mm&r=g","caption":"Srdjan"}}]}},"taxonomy_info":{"category":[{"value":97,"label":"Austrija"},{"value":49,"label":"Vesti"}]},"featured_image_src_large":["https:\/\/yuga.at\/wp-content\/uploads\/Ich-bin-hier-\u2013-Identitat-Zugehorigkeit-und-Mitgestaltung-1404x1152.jpg",798,655,true],"author_info":{"display_name":"Srdjan","author_link":"https:\/\/yuga.at\/de\/author\/srdjan\/"},"comment_info":0,"category_info":[{"term_id":97,"name":"Austrija","slug":"vesti-austrija","term_group":0,"term_taxonomy_id":97,"taxonomy":"category","description":"Vesti iz Austrije","parent":49,"count":99,"filter":"raw","cat_ID":97,"category_count":99,"category_description":"Vesti iz Austrije","cat_name":"Austrija","category_nicename":"vesti-austrija","category_parent":49},{"term_id":49,"name":"Vesti","slug":"vesti","term_group":0,"term_taxonomy_id":49,"taxonomy":"category","description":"Najnovije vesti","parent":0,"count":103,"filter":"raw","cat_ID":49,"category_count":103,"category_description":"Najnovije vesti","cat_name":"Vesti","category_nicename":"vesti","category_parent":0}],"tag_info":false,"_links":{"self":[{"href":"https:\/\/yuga.at\/de\/wp-json\/wp\/v2\/posts\/18922","targetHints":{"allow":["GET"]}}],"collection":[{"href":"https:\/\/yuga.at\/de\/wp-json\/wp\/v2\/posts"}],"about":[{"href":"https:\/\/yuga.at\/de\/wp-json\/wp\/v2\/types\/post"}],"author":[{"embeddable":true,"href":"https:\/\/yuga.at\/de\/wp-json\/wp\/v2\/users\/3"}],"replies":[{"embeddable":true,"href":"https:\/\/yuga.at\/de\/wp-json\/wp\/v2\/comments?post=18922"}],"version-history":[{"count":1,"href":"https:\/\/yuga.at\/de\/wp-json\/wp\/v2\/posts\/18922\/revisions"}],"predecessor-version":[{"id":18924,"href":"https:\/\/yuga.at\/de\/wp-json\/wp\/v2\/posts\/18922\/revisions\/18924"}],"wp:featuredmedia":[{"embeddable":true,"href":"https:\/\/yuga.at\/de\/wp-json\/wp\/v2\/media\/18923"}],"wp:attachment":[{"href":"https:\/\/yuga.at\/de\/wp-json\/wp\/v2\/media?parent=18922"}],"wp:term":[{"taxonomy":"category","embeddable":true,"href":"https:\/\/yuga.at\/de\/wp-json\/wp\/v2\/categories?post=18922"},{"taxonomy":"post_tag","embeddable":true,"href":"https:\/\/yuga.at\/de\/wp-json\/wp\/v2\/tags?post=18922"}],"curies":[{"name":"wp","href":"https:\/\/api.w.org\/{rel}","templated":true}]}}