{"id":2277,"date":"2020-06-28T19:01:55","date_gmt":"2020-06-28T17:01:55","guid":{"rendered":"http:\/\/ayustria.at?p=2277"},"modified":"2022-09-25T09:58:15","modified_gmt":"2022-09-25T07:58:15","slug":"tourismus-in-wien-erholung-von-der-coronakrise-erst-ab-2021","status":"publish","type":"post","link":"https:\/\/yuga.at\/de\/turizam-u-becu-oporavak-od-korone-tek-od-2021-godine\/","title":{"rendered":"Tourismus in Wien: Erholung von der Coronakrise erst ab 2021"},"content":{"rendered":"<p>Wien verzeichnete in den letzten Jahren Rekorde im Tourismus, und G\u00e4ste aus der ganzen Welt str\u00f6mten in die \u00f6sterreichische Hauptstadt. In diesem Jahr verzeichnet der Tourismus aufgrund der Situation mit dem Coronavirus jedoch erhebliche Verluste.<\/p>\n\n\n\n<blockquote class=\"wp-block-quote has-text-align-center is-style-large is-layout-flow wp-block-quote-is-layout-flow\"><p>\"Die Coronavirus-Pandemie hat sich drastisch auf das touristische Wien ausgewirkt.\"<\/p><cite>Wiener B\u00fcrgermeister<\/cite><\/blockquote>\n\n\n<div style=\"position: relative\">\n<div class=\"wp-block-media-text alignwide\"><figure class=\"wp-block-media-text__media\"><img loading=\"lazy\" decoding=\"async\" width=\"960\" height=\"640\" src=\"https:\/\/yuga.at\/wp-content\/uploads\/be\u010d-austrija.jpg\" alt=\"\" class=\"wp-image-2278 size-full\" srcset=\"https:\/\/yuga.at\/wp-content\/uploads\/be\u010d-austrija.jpg 960w, https:\/\/yuga.at\/wp-content\/uploads\/be\u010d-austrija-768x512.jpg 768w, https:\/\/yuga.at\/wp-content\/uploads\/be\u010d-austrija-391x260.jpg 391w, https:\/\/yuga.at\/wp-content\/uploads\/be\u010d-austrija-50x33.jpg 50w\" sizes=\"auto, (max-width: 960px) 100vw, 960px\" \/><\/figure><div class=\"wp-block-media-text__content\">\n<h2 class=\"wp-block-heading\" id=\"prater\">Wiener Prater<\/h2>\n\n\n\n<p>Jedes Jahr besuchen eine gro\u00dfe Anzahl von Touristen den Wiener Prater. Leider wird diese Zahl in diesem Jahr sehr gering sein, da die \u00f6sterreichische Regierung weiterhin keine Einreise f\u00fcr Touristen aus L\u00e4ndern au\u00dferhalb der Europ\u00e4ischen Union erlaubt.<\/p>\n<\/div><\/div>\n<div class=\"featured-image-copyright\"><\/div><\/div>\n\n\n<p>Die Coronavirus-Pandemie hat sich drastisch auf das touristische Wien ausgewirkt. Die Anzahl der \u00dcbernachtungen im M\u00e4rz war um 72,5 Prozent niedriger, und im gesamten ersten Quartal um 23 Prozent niedriger im Vergleich zum Jahr 2019. <\/p>\n\n\n\n<p class=\"has-background\" style=\"background-color:#fff3ee\">Wie sich der Tourismus in den kommenden Monaten entwickeln wird, h\u00e4ngt von der \u00d6ffnung der Grenzen ab. Im vergangenen Jahr entfielen von insgesamt 17,6 Millionen \u00dcbernachtungen in Wien 83 Prozent auf ausl\u00e4ndische G\u00e4ste, sodass inl\u00e4ndische G\u00e4ste die Verluste nicht ausgleichen k\u00f6nnen.<\/p>\n\n\n\n<h2 class=\"wp-block-heading\" id=\"turizam\">Gro\u00dfer Verlust f\u00fcr den Wiener Tourismus<\/h2>\n\n\n\n<p>Nach zahlreichen erfolgreichen Jahren steht der Tourismussektor in Wien zum ersten Mal vor gro\u00dfen Verlusten. <\/p>\n\n\n\n<p>Besonders stark betroffen sind die Ausf\u00e4lle aus L\u00e4ndern wie Italien oder China, aus denen im M\u00e4rz 92 Prozent weniger G\u00e4ste kamen. <\/p>\n\n\n\n<p>Die Belegung der Unterk\u00fcnfte betrug nur 22 Prozent.<\/p>\n\n\n\n<figure class=\"wp-block-gallery alignwide has-nested-images columns-2 is-cropped alignfull wp-block-gallery-1 is-layout-flex wp-block-gallery-is-layout-flex\"><div class=\"copyright-image-large\" style=\"position: relative\">\n<figure class=\"wp-block-image size-large\"><img loading=\"lazy\" decoding=\"async\" width=\"800\" height=\"600\" data-id=\"2279\" src=\"https:\/\/yuga.at\/wp-content\/uploads\/Graben-Wien.jpg\" alt=\"\" class=\"wp-image-2279\" srcset=\"https:\/\/yuga.at\/wp-content\/uploads\/Graben-Wien.jpg 800w, https:\/\/yuga.at\/wp-content\/uploads\/Graben-Wien-768x576.jpg 768w, https:\/\/yuga.at\/wp-content\/uploads\/Graben-Wien-50x38.jpg 50w\" sizes=\"auto, (max-width: 800px) 100vw, 800px\" \/><\/figure>\n<div class=\"featured-image-copyright\"><\/div><\/div>\n\n<div class=\"copyright-image-large\" style=\"position: relative\">\n<figure class=\"wp-block-image size-large\"><img loading=\"lazy\" decoding=\"async\" width=\"900\" height=\"600\" data-id=\"2280\" src=\"https:\/\/yuga.at\/wp-content\/uploads\/rathaus_front_pid_schaubwalzer-900x600-1.jpg\" alt=\"\" class=\"wp-image-2280\" srcset=\"https:\/\/yuga.at\/wp-content\/uploads\/rathaus_front_pid_schaubwalzer-900x600-1.jpg 900w, https:\/\/yuga.at\/wp-content\/uploads\/rathaus_front_pid_schaubwalzer-900x600-1-768x512.jpg 768w, https:\/\/yuga.at\/wp-content\/uploads\/rathaus_front_pid_schaubwalzer-900x600-1-391x260.jpg 391w, https:\/\/yuga.at\/wp-content\/uploads\/rathaus_front_pid_schaubwalzer-900x600-1-50x33.jpg 50w\" sizes=\"auto, (max-width: 900px) 100vw, 900px\" \/><\/figure>\n<div class=\"featured-image-copyright\"><\/div><\/div><\/figure>\n\n\n\n<h2 class=\"wp-block-heading\" id=\"poboljsanje\">Verbesserung ab dem Fr\u00fchjahr 2021<\/h2>\n\n\n\n<p>Die Tourismusorganisation der Stadt Wien, \"WienTourismus\", rechnet erst ab dem Jahr 2021 mit einer Erholung. <\/p>\n\n\n\n<p>Sie betonen, dass es jetzt am wichtigsten ist, gute Flugverbindungen f\u00fcr die Zukunft zu sichern, da drei Viertel der Teilnehmer verschiedener Kongresse und fast die H\u00e4lfte der Touristen mit dem Flugzeug nach Wien kommen. <\/p>\n\n\n\n<p>Ein dichtes Netzwerk an Direktfl\u00fcgen ist eine Voraussetzung f\u00fcr ein erfolgreiches Wirtschaftszentrum. Die WienTourismus begr\u00fc\u00dft die Ank\u00fcndigung der Stadt Wien zum Bau eines neuen zentralen Busbahnhofs f\u00fcr den internationalen Verkehr, der auch neue Arbeitspl\u00e4tze und zus\u00e4tzliche Dynamik in der Phase der Erholung des europ\u00e4ischen Tourismus gew\u00e4hrleisten wird. <\/p>\n\n\n\n<figure class=\"wp-block-pullquote is-style-default\"><blockquote><p>\"Wir hoffen, dass es uns gelingen wird, den Wiener Tourismus wieder an die Spitze der weltweiten Reiseziele zur\u00fcckzubringen, wo er hingeh\u00f6rt.\"<\/p><cite>Sebastian Kurz<\/cite><\/blockquote><\/figure>\n\n\n\n<p>Der \u00f6sterreichische Bundeskanzler Sebastian Kurz hatte bereits fr\u00fcher erkl\u00e4rt, dass die \u00d6sterreicher in Erw\u00e4gung ziehen sollten, ihren Urlaub im eigenen Land zu verbringen, um der Wirtschaft zu helfen. <\/p>\n\n\n\n<p>Dennoch sind die Verluste in der Wirtschaft ohne ausl\u00e4ndische Touristen gro\u00df, und es wird einige Zeit dauern, bis sich der Tourismus normalisiert.<\/p>","protected":false},"excerpt":{"rendered":"<p>Be\u010d je proteklih godina oborao rekorde u turizmu, a gosti iz celog sveta hrlili su u austrijsku prestonicu. Ove godine, zbog situacije sa Korona&#8230;<\/p>","protected":false},"author":3,"featured_media":2280,"comment_status":"closed","ping_status":"closed","sticky":false,"template":"","format":"standard","meta":{"_acf_changed":false,"_kad_blocks_custom_css":"","_kad_blocks_head_custom_js":"","_kad_blocks_body_custom_js":"","_kad_blocks_footer_custom_js":"","footnotes":""},"categories":[53],"tags":[66,67,68],"class_list":["post-2277","post","type-post","status-publish","format-standard","has-post-thumbnail","hentry","category-turizam","tag-korona","tag-putovanja","tag-turizam","entry","category-53"],"acf":[],"yoast_head":"<!-- This site is optimized with the Yoast SEO plugin v27.3 - https:\/\/yoast.com\/product\/yoast-seo-wordpress\/ -->\n<title>Turizam u Be\u010du: Oporavak od Korone tek od 2021. godine<\/title>\n<meta name=\"description\" content=\"Pandemija Korona virusa drasti\u010dno se odrazila i na turisti\u010dki Be\u010d. Oporavak od korone predvi\u0111a se za sredinu 2021. godine.\" \/>\n<meta name=\"robots\" content=\"index, follow, max-snippet:-1, max-image-preview:large, max-video-preview:-1\" \/>\n<link rel=\"canonical\" href=\"https:\/\/yuga.at\/de\/tourismus-in-wien-erholung-von-der-coronakrise-erst-ab-2021\/\" \/>\n<meta property=\"og:locale\" content=\"de_DE\" \/>\n<meta property=\"og:type\" content=\"article\" \/>\n<meta property=\"og:title\" content=\"Turizam u Be\u010du: Oporavak od Korone tek od 2021. godine\" \/>\n<meta property=\"og:description\" content=\"Pandemija Korona virusa drasti\u010dno se odrazila i na turisti\u010dki Be\u010d. Oporavak od korone predvi\u0111a se za sredinu 2021. godine.\" \/>\n<meta property=\"og:url\" content=\"https:\/\/yuga.at\/de\/tourismus-in-wien-erholung-von-der-coronakrise-erst-ab-2021\/\" \/>\n<meta property=\"og:site_name\" content=\"YUga.at\" \/>\n<meta property=\"article:publisher\" content=\"https:\/\/www.facebook.com\/yuga.austria\" \/>\n<meta property=\"article:published_time\" content=\"2020-06-28T17:01:55+00:00\" \/>\n<meta property=\"article:modified_time\" content=\"2022-09-25T07:58:15+00:00\" \/>\n<meta property=\"og:image\" content=\"https:\/\/yuga.at\/wp-content\/uploads\/rathaus_front_pid_schaubwalzer-900x600-1.jpg\" \/>\n\t<meta property=\"og:image:width\" content=\"900\" \/>\n\t<meta property=\"og:image:height\" content=\"600\" \/>\n\t<meta property=\"og:image:type\" content=\"image\/jpeg\" \/>\n<meta name=\"author\" content=\"Srdjan\" \/>\n<meta name=\"twitter:card\" content=\"summary_large_image\" \/>\n<meta name=\"twitter:label1\" content=\"Verfasst von\" \/>\n\t<meta name=\"twitter:data1\" content=\"Srdjan\" \/>\n\t<meta name=\"twitter:label2\" content=\"Gesch\u00e4tzte Lesezeit\" \/>\n\t<meta name=\"twitter:data2\" content=\"3\u00a0Minuten\" \/>\n<script type=\"application\/ld+json\" class=\"yoast-schema-graph\">{\"@context\":\"https:\\\/\\\/schema.org\",\"@graph\":[{\"@type\":\"Article\",\"@id\":\"https:\\\/\\\/yuga.at\\\/turizam-u-becu-oporavak-od-korone-tek-od-2021-godine\\\/#article\",\"isPartOf\":{\"@id\":\"https:\\\/\\\/yuga.at\\\/turizam-u-becu-oporavak-od-korone-tek-od-2021-godine\\\/\"},\"author\":{\"name\":\"Srdjan\",\"@id\":\"https:\\\/\\\/yuga.at\\\/#\\\/schema\\\/person\\\/14afd7c6aa250e7d26d59b2f1a427184\"},\"headline\":\"Turizam u Be\u010du: Oporavak od Korone tek od 2021. godine\",\"datePublished\":\"2020-06-28T17:01:55+00:00\",\"dateModified\":\"2022-09-25T07:58:15+00:00\",\"mainEntityOfPage\":{\"@id\":\"https:\\\/\\\/yuga.at\\\/turizam-u-becu-oporavak-od-korone-tek-od-2021-godine\\\/\"},\"wordCount\":387,\"publisher\":{\"@id\":\"https:\\\/\\\/yuga.at\\\/#organization\"},\"image\":{\"@id\":\"https:\\\/\\\/yuga.at\\\/turizam-u-becu-oporavak-od-korone-tek-od-2021-godine\\\/#primaryimage\"},\"thumbnailUrl\":\"https:\\\/\\\/yuga.at\\\/wp-content\\\/uploads\\\/rathaus_front_pid_schaubwalzer-900x600-1.jpg\",\"keywords\":[\"korona\",\"putovanja\",\"turizam\"],\"articleSection\":[\"Turizam\"],\"inLanguage\":\"de\"},{\"@type\":\"WebPage\",\"@id\":\"https:\\\/\\\/yuga.at\\\/turizam-u-becu-oporavak-od-korone-tek-od-2021-godine\\\/\",\"url\":\"https:\\\/\\\/yuga.at\\\/turizam-u-becu-oporavak-od-korone-tek-od-2021-godine\\\/\",\"name\":\"Turizam u Be\u010du: Oporavak od Korone tek od 2021. godine\",\"isPartOf\":{\"@id\":\"https:\\\/\\\/yuga.at\\\/#website\"},\"primaryImageOfPage\":{\"@id\":\"https:\\\/\\\/yuga.at\\\/turizam-u-becu-oporavak-od-korone-tek-od-2021-godine\\\/#primaryimage\"},\"image\":{\"@id\":\"https:\\\/\\\/yuga.at\\\/turizam-u-becu-oporavak-od-korone-tek-od-2021-godine\\\/#primaryimage\"},\"thumbnailUrl\":\"https:\\\/\\\/yuga.at\\\/wp-content\\\/uploads\\\/rathaus_front_pid_schaubwalzer-900x600-1.jpg\",\"datePublished\":\"2020-06-28T17:01:55+00:00\",\"dateModified\":\"2022-09-25T07:58:15+00:00\",\"description\":\"Pandemija Korona virusa drasti\u010dno se odrazila i na turisti\u010dki Be\u010d. Oporavak od korone predvi\u0111a se za sredinu 2021. godine.\",\"breadcrumb\":{\"@id\":\"https:\\\/\\\/yuga.at\\\/turizam-u-becu-oporavak-od-korone-tek-od-2021-godine\\\/#breadcrumb\"},\"inLanguage\":\"de\",\"potentialAction\":[{\"@type\":\"ReadAction\",\"target\":[\"https:\\\/\\\/yuga.at\\\/turizam-u-becu-oporavak-od-korone-tek-od-2021-godine\\\/\"]}]},{\"@type\":\"ImageObject\",\"inLanguage\":\"de\",\"@id\":\"https:\\\/\\\/yuga.at\\\/turizam-u-becu-oporavak-od-korone-tek-od-2021-godine\\\/#primaryimage\",\"url\":\"https:\\\/\\\/yuga.at\\\/wp-content\\\/uploads\\\/rathaus_front_pid_schaubwalzer-900x600-1.jpg\",\"contentUrl\":\"https:\\\/\\\/yuga.at\\\/wp-content\\\/uploads\\\/rathaus_front_pid_schaubwalzer-900x600-1.jpg\",\"width\":900,\"height\":600},{\"@type\":\"BreadcrumbList\",\"@id\":\"https:\\\/\\\/yuga.at\\\/turizam-u-becu-oporavak-od-korone-tek-od-2021-godine\\\/#breadcrumb\",\"itemListElement\":[{\"@type\":\"ListItem\",\"position\":1,\"name\":\"Home\",\"item\":\"https:\\\/\\\/yuga.at\\\/\"},{\"@type\":\"ListItem\",\"position\":2,\"name\":\"Turizam u Be\u010du: Oporavak od Korone tek od 2021. godine\"}]},{\"@type\":\"WebSite\",\"@id\":\"https:\\\/\\\/yuga.at\\\/#website\",\"url\":\"https:\\\/\\\/yuga.at\\\/\",\"name\":\"YUga.at\",\"description\":\"exYU Portal\",\"publisher\":{\"@id\":\"https:\\\/\\\/yuga.at\\\/#organization\"},\"potentialAction\":[{\"@type\":\"SearchAction\",\"target\":{\"@type\":\"EntryPoint\",\"urlTemplate\":\"https:\\\/\\\/yuga.at\\\/?s={search_term_string}\"},\"query-input\":{\"@type\":\"PropertyValueSpecification\",\"valueRequired\":true,\"valueName\":\"search_term_string\"}}],\"inLanguage\":\"de\"},{\"@type\":\"Organization\",\"@id\":\"https:\\\/\\\/yuga.at\\\/#organization\",\"name\":\"YUga.at\",\"url\":\"https:\\\/\\\/yuga.at\\\/\",\"logo\":{\"@type\":\"ImageObject\",\"inLanguage\":\"de\",\"@id\":\"https:\\\/\\\/yuga.at\\\/#\\\/schema\\\/logo\\\/image\\\/\",\"url\":\"https:\\\/\\\/yuga.at\\\/wp-content\\\/uploads\\\/yuga-logo-black-250.png\",\"contentUrl\":\"https:\\\/\\\/yuga.at\\\/wp-content\\\/uploads\\\/yuga-logo-black-250.png\",\"width\":250,\"height\":143,\"caption\":\"YUga.at\"},\"image\":{\"@id\":\"https:\\\/\\\/yuga.at\\\/#\\\/schema\\\/logo\\\/image\\\/\"},\"sameAs\":[\"https:\\\/\\\/www.facebook.com\\\/yuga.austria\",\"https:\\\/\\\/www.instagram.com\\\/yuga.at\\\/\"]},{\"@type\":\"Person\",\"@id\":\"https:\\\/\\\/yuga.at\\\/#\\\/schema\\\/person\\\/14afd7c6aa250e7d26d59b2f1a427184\",\"name\":\"Srdjan\",\"image\":{\"@type\":\"ImageObject\",\"inLanguage\":\"de\",\"@id\":\"https:\\\/\\\/secure.gravatar.com\\\/avatar\\\/5b6efe7dbc2c19685b2905878731fe11236889e186ff9c7df9039e75f5680008?s=96&d=mm&r=g\",\"url\":\"https:\\\/\\\/secure.gravatar.com\\\/avatar\\\/5b6efe7dbc2c19685b2905878731fe11236889e186ff9c7df9039e75f5680008?s=96&d=mm&r=g\",\"contentUrl\":\"https:\\\/\\\/secure.gravatar.com\\\/avatar\\\/5b6efe7dbc2c19685b2905878731fe11236889e186ff9c7df9039e75f5680008?s=96&d=mm&r=g\",\"caption\":\"Srdjan\"}}]}<\/script>\n<!-- \/ Yoast SEO plugin. -->","yoast_head_json":{"title":"Tourismus in Wien: Erholung von der Coronakrise erst ab 2021","description":"Die Corona-Virus-Pandemie hat drastische Auswirkungen auf das touristische Wien. Eine Erholung von Corona wird f\u00fcr Mitte 2021 vorhergesagt.","robots":{"index":"index","follow":"follow","max-snippet":"max-snippet:-1","max-image-preview":"max-image-preview:large","max-video-preview":"max-video-preview:-1"},"canonical":"https:\/\/yuga.at\/de\/tourismus-in-wien-erholung-von-der-coronakrise-erst-ab-2021\/","og_locale":"de_DE","og_type":"article","og_title":"Turizam u Be\u010du: Oporavak od Korone tek od 2021. godine","og_description":"Pandemija Korona virusa drasti\u010dno se odrazila i na turisti\u010dki Be\u010d. Oporavak od korone predvi\u0111a se za sredinu 2021. godine.","og_url":"https:\/\/yuga.at\/de\/tourismus-in-wien-erholung-von-der-coronakrise-erst-ab-2021\/","og_site_name":"YUga.at","article_publisher":"https:\/\/www.facebook.com\/yuga.austria","article_published_time":"2020-06-28T17:01:55+00:00","article_modified_time":"2022-09-25T07:58:15+00:00","og_image":[{"width":900,"height":600,"url":"https:\/\/yuga.at\/wp-content\/uploads\/rathaus_front_pid_schaubwalzer-900x600-1.jpg","type":"image\/jpeg"}],"author":"Srdjan","twitter_card":"summary_large_image","twitter_misc":{"Verfasst von":"Srdjan","Gesch\u00e4tzte Lesezeit":"3\u00a0Minuten"},"schema":{"@context":"https:\/\/schema.org","@graph":[{"@type":"Article","@id":"https:\/\/yuga.at\/turizam-u-becu-oporavak-od-korone-tek-od-2021-godine\/#article","isPartOf":{"@id":"https:\/\/yuga.at\/turizam-u-becu-oporavak-od-korone-tek-od-2021-godine\/"},"author":{"name":"Srdjan","@id":"https:\/\/yuga.at\/#\/schema\/person\/14afd7c6aa250e7d26d59b2f1a427184"},"headline":"Turizam u Be\u010du: Oporavak od Korone tek od 2021. godine","datePublished":"2020-06-28T17:01:55+00:00","dateModified":"2022-09-25T07:58:15+00:00","mainEntityOfPage":{"@id":"https:\/\/yuga.at\/turizam-u-becu-oporavak-od-korone-tek-od-2021-godine\/"},"wordCount":387,"publisher":{"@id":"https:\/\/yuga.at\/#organization"},"image":{"@id":"https:\/\/yuga.at\/turizam-u-becu-oporavak-od-korone-tek-od-2021-godine\/#primaryimage"},"thumbnailUrl":"https:\/\/yuga.at\/wp-content\/uploads\/rathaus_front_pid_schaubwalzer-900x600-1.jpg","keywords":["korona","putovanja","turizam"],"articleSection":["Turizam"],"inLanguage":"de"},{"@type":"WebPage","@id":"https:\/\/yuga.at\/turizam-u-becu-oporavak-od-korone-tek-od-2021-godine\/","url":"https:\/\/yuga.at\/turizam-u-becu-oporavak-od-korone-tek-od-2021-godine\/","name":"Tourismus in Wien: Erholung von der Coronakrise erst ab 2021","isPartOf":{"@id":"https:\/\/yuga.at\/#website"},"primaryImageOfPage":{"@id":"https:\/\/yuga.at\/turizam-u-becu-oporavak-od-korone-tek-od-2021-godine\/#primaryimage"},"image":{"@id":"https:\/\/yuga.at\/turizam-u-becu-oporavak-od-korone-tek-od-2021-godine\/#primaryimage"},"thumbnailUrl":"https:\/\/yuga.at\/wp-content\/uploads\/rathaus_front_pid_schaubwalzer-900x600-1.jpg","datePublished":"2020-06-28T17:01:55+00:00","dateModified":"2022-09-25T07:58:15+00:00","description":"Die Corona-Virus-Pandemie hat drastische Auswirkungen auf das touristische Wien. Eine Erholung von Corona wird f\u00fcr Mitte 2021 vorhergesagt.","breadcrumb":{"@id":"https:\/\/yuga.at\/turizam-u-becu-oporavak-od-korone-tek-od-2021-godine\/#breadcrumb"},"inLanguage":"de","potentialAction":[{"@type":"ReadAction","target":["https:\/\/yuga.at\/turizam-u-becu-oporavak-od-korone-tek-od-2021-godine\/"]}]},{"@type":"ImageObject","inLanguage":"de","@id":"https:\/\/yuga.at\/turizam-u-becu-oporavak-od-korone-tek-od-2021-godine\/#primaryimage","url":"https:\/\/yuga.at\/wp-content\/uploads\/rathaus_front_pid_schaubwalzer-900x600-1.jpg","contentUrl":"https:\/\/yuga.at\/wp-content\/uploads\/rathaus_front_pid_schaubwalzer-900x600-1.jpg","width":900,"height":600},{"@type":"BreadcrumbList","@id":"https:\/\/yuga.at\/turizam-u-becu-oporavak-od-korone-tek-od-2021-godine\/#breadcrumb","itemListElement":[{"@type":"ListItem","position":1,"name":"Home","item":"https:\/\/yuga.at\/"},{"@type":"ListItem","position":2,"name":"Turizam u Be\u010du: Oporavak od Korone tek od 2021. godine"}]},{"@type":"WebSite","@id":"https:\/\/yuga.at\/#website","url":"https:\/\/yuga.at\/","name":"YUga.at","description":"exYU Portal","publisher":{"@id":"https:\/\/yuga.at\/#organization"},"potentialAction":[{"@type":"SearchAction","target":{"@type":"EntryPoint","urlTemplate":"https:\/\/yuga.at\/?s={search_term_string}"},"query-input":{"@type":"PropertyValueSpecification","valueRequired":true,"valueName":"search_term_string"}}],"inLanguage":"de"},{"@type":"Organization","@id":"https:\/\/yuga.at\/#organization","name":"YUga.at","url":"https:\/\/yuga.at\/","logo":{"@type":"ImageObject","inLanguage":"de","@id":"https:\/\/yuga.at\/#\/schema\/logo\/image\/","url":"https:\/\/yuga.at\/wp-content\/uploads\/yuga-logo-black-250.png","contentUrl":"https:\/\/yuga.at\/wp-content\/uploads\/yuga-logo-black-250.png","width":250,"height":143,"caption":"YUga.at"},"image":{"@id":"https:\/\/yuga.at\/#\/schema\/logo\/image\/"},"sameAs":["https:\/\/www.facebook.com\/yuga.austria","https:\/\/www.instagram.com\/yuga.at\/"]},{"@type":"Person","@id":"https:\/\/yuga.at\/#\/schema\/person\/14afd7c6aa250e7d26d59b2f1a427184","name":"Srdjan","image":{"@type":"ImageObject","inLanguage":"de","@id":"https:\/\/secure.gravatar.com\/avatar\/5b6efe7dbc2c19685b2905878731fe11236889e186ff9c7df9039e75f5680008?s=96&d=mm&r=g","url":"https:\/\/secure.gravatar.com\/avatar\/5b6efe7dbc2c19685b2905878731fe11236889e186ff9c7df9039e75f5680008?s=96&d=mm&r=g","contentUrl":"https:\/\/secure.gravatar.com\/avatar\/5b6efe7dbc2c19685b2905878731fe11236889e186ff9c7df9039e75f5680008?s=96&d=mm&r=g","caption":"Srdjan"}}]}},"taxonomy_info":{"category":[{"value":53,"label":"Turizam"}],"post_tag":[{"value":66,"label":"korona"},{"value":67,"label":"putovanja"},{"value":68,"label":"turizam"}]},"featured_image_src_large":["https:\/\/yuga.at\/wp-content\/uploads\/rathaus_front_pid_schaubwalzer-900x600-1.jpg",798,532,false],"author_info":{"display_name":"Srdjan","author_link":"https:\/\/yuga.at\/de\/author\/srdjan\/"},"comment_info":0,"category_info":[{"term_id":53,"name":"Turizam","slug":"turizam","term_group":0,"term_taxonomy_id":53,"taxonomy":"category","description":"Putovanja i destinacije","parent":0,"count":36,"filter":"raw","cat_ID":53,"category_count":36,"category_description":"Putovanja i destinacije","cat_name":"Turizam","category_nicename":"turizam","category_parent":0}],"tag_info":[{"term_id":66,"name":"korona","slug":"korona","term_group":0,"term_taxonomy_id":66,"taxonomy":"post_tag","description":"","parent":0,"count":7,"filter":"raw"},{"term_id":67,"name":"putovanja","slug":"putovanja","term_group":0,"term_taxonomy_id":67,"taxonomy":"post_tag","description":"","parent":0,"count":1,"filter":"raw"},{"term_id":68,"name":"turizam","slug":"turizam","term_group":0,"term_taxonomy_id":68,"taxonomy":"post_tag","description":"","parent":0,"count":31,"filter":"raw"}],"_links":{"self":[{"href":"https:\/\/yuga.at\/de\/wp-json\/wp\/v2\/posts\/2277","targetHints":{"allow":["GET"]}}],"collection":[{"href":"https:\/\/yuga.at\/de\/wp-json\/wp\/v2\/posts"}],"about":[{"href":"https:\/\/yuga.at\/de\/wp-json\/wp\/v2\/types\/post"}],"author":[{"embeddable":true,"href":"https:\/\/yuga.at\/de\/wp-json\/wp\/v2\/users\/3"}],"replies":[{"embeddable":true,"href":"https:\/\/yuga.at\/de\/wp-json\/wp\/v2\/comments?post=2277"}],"version-history":[{"count":4,"href":"https:\/\/yuga.at\/de\/wp-json\/wp\/v2\/posts\/2277\/revisions"}],"predecessor-version":[{"id":11133,"href":"https:\/\/yuga.at\/de\/wp-json\/wp\/v2\/posts\/2277\/revisions\/11133"}],"wp:featuredmedia":[{"embeddable":true,"href":"https:\/\/yuga.at\/de\/wp-json\/wp\/v2\/media\/2280"}],"wp:attachment":[{"href":"https:\/\/yuga.at\/de\/wp-json\/wp\/v2\/media?parent=2277"}],"wp:term":[{"taxonomy":"category","embeddable":true,"href":"https:\/\/yuga.at\/de\/wp-json\/wp\/v2\/categories?post=2277"},{"taxonomy":"post_tag","embeddable":true,"href":"https:\/\/yuga.at\/de\/wp-json\/wp\/v2\/tags?post=2277"}],"curies":[{"name":"wp","href":"https:\/\/api.w.org\/{rel}","templated":true}]}}