{"id":4336,"date":"2020-10-25T08:59:04","date_gmt":"2020-10-25T07:59:04","guid":{"rendered":"https:\/\/yuga.at\/?p=4336"},"modified":"2022-09-25T09:53:26","modified_gmt":"2022-09-25T07:53:26","slug":"vuk-stefanovic-karadzic-leben-und-arbeit-in-wien","status":"publish","type":"post","link":"https:\/\/yuga.at\/de\/vuk-stefanovic-karadzic-zivot-i-rad-u-becu\/","title":{"rendered":"Vuk Stefanovi\u0107 Karad\u017ei\u0107 \u2013 Leben und Arbeit in Wien"},"content":{"rendered":"<p>Obwohl sein Grab seit 1897 im Hof der Dom-Kirche in Belgrad liegt, lebte Vuk Stefanovi\u0107 Karad\u017ei\u0107 als \"Fl\u00fcchtling aus der T\u00fcrkei\" \u00fcber 50 Jahre lang in Wien und war dort sehr aktiv. <\/p>\n\n\n\n<p>Zu dieser Zeit galt Wien als einer der wichtigsten kulturellen und politischen Zentren Europas. Es zog insbesondere die V\u00f6lker des Westbalkans an, die entweder unter der Herrschaft der Habsburger standen oder bereits dort lebten, um der Bedrohung und Ausbreitung des Osmanischen Reiches auf dem Balkan zu entkommen.<\/p>\n\n\n\n<h2 class=\"wp-block-heading\" id=\"vuk-karadzic\">Wer war Vuk Stefanovi\u0107 Karad\u017ei\u0107?<\/h2>\n\n\n\n<p>Vuk war Schriftsteller, Philologe und Reformer der serbischen Schrift und Rechtschreibung. <\/p>\n\n\n\n<p>Er wurde am 7. November 1787 in dem Dorf Tr\u0161i\u0107 in der N\u00e4he von Loznica geboren. Er verstarb am 7. Februar 1864 in Wien. <\/p>\n\n\n\n<p>Vuk Karad\u017ei\u0107 ist eine der bedeutendsten Pers\u00f6nlichkeiten der serbischen Kultur und Literatur in der ersten H\u00e4lfte des 19. Jahrhunderts.<\/p>\n\n\n\n<p>Bis zum Jahr 1813 lebte Vuk in Serbien. <\/p>\n\n\n\n<p>Nach dem Scheitern des Ersten Serbischen Aufstands zog er zun\u00e4chst nach Zemun und dann nach Wien, wo er die achtzehnj\u00e4hrige Anna Maria Kraus, die Tochter eines wohlhabenden H\u00e4ndlers, kennenlernte. Bei diesem H\u00e4ndler wohnte Vuk zu dieser Zeit. <\/p>\n\n\n\n<h2 class=\"wp-block-heading\" id=\"ana-kraus\">Ehe mit Ana Kraus<\/h2>\n\n\n\n<p>Vuk verliebte sich in Anna und entschied sich, sie zu heiraten. Sie hatten dreizehn Kinder, von denen sogar elf in der Kindheit oder fr\u00fchen Jugend verstarben. <\/p>\n\n\n\n<p>Milutin, Milica, Bo\u017eidar, Vasilija, Sava Ru\u017ea, Amajlija, Aleksandrina und zwei nicht getaufte Kinder sind sehr fr\u00fch verstorben, w\u00e4hrend die Tochter Mina und der Sohn Dimitrije alles waren, was den ungl\u00fccklichen Eltern blieb. <\/p>\n\n\n\n<p>Anna hat die Kinder gr\u00f6\u00dftenteils alleine erzogen, da Vuk oft nach Serbien gereist ist, um Volksdichtung und historisches Material zu sammeln. <\/p>\n\n\n\n<p>Aus ihren Briefen l\u00e4sst sich schlie\u00dfen, dass sie nicht einmal den Wunsch hatte, in Serbien zu leben, und dass ihr die serbischen Br\u00e4uche und Lebensweise sehr fremd und seltsam waren.<br><\/p>\n\n\n<div class=\"wp-block-image\"><div class=\"copyright-image-large\" style=\"position: relative\">\n<figure class=\"aligncenter size-large\"><a href=\"https:\/\/yuga.at\/wp-content\/uploads\/ana-i_vuk_karadzic.jpg\"><img loading=\"lazy\" decoding=\"async\" width=\"860\" height=\"573\" src=\"https:\/\/yuga.at\/wp-content\/uploads\/ana-i_vuk_karadzic.jpg\" alt=\"Ana Kraus i Vuk Karad\u017ei\u0107\" class=\"wp-image-4342\" srcset=\"https:\/\/yuga.at\/wp-content\/uploads\/ana-i_vuk_karadzic.jpg 860w, https:\/\/yuga.at\/wp-content\/uploads\/ana-i_vuk_karadzic-768x512.jpg 768w, https:\/\/yuga.at\/wp-content\/uploads\/ana-i_vuk_karadzic-391x260.jpg 391w, https:\/\/yuga.at\/wp-content\/uploads\/ana-i_vuk_karadzic-50x33.jpg 50w\" sizes=\"auto, (max-width: 860px) 100vw, 860px\" \/><\/a><figcaption>Die ber\u00fchmte Fotografie von Josef Kriehuber, auf der Ana Kraus und Vuk Karad\u017ei\u0107 zu sehen sind.<\/figcaption><\/figure>\n<div class=\"featured-image-copyright\">Volksmuseum Belgrad \u2013 Jozef Krihuber<\/div><\/div><\/div>\n\n\n<h2 class=\"wp-block-heading\" id=\"u-becu\">Leben und Arbeit in Wien<\/h2>\n\n\n\n<p>Eine der ersten Schriften, die Vuk in Wien ver\u00f6ffentlichte, war ein Text \u00fcber den Zusammenbruch des Ersten Serbischen Aufstands, was die Aufmerksamkeit des Zensors Jernej Kopitar auf sich zog. <\/p>\n\n\n\n<p>Angeregt durch die Ratschl\u00e4ge von Jernej Kopitar verbrachte Vuk einen Gro\u00dfteil seines Lebens damit, volkst\u00fcmliche Erz\u00e4hlungen, Geschichten, Lieder und Sprichw\u00f6rter zu sammeln. <\/p>\n\n\n\n<p>Die erste Sammlung von Volksgedichten ver\u00f6ffentlichte er im Jahr 1814 unter dem Titel \"Mala prostonarodna slaveno-serbska pjesnarica\". Darin wurden etwa hundert lyrische und sechs epische Gedichte gedruckt. <\/p>\n\n\n\n<p>Im Jahr 1815 ver\u00f6ffentlichte er eine zweite Sammlung mit dem Titel \"Narodna serbska pesnarica\", in der er etwa 100 lyrische und 17 epische Gedichte schrieb. <\/p>\n\n\n\n<p>Das waren Gedichte aus Srem und Umgebung Loznica sowie Gedichte, die von Te\u0161an Podlugovi\u0107 und Filip Vi\u0161nji\u0107 gesungen wurden. <\/p>\n\n\n\n<p>Kopitar \u00fcbersetzte die Gedichte ins Deutsche, und sie erregten die Aufmerksamkeit angesehener deutscher Schriftsteller wie Goethe und den Br\u00fcdern Grimm. <\/p>\n\n\n\n<p>In den Jahren 1823 und 1824 ver\u00f6ffentlichte er zwei weitere Sammlungen in Leipzig, und 1833 in Wien. Die f\u00fcnfte und sechste Sammlung wurden erst drei\u00dfig Jahre sp\u00e4ter aufgrund finanzieller Schwierigkeiten gedruckt. <\/p>\n\n\n\n<p>Die erste Sammlung von Erz\u00e4hlungen mit dem Titel \"Narodne srpske pripovijetke\" ver\u00f6ffentlichte Karad\u017ei\u0107 1821 in Wien. Sie enthielt 12 Geschichten und 166 R\u00e4tsel. <\/p>\n\n\n\n<p>Eine neue Ausgabe der Erz\u00e4hlungen, die Vuk Jakob Grimm gewidmet hat, wurde 1853 in Wien gedruckt. Im n\u00e4chsten Jahr \u00fcbersetzte Vuk's Tochter Mina diese Sammlung ins Deutsche. <\/p>\n\n\n\n<p>Parallel zum Sammeln von Gedichten und Geschichten hat Vuk auch Volksweisheiten aufgezeichnet. <\/p>\n\n\n\n<p>Metropolit Stratimirovi\u0107, der mit seinen Ideen nicht einverstanden war, konnte die Ver\u00f6ffentlichung der Sammlung stoppen. <\/p>\n\n\n\n<p>Dennoch wurde 1836 in Cetinje die Sammlung \"Narodne srpske poslovice\" ver\u00f6ffentlicht, die dem Bischof Petar II. Petrovi\u0107 Njego\u0161 gewidmet war. <\/p>\n\n\n\n<p>Karad\u017ei\u0107 integrierte Notizen zu Volksbr\u00e4uchen und \u00dcberzeugungen auch in sein W\u00f6rterbuch. Zu den Erkl\u00e4rungen bestimmter W\u00f6rter f\u00fcgte er auch reiche Beschreibungen des Lebens in Serbien und der Umgebung hinzu. <\/p>\n\n\n<div style=\"position: relative\">\n<div class=\"wp-block-media-text alignwide is-stacked-on-mobile is-image-fill border border-dark rounded has-background\" style=\"background-color:#f2f2f2\"><figure class=\"wp-block-media-text__media\" style=\"background-image:url(https:\/\/yuga.at\/wp-content\/uploads\/vukova_kuca_u_becu.jpg);background-position:50% 50%\"><a href=\"https:\/\/yuga.at\/wp-content\/uploads\/vukova_kuca_u_becu.jpg\"><img loading=\"lazy\" decoding=\"async\" width=\"833\" height=\"642\" src=\"https:\/\/yuga.at\/wp-content\/uploads\/vukova_kuca_u_becu.jpg\" alt=\"Ku\u0107a u kojoj je \u017eiveo Vuk Stefanovi\u0107 Karad\u017ei\u0107\" class=\"wp-image-4337 size-full\" srcset=\"https:\/\/yuga.at\/wp-content\/uploads\/vukova_kuca_u_becu.jpg 833w, https:\/\/yuga.at\/wp-content\/uploads\/vukova_kuca_u_becu-768x592.jpg 768w, https:\/\/yuga.at\/wp-content\/uploads\/vukova_kuca_u_becu-50x39.jpg 50w\" sizes=\"auto, (max-width: 833px) 100vw, 833px\" \/><\/a><\/figure><div class=\"wp-block-media-text__content\">\n<p>Derzeitiges Aussehen des Hauses, in dem Vuk Stefanovi\u0107 Karad\u017ei\u0107 lebte. Das Haus befindet sich in der Marokkanergasse 3, im dritten Wienerbezirk.<\/p>\n\n\n\n<p>An dem Haus befindet sich eine Tafel, auf der zweisprachig steht: \"Hier lebte, arbeitete und starb Vuk Stefanovi\u0107-Karad\u017ei\u0107, Sch\u00f6pfer der serbischen Sprache und Literatur.\"<\/p>\n<\/div><\/div>\n<div class=\"featured-image-copyright\"><\/div><\/div>\n\n\n<p>Dar\u00fcber hinaus sammelte er als Teilnehmer des Ersten Serbischen Aufstands umfangreiches Material \u00fcber die Ereignisse, die sich in Serbien bis zum Jahr 1814 abgespielt haben. <\/p>\n\n\n\n<p>Die Ereignisse w\u00e4hrend der Herrschaft von F\u00fcrst Milo\u0161 Obrenovi\u0107 beschrieb Vuk in seinem Buch \"Milo\u0161 Obrenovi\u0107 knjaz Serbiju\", das im Jahr 1828 gedruckt wurde. <\/p>\n\n\n\n<p>Vuk Stefanovi\u0107 Karad\u017ei\u0107 schrieb auch historische Monografien \u00fcber bekannte Pers\u00f6nlichkeiten wie Hajduk Veljko Petrovi\u0107, Miloje Petrovi\u0107, Milenko Stojkovi\u0107, Petar Dobrnjac und Had\u017ei Ruvim. Die Materialien zum Ersten Serbischen Aufstand \u00fcbergab er dem deutschen Historiker Leopold Ranke, der sie sp\u00e4ter in seinem Buch \"Srpska revolucija\" (\"Die serbische Revolution\") ver\u00f6ffentlichte.<\/p>\n\n\n\n<h2 class=\"wp-block-heading\" id=\"smrt\">Tod von Vuk Karad\u017ei\u0107<\/h2>\n\n\n\n<p>Vuk Stefanovi\u0107 Karad\u017ei\u0107 verstarb am 7. Februar 1864 in Wien. <\/p>\n\n\n\n<p>Seine \u00dcberreste wurden am 12. Oktober 1987 nach Belgrad \u00fcberf\u00fchrt und mit h\u00f6chsten staatlichen Ehren im Hof der Dom-Kirche beigesetzt. <\/p>\n\n\n\n<p>Er wurde neben Dositej Obradovi\u0107 beigesetzt. <\/p>\n\n\n\n<p>Seine Sprache wurde offiziell als Literatursprache erst im Jahr 1868 angenommen, vier Jahre nach seinem Tod. <\/p>\n\n\n\n<p>Obwohl von angesehenen europ\u00e4ischen Philologen und Schriftstellern gelobt und in diesen Regionen umstritten, hat Vuk Stefanovi\u0107 Karad\u017ei\u0107 durch die Vereinfachung der Sprache und Schrift, die wir heute sprechen und schreiben, einen bedeutenden Beitrag geleistet. <\/p>\n\n\n\n<p>Seine philologische, ethnografische und historische Arbeit hat viele Generationen beeinflusst und gepr\u00e4gt. <\/p>\n\n\n\n<p>Dank ihm wurden viele historische Fakten, Volksbr\u00e4uche und \u00dcberzeugungen vor dem Vergessen bewahrt. <\/p>\n\n\n\n<p>Jeglichen Ansehens, das er weltweit genoss, zeugt auch die Tatsache, dass er Mitglied der Preu\u00dfischen Akademie der Wissenschaften und K\u00fcnste war. <\/p>\n\n\n\n<p>Er arbeitete mit zahlreichen deutschen Philologen und Schriftstellern zusammen und erhielt bereits 1826 eine lebenslange Pension von der russischen Regierung. <\/p>\n\n\n<div style=\"position: relative\">\n<div class=\"wp-block-media-text alignwide has-media-on-the-right is-stacked-on-mobile is-image-fill has-pale-ocean-gradient-background has-background\"><figure class=\"wp-block-media-text__media\" style=\"background-image:url(https:\/\/yuga.at\/wp-content\/uploads\/Vuk_Stefanovic_Karadzic-Denkmal.jpg);background-position:50% 50%\"><a href=\"https:\/\/yuga.at\/wp-content\/uploads\/Vuk_Stefanovic_Karadzic-Denkmal.jpg\"><img loading=\"lazy\" decoding=\"async\" width=\"1400\" height=\"933\" src=\"https:\/\/yuga.at\/wp-content\/uploads\/Vuk_Stefanovic_Karadzic-Denkmal.jpg\" alt=\"Spomenik Vuku Karad\u017ei\u0107u u Be\u010du\" class=\"wp-image-3577 size-full\" srcset=\"https:\/\/yuga.at\/wp-content\/uploads\/Vuk_Stefanovic_Karadzic-Denkmal.jpg 1400w, https:\/\/yuga.at\/wp-content\/uploads\/Vuk_Stefanovic_Karadzic-Denkmal-978x652.jpg 978w, https:\/\/yuga.at\/wp-content\/uploads\/Vuk_Stefanovic_Karadzic-Denkmal-768x512.jpg 768w, https:\/\/yuga.at\/wp-content\/uploads\/Vuk_Stefanovic_Karadzic-Denkmal-391x260.jpg 391w, https:\/\/yuga.at\/wp-content\/uploads\/Vuk_Stefanovic_Karadzic-Denkmal-50x33.jpg 50w\" sizes=\"auto, (max-width: 1400px) 100vw, 1400px\" \/><\/a><\/figure><div class=\"wp-block-media-text__content\">\n<p>Das Denkmal f\u00fcr Vuk Karad\u017ei\u0107 befindet sich in der Rasumofskygasse 23, ebenfalls im dritten Wienerbezirk.<\/p>\n\n\n\n<p>Vor kurzem hat Zoran Ili\u0107, der Vorsitzende des Fraktionsausschusses der Volkspartei \u00d6sterreich in Wien-Donaustadt, die Initiative gestartet, eine Stra\u00dfe in diesem Teil von Wien nach Vuk Stefanovi\u0107 Karad\u017ei\u0107 zu benennen.<\/p>\n<\/div><\/div>\n<div class=\"featured-image-copyright\"><\/div><\/div>\n\n\n<h2 class=\"wp-block-heading\" id=\"zaduzbina\">Vuk's Stiftung<\/h2>\n\n\n\n<p>Im Jahr 1987 wurde auf Initiative des Ausschusses zur Feier des 200. Geburtstags von Vuk S. Karad\u017ei\u0107 die nichtstaatliche, unabh\u00e4ngige Institution \"Vukova zadu\u017ebina\" (Vuk-Stiftung) gegr\u00fcndet. <\/p>\n\n\n\n<p>Die Stiftung befasst sich mit allen Bereichen des Volkslebens und Schaffens im Geiste der dauerhaften Werte von Vuk's Werk. <\/p>\n\n\n\n<p>Die Gr\u00fcnder sind Vertreter der Serbischen Akademie der Wissenschaften und K\u00fcnste (SANU) sowie anderer bedeutender wissenschaftlicher, kultureller und Bildungseinrichtungen und Organisationen in Serbien. <\/p>\n\n\n\n<h2 class=\"wp-block-heading\" id=\"bibliografija\">Bibliografie <\/h2>\n\n\n\n<p>Das Gebiet der Sprache und Volksliteratur. <\/p>\n\n\n\n<ul class=\"wp-block-list\"><li>1814. Mala prostonarodna slavenoserbska pjesnarica <\/li><li>1814, 1818. Srpska gramatika (1824. godine prevedena na nema\u010dki jezik) <\/li><li>1818, 1852. Srpski rije\u010dnik <\/li><li>1814,1815,1823,1833,1841,1845,1846,1862,1865,1866. Srpske narodne pjesme <\/li><li>1821, 1853. Srpske narodne pripovjetke <\/li><li>1827. Prvi srpski bukvar <\/li><li>1836, 1849. Srpske narodne poslovice kao i druge kao i one u obi\u010daj uzete rije\u010di <\/li><li>1839, 1843, 1847. Odgovori Jovanu Had\u017ei\u0107u \u2013 Milo\u0161u Sveti\u0107u na njegove Sitnice jezikoslovne i Utuke <\/li><li>1845. Pisma Platonu Atanackovi\u0107u o srpskom jeziku i pravopisu <\/li><li>1847. Prevod Novoga zavjeta <br><br>Das Gebiet der Literaturgeschichte und -theorie. <br><\/li><li>1817. O Vidakovi\u0107evom romanu <\/li><li>1820. O Ljubibrati\u0107evim prevodima <\/li><li>O narodnim umotvorinama (u predgovorima pomenutih zbirki) <\/li><li>O staroj srpskoj knji\u017eevnosti <br><br>Ethnografische Werke <br><\/li><li>1837. Crna Gora i Crnogorci <\/li><li>1867. \u017divot i obi\u010daji naroda srpskoga <br><br>Historische Aufzeichnungen <br><\/li><li>1826. \u017ditije Ajduk-Veljka Petrovi\u0107a <\/li><li>1827. O staroj istoriji, turskoj vladavini, hajducima <\/li><li>1828. Prva godina srpskog vojevanja na daije <\/li><li>1828, 1832. O Milo\u0161u Obrenovi\u0107u <\/li><li>1829. Kao srpski Plutarh, ili \u017eitija znatni Srbalja <\/li><li>1834. Druga godina srpskog vojevanja na daije <\/li><li>1844. Odgovor na la\u017ei i opadanja u \u201eSrpskom ulaku\u201c <\/li><li>1860. Praviteljstvuju\u0161\u010di sovjet <br><br>Fachgebiet Geographie und Soziologie <br><\/li><li>1827. Geografi\u010desko-statisti\u010desko opisanije Srbije <br><br>Zeitschriften<br> <\/li><li>1849. Kov\u010de\u017ei\u0107 za istoriju, jezik i obi\u010daje <\/li><li>1826, 1827, 1828, 1829, 1834. Danica<\/li><\/ul>\n\n\n\n<p style=\"font-size:14px\">Texte teilweise von: https:\/\/www.biografija.org\/ \u00fcbernommen<\/p>\n\n\n\n<hr class=\"wp-block-separator has-css-opacity\"\/>\n\n\n\n<p>Lesen Sie mehr \u00fcber andere <a href=\"\/de\/category\/drustvo\/kultur\/likovi-i-dela\/\"><span class=\"has-inline-color has-vivid-red-color\">ber\u00fchmte Pers\u00f6nlichkeiten<\/span><\/a> aus dem exYu-Raum, der die Geschichte Wiens gepr\u00e4gt hat.<\/p>","protected":false},"excerpt":{"rendered":"<p>Iako se njegov grob od 1897. godine nalazi u porti Saborne crkve u Beogradu, Vuk Stefanovi\u0107 Karad\u017ei\u0107 je kao &#8220;izbeglica iz Turske&#8221; \u017eiveo i&#8230;<\/p>","protected":false},"author":3,"featured_media":4339,"comment_status":"closed","ping_status":"closed","sticky":false,"template":"","format":"standard","meta":{"_acf_changed":false,"_kad_blocks_custom_css":"","_kad_blocks_head_custom_js":"","_kad_blocks_body_custom_js":"","_kad_blocks_footer_custom_js":"","footnotes":""},"categories":[97,148,142,224,49],"tags":[236,187],"class_list":["post-4336","post","type-post","status-publish","format-standard","has-post-thumbnail","hentry","category-vesti-austrija","category-drustvo","category-kultura","category-likovi-i-dela","category-vesti","tag-ana-kraus","tag-vuk-karadzic","entry","category-97","category-148","category-142","category-224","category-49"],"acf":[],"yoast_head":"<!-- This site is optimized with the Yoast SEO plugin v27.3 - https:\/\/yoast.com\/product\/yoast-seo-wordpress\/ -->\n<title>Vuk Stefanovi\u0107 Karad\u017ei\u0107 - \u017eivot i rad u Be\u010du -<\/title>\n<meta name=\"description\" content=\"Vuk Stefanovi\u0107 Karad\u017ei\u0107 je kao pisac, filolog i reformator srpske azbuke i pravopisa, \u017eiveo i vrlo aktivno radio vi\u0161e od 50 godina u Be\u010du.\" \/>\n<meta name=\"robots\" content=\"index, follow, max-snippet:-1, max-image-preview:large, max-video-preview:-1\" \/>\n<link rel=\"canonical\" href=\"https:\/\/yuga.at\/de\/vuk-stefanovic-karadzic-leben-und-arbeit-in-wien\/\" \/>\n<meta property=\"og:locale\" content=\"de_DE\" \/>\n<meta property=\"og:type\" content=\"article\" \/>\n<meta property=\"og:title\" content=\"Vuk Stefanovi\u0107 Karad\u017ei\u0107 - \u017eivot i rad u Be\u010du -\" \/>\n<meta property=\"og:description\" content=\"Vuk Stefanovi\u0107 Karad\u017ei\u0107 je kao pisac, filolog i reformator srpske azbuke i pravopisa, \u017eiveo i vrlo aktivno radio vi\u0161e od 50 godina u Be\u010du.\" \/>\n<meta property=\"og:url\" content=\"https:\/\/yuga.at\/de\/vuk-stefanovic-karadzic-leben-und-arbeit-in-wien\/\" \/>\n<meta property=\"og:site_name\" content=\"YUga.at\" \/>\n<meta property=\"article:publisher\" content=\"https:\/\/www.facebook.com\/yuga.austria\" \/>\n<meta property=\"article:published_time\" content=\"2020-10-25T07:59:04+00:00\" \/>\n<meta property=\"article:modified_time\" content=\"2022-09-25T07:53:26+00:00\" \/>\n<meta property=\"og:image\" content=\"https:\/\/yuga.at\/wp-content\/uploads\/vuk_karadzic.jpg\" \/>\n\t<meta property=\"og:image:width\" content=\"1400\" \/>\n\t<meta property=\"og:image:height\" content=\"933\" \/>\n\t<meta property=\"og:image:type\" content=\"image\/jpeg\" \/>\n<meta name=\"author\" content=\"Srdjan\" \/>\n<meta name=\"twitter:card\" content=\"summary_large_image\" \/>\n<meta name=\"twitter:label1\" content=\"Verfasst von\" \/>\n\t<meta name=\"twitter:data1\" content=\"Srdjan\" \/>\n<script type=\"application\/ld+json\" class=\"yoast-schema-graph\">{\"@context\":\"https:\\\/\\\/schema.org\",\"@graph\":[{\"@type\":\"Article\",\"@id\":\"https:\\\/\\\/yuga.at\\\/vuk-stefanovic-karadzic-zivot-i-rad-u-becu\\\/#article\",\"isPartOf\":{\"@id\":\"https:\\\/\\\/yuga.at\\\/vuk-stefanovic-karadzic-zivot-i-rad-u-becu\\\/\"},\"author\":{\"name\":\"Srdjan\",\"@id\":\"https:\\\/\\\/yuga.at\\\/#\\\/schema\\\/person\\\/14afd7c6aa250e7d26d59b2f1a427184\"},\"headline\":\"Vuk Stefanovi\u0107 Karad\u017ei\u0107 &#8211; \u017eivot i rad u Be\u010du\",\"datePublished\":\"2020-10-25T07:59:04+00:00\",\"dateModified\":\"2022-09-25T07:53:26+00:00\",\"mainEntityOfPage\":{\"@id\":\"https:\\\/\\\/yuga.at\\\/vuk-stefanovic-karadzic-zivot-i-rad-u-becu\\\/\"},\"wordCount\":1271,\"publisher\":{\"@id\":\"https:\\\/\\\/yuga.at\\\/#organization\"},\"image\":{\"@id\":\"https:\\\/\\\/yuga.at\\\/vuk-stefanovic-karadzic-zivot-i-rad-u-becu\\\/#primaryimage\"},\"thumbnailUrl\":\"https:\\\/\\\/yuga.at\\\/wp-content\\\/uploads\\\/vuk_karadzic.jpg\",\"keywords\":[\"Ana Kraus\",\"Vuk Karad\u017ei\u0107\"],\"articleSection\":[\"Austrija\",\"Dru\u0161tvo\",\"Kultura\",\"Likovi i dela\",\"Vesti\"],\"inLanguage\":\"de\"},{\"@type\":\"WebPage\",\"@id\":\"https:\\\/\\\/yuga.at\\\/vuk-stefanovic-karadzic-zivot-i-rad-u-becu\\\/\",\"url\":\"https:\\\/\\\/yuga.at\\\/vuk-stefanovic-karadzic-zivot-i-rad-u-becu\\\/\",\"name\":\"Vuk Stefanovi\u0107 Karad\u017ei\u0107 - \u017eivot i rad u Be\u010du -\",\"isPartOf\":{\"@id\":\"https:\\\/\\\/yuga.at\\\/#website\"},\"primaryImageOfPage\":{\"@id\":\"https:\\\/\\\/yuga.at\\\/vuk-stefanovic-karadzic-zivot-i-rad-u-becu\\\/#primaryimage\"},\"image\":{\"@id\":\"https:\\\/\\\/yuga.at\\\/vuk-stefanovic-karadzic-zivot-i-rad-u-becu\\\/#primaryimage\"},\"thumbnailUrl\":\"https:\\\/\\\/yuga.at\\\/wp-content\\\/uploads\\\/vuk_karadzic.jpg\",\"datePublished\":\"2020-10-25T07:59:04+00:00\",\"dateModified\":\"2022-09-25T07:53:26+00:00\",\"description\":\"Vuk Stefanovi\u0107 Karad\u017ei\u0107 je kao pisac, filolog i reformator srpske azbuke i pravopisa, \u017eiveo i vrlo aktivno radio vi\u0161e od 50 godina u Be\u010du.\",\"breadcrumb\":{\"@id\":\"https:\\\/\\\/yuga.at\\\/vuk-stefanovic-karadzic-zivot-i-rad-u-becu\\\/#breadcrumb\"},\"inLanguage\":\"de\",\"potentialAction\":[{\"@type\":\"ReadAction\",\"target\":[\"https:\\\/\\\/yuga.at\\\/vuk-stefanovic-karadzic-zivot-i-rad-u-becu\\\/\"]}]},{\"@type\":\"ImageObject\",\"inLanguage\":\"de\",\"@id\":\"https:\\\/\\\/yuga.at\\\/vuk-stefanovic-karadzic-zivot-i-rad-u-becu\\\/#primaryimage\",\"url\":\"https:\\\/\\\/yuga.at\\\/wp-content\\\/uploads\\\/vuk_karadzic.jpg\",\"contentUrl\":\"https:\\\/\\\/yuga.at\\\/wp-content\\\/uploads\\\/vuk_karadzic.jpg\",\"width\":1400,\"height\":933,\"caption\":\"vuk_karadzic\"},{\"@type\":\"BreadcrumbList\",\"@id\":\"https:\\\/\\\/yuga.at\\\/vuk-stefanovic-karadzic-zivot-i-rad-u-becu\\\/#breadcrumb\",\"itemListElement\":[{\"@type\":\"ListItem\",\"position\":1,\"name\":\"Home\",\"item\":\"https:\\\/\\\/yuga.at\\\/\"},{\"@type\":\"ListItem\",\"position\":2,\"name\":\"Vuk Stefanovi\u0107 Karad\u017ei\u0107 - \u017eivot i rad u Be\u010du\"}]},{\"@type\":\"WebSite\",\"@id\":\"https:\\\/\\\/yuga.at\\\/#website\",\"url\":\"https:\\\/\\\/yuga.at\\\/\",\"name\":\"YUga.at\",\"description\":\"exYU Portal\",\"publisher\":{\"@id\":\"https:\\\/\\\/yuga.at\\\/#organization\"},\"potentialAction\":[{\"@type\":\"SearchAction\",\"target\":{\"@type\":\"EntryPoint\",\"urlTemplate\":\"https:\\\/\\\/yuga.at\\\/?s={search_term_string}\"},\"query-input\":{\"@type\":\"PropertyValueSpecification\",\"valueRequired\":true,\"valueName\":\"search_term_string\"}}],\"inLanguage\":\"de\"},{\"@type\":\"Organization\",\"@id\":\"https:\\\/\\\/yuga.at\\\/#organization\",\"name\":\"YUga.at\",\"url\":\"https:\\\/\\\/yuga.at\\\/\",\"logo\":{\"@type\":\"ImageObject\",\"inLanguage\":\"de\",\"@id\":\"https:\\\/\\\/yuga.at\\\/#\\\/schema\\\/logo\\\/image\\\/\",\"url\":\"https:\\\/\\\/yuga.at\\\/wp-content\\\/uploads\\\/yuga-logo-black-250.png\",\"contentUrl\":\"https:\\\/\\\/yuga.at\\\/wp-content\\\/uploads\\\/yuga-logo-black-250.png\",\"width\":250,\"height\":143,\"caption\":\"YUga.at\"},\"image\":{\"@id\":\"https:\\\/\\\/yuga.at\\\/#\\\/schema\\\/logo\\\/image\\\/\"},\"sameAs\":[\"https:\\\/\\\/www.facebook.com\\\/yuga.austria\",\"https:\\\/\\\/www.instagram.com\\\/yuga.at\\\/\"]},{\"@type\":\"Person\",\"@id\":\"https:\\\/\\\/yuga.at\\\/#\\\/schema\\\/person\\\/14afd7c6aa250e7d26d59b2f1a427184\",\"name\":\"Srdjan\",\"image\":{\"@type\":\"ImageObject\",\"inLanguage\":\"de\",\"@id\":\"https:\\\/\\\/secure.gravatar.com\\\/avatar\\\/5b6efe7dbc2c19685b2905878731fe11236889e186ff9c7df9039e75f5680008?s=96&d=mm&r=g\",\"url\":\"https:\\\/\\\/secure.gravatar.com\\\/avatar\\\/5b6efe7dbc2c19685b2905878731fe11236889e186ff9c7df9039e75f5680008?s=96&d=mm&r=g\",\"contentUrl\":\"https:\\\/\\\/secure.gravatar.com\\\/avatar\\\/5b6efe7dbc2c19685b2905878731fe11236889e186ff9c7df9039e75f5680008?s=96&d=mm&r=g\",\"caption\":\"Srdjan\"}}]}<\/script>\n<!-- \/ Yoast SEO plugin. -->","yoast_head_json":{"title":"Vuk Stefanovi\u0107 Karad\u017ei\u0107 - \u017eivot i rad u Be\u010du -","description":"Als Schriftsteller, Philologe und Reformer des serbischen Alphabets und der serbischen Rechtschreibung lebte und arbeitete Vuk Stefanovi\u0107 Karad\u017ei\u0107 mehr als 50 Jahre lang sehr aktiv in Wien.","robots":{"index":"index","follow":"follow","max-snippet":"max-snippet:-1","max-image-preview":"max-image-preview:large","max-video-preview":"max-video-preview:-1"},"canonical":"https:\/\/yuga.at\/de\/vuk-stefanovic-karadzic-leben-und-arbeit-in-wien\/","og_locale":"de_DE","og_type":"article","og_title":"Vuk Stefanovi\u0107 Karad\u017ei\u0107 - \u017eivot i rad u Be\u010du -","og_description":"Vuk Stefanovi\u0107 Karad\u017ei\u0107 je kao pisac, filolog i reformator srpske azbuke i pravopisa, \u017eiveo i vrlo aktivno radio vi\u0161e od 50 godina u Be\u010du.","og_url":"https:\/\/yuga.at\/de\/vuk-stefanovic-karadzic-leben-und-arbeit-in-wien\/","og_site_name":"YUga.at","article_publisher":"https:\/\/www.facebook.com\/yuga.austria","article_published_time":"2020-10-25T07:59:04+00:00","article_modified_time":"2022-09-25T07:53:26+00:00","og_image":[{"width":1400,"height":933,"url":"https:\/\/yuga.at\/wp-content\/uploads\/vuk_karadzic.jpg","type":"image\/jpeg"}],"author":"Srdjan","twitter_card":"summary_large_image","twitter_misc":{"Verfasst von":"Srdjan"},"schema":{"@context":"https:\/\/schema.org","@graph":[{"@type":"Article","@id":"https:\/\/yuga.at\/vuk-stefanovic-karadzic-zivot-i-rad-u-becu\/#article","isPartOf":{"@id":"https:\/\/yuga.at\/vuk-stefanovic-karadzic-zivot-i-rad-u-becu\/"},"author":{"name":"Srdjan","@id":"https:\/\/yuga.at\/#\/schema\/person\/14afd7c6aa250e7d26d59b2f1a427184"},"headline":"Vuk Stefanovi\u0107 Karad\u017ei\u0107 &#8211; \u017eivot i rad u Be\u010du","datePublished":"2020-10-25T07:59:04+00:00","dateModified":"2022-09-25T07:53:26+00:00","mainEntityOfPage":{"@id":"https:\/\/yuga.at\/vuk-stefanovic-karadzic-zivot-i-rad-u-becu\/"},"wordCount":1271,"publisher":{"@id":"https:\/\/yuga.at\/#organization"},"image":{"@id":"https:\/\/yuga.at\/vuk-stefanovic-karadzic-zivot-i-rad-u-becu\/#primaryimage"},"thumbnailUrl":"https:\/\/yuga.at\/wp-content\/uploads\/vuk_karadzic.jpg","keywords":["Ana Kraus","Vuk Karad\u017ei\u0107"],"articleSection":["Austrija","Dru\u0161tvo","Kultura","Likovi i dela","Vesti"],"inLanguage":"de"},{"@type":"WebPage","@id":"https:\/\/yuga.at\/vuk-stefanovic-karadzic-zivot-i-rad-u-becu\/","url":"https:\/\/yuga.at\/vuk-stefanovic-karadzic-zivot-i-rad-u-becu\/","name":"Vuk Stefanovi\u0107 Karad\u017ei\u0107 - \u017eivot i rad u Be\u010du -","isPartOf":{"@id":"https:\/\/yuga.at\/#website"},"primaryImageOfPage":{"@id":"https:\/\/yuga.at\/vuk-stefanovic-karadzic-zivot-i-rad-u-becu\/#primaryimage"},"image":{"@id":"https:\/\/yuga.at\/vuk-stefanovic-karadzic-zivot-i-rad-u-becu\/#primaryimage"},"thumbnailUrl":"https:\/\/yuga.at\/wp-content\/uploads\/vuk_karadzic.jpg","datePublished":"2020-10-25T07:59:04+00:00","dateModified":"2022-09-25T07:53:26+00:00","description":"Als Schriftsteller, Philologe und Reformer des serbischen Alphabets und der serbischen Rechtschreibung lebte und arbeitete Vuk Stefanovi\u0107 Karad\u017ei\u0107 mehr als 50 Jahre lang sehr aktiv in Wien.","breadcrumb":{"@id":"https:\/\/yuga.at\/vuk-stefanovic-karadzic-zivot-i-rad-u-becu\/#breadcrumb"},"inLanguage":"de","potentialAction":[{"@type":"ReadAction","target":["https:\/\/yuga.at\/vuk-stefanovic-karadzic-zivot-i-rad-u-becu\/"]}]},{"@type":"ImageObject","inLanguage":"de","@id":"https:\/\/yuga.at\/vuk-stefanovic-karadzic-zivot-i-rad-u-becu\/#primaryimage","url":"https:\/\/yuga.at\/wp-content\/uploads\/vuk_karadzic.jpg","contentUrl":"https:\/\/yuga.at\/wp-content\/uploads\/vuk_karadzic.jpg","width":1400,"height":933,"caption":"vuk_karadzic"},{"@type":"BreadcrumbList","@id":"https:\/\/yuga.at\/vuk-stefanovic-karadzic-zivot-i-rad-u-becu\/#breadcrumb","itemListElement":[{"@type":"ListItem","position":1,"name":"Home","item":"https:\/\/yuga.at\/"},{"@type":"ListItem","position":2,"name":"Vuk Stefanovi\u0107 Karad\u017ei\u0107 - \u017eivot i rad u Be\u010du"}]},{"@type":"WebSite","@id":"https:\/\/yuga.at\/#website","url":"https:\/\/yuga.at\/","name":"YUga.at","description":"exYU Portal","publisher":{"@id":"https:\/\/yuga.at\/#organization"},"potentialAction":[{"@type":"SearchAction","target":{"@type":"EntryPoint","urlTemplate":"https:\/\/yuga.at\/?s={search_term_string}"},"query-input":{"@type":"PropertyValueSpecification","valueRequired":true,"valueName":"search_term_string"}}],"inLanguage":"de"},{"@type":"Organization","@id":"https:\/\/yuga.at\/#organization","name":"YUga.at","url":"https:\/\/yuga.at\/","logo":{"@type":"ImageObject","inLanguage":"de","@id":"https:\/\/yuga.at\/#\/schema\/logo\/image\/","url":"https:\/\/yuga.at\/wp-content\/uploads\/yuga-logo-black-250.png","contentUrl":"https:\/\/yuga.at\/wp-content\/uploads\/yuga-logo-black-250.png","width":250,"height":143,"caption":"YUga.at"},"image":{"@id":"https:\/\/yuga.at\/#\/schema\/logo\/image\/"},"sameAs":["https:\/\/www.facebook.com\/yuga.austria","https:\/\/www.instagram.com\/yuga.at\/"]},{"@type":"Person","@id":"https:\/\/yuga.at\/#\/schema\/person\/14afd7c6aa250e7d26d59b2f1a427184","name":"Srdjan","image":{"@type":"ImageObject","inLanguage":"de","@id":"https:\/\/secure.gravatar.com\/avatar\/5b6efe7dbc2c19685b2905878731fe11236889e186ff9c7df9039e75f5680008?s=96&d=mm&r=g","url":"https:\/\/secure.gravatar.com\/avatar\/5b6efe7dbc2c19685b2905878731fe11236889e186ff9c7df9039e75f5680008?s=96&d=mm&r=g","contentUrl":"https:\/\/secure.gravatar.com\/avatar\/5b6efe7dbc2c19685b2905878731fe11236889e186ff9c7df9039e75f5680008?s=96&d=mm&r=g","caption":"Srdjan"}}]}},"taxonomy_info":{"category":[{"value":97,"label":"Austrija"},{"value":148,"label":"Dru\u0161tvo"},{"value":142,"label":"Kultura"},{"value":224,"label":"Likovi i dela"},{"value":49,"label":"Vesti"}],"post_tag":[{"value":236,"label":"Ana Kraus"},{"value":187,"label":"Vuk Karad\u017ei\u0107"}]},"featured_image_src_large":["https:\/\/yuga.at\/wp-content\/uploads\/vuk_karadzic.jpg",798,532,false],"author_info":{"display_name":"Srdjan","author_link":"https:\/\/yuga.at\/de\/author\/srdjan\/"},"comment_info":0,"category_info":[{"term_id":97,"name":"Austrija","slug":"vesti-austrija","term_group":0,"term_taxonomy_id":97,"taxonomy":"category","description":"Vesti iz Austrije","parent":49,"count":99,"filter":"raw","cat_ID":97,"category_count":99,"category_description":"Vesti iz Austrije","cat_name":"Austrija","category_nicename":"vesti-austrija","category_parent":49},{"term_id":148,"name":"Dru\u0161tvo","slug":"drustvo","term_group":0,"term_taxonomy_id":148,"taxonomy":"category","description":"","parent":0,"count":25,"filter":"raw","cat_ID":148,"category_count":25,"category_description":"","cat_name":"Dru\u0161tvo","category_nicename":"drustvo","category_parent":0},{"term_id":142,"name":"Kultura","slug":"kultura","term_group":0,"term_taxonomy_id":142,"taxonomy":"category","description":"Kultura u Be\u010du, pre svega vezana za ljude sa prostora exYu, ali i kultura samog grada Be\u010da.","parent":148,"count":13,"filter":"raw","cat_ID":142,"category_count":13,"category_description":"Kultura u Be\u010du, pre svega vezana za ljude sa prostora exYu, ali i kultura samog grada Be\u010da.","cat_name":"Kultura","category_nicename":"kultura","category_parent":148},{"term_id":224,"name":"Likovi i dela","slug":"likovi-i-dela","term_group":0,"term_taxonomy_id":224,"taxonomy":"category","description":"Mnogi znameniti ljudi ro\u0111eni na na\u0161im prostorima ostavili su duboki trag u istoriji grada Be\u010da. ","parent":142,"count":5,"filter":"raw","cat_ID":224,"category_count":5,"category_description":"Mnogi znameniti ljudi ro\u0111eni na na\u0161im prostorima ostavili su duboki trag u istoriji grada Be\u010da. ","cat_name":"Likovi i dela","category_nicename":"likovi-i-dela","category_parent":142},{"term_id":49,"name":"Vesti","slug":"vesti","term_group":0,"term_taxonomy_id":49,"taxonomy":"category","description":"Najnovije vesti","parent":0,"count":103,"filter":"raw","cat_ID":49,"category_count":103,"category_description":"Najnovije vesti","cat_name":"Vesti","category_nicename":"vesti","category_parent":0}],"tag_info":[{"term_id":236,"name":"Ana Kraus","slug":"ana-kraus","term_group":0,"term_taxonomy_id":236,"taxonomy":"post_tag","description":"","parent":0,"count":1,"filter":"raw"},{"term_id":187,"name":"Vuk Karad\u017ei\u0107","slug":"vuk-karadzic","term_group":0,"term_taxonomy_id":187,"taxonomy":"post_tag","description":"","parent":0,"count":2,"filter":"raw"}],"_links":{"self":[{"href":"https:\/\/yuga.at\/de\/wp-json\/wp\/v2\/posts\/4336","targetHints":{"allow":["GET"]}}],"collection":[{"href":"https:\/\/yuga.at\/de\/wp-json\/wp\/v2\/posts"}],"about":[{"href":"https:\/\/yuga.at\/de\/wp-json\/wp\/v2\/types\/post"}],"author":[{"embeddable":true,"href":"https:\/\/yuga.at\/de\/wp-json\/wp\/v2\/users\/3"}],"replies":[{"embeddable":true,"href":"https:\/\/yuga.at\/de\/wp-json\/wp\/v2\/comments?post=4336"}],"version-history":[{"count":15,"href":"https:\/\/yuga.at\/de\/wp-json\/wp\/v2\/posts\/4336\/revisions"}],"predecessor-version":[{"id":11105,"href":"https:\/\/yuga.at\/de\/wp-json\/wp\/v2\/posts\/4336\/revisions\/11105"}],"wp:featuredmedia":[{"embeddable":true,"href":"https:\/\/yuga.at\/de\/wp-json\/wp\/v2\/media\/4339"}],"wp:attachment":[{"href":"https:\/\/yuga.at\/de\/wp-json\/wp\/v2\/media?parent=4336"}],"wp:term":[{"taxonomy":"category","embeddable":true,"href":"https:\/\/yuga.at\/de\/wp-json\/wp\/v2\/categories?post=4336"},{"taxonomy":"post_tag","embeddable":true,"href":"https:\/\/yuga.at\/de\/wp-json\/wp\/v2\/tags?post=4336"}],"curies":[{"name":"wp","href":"https:\/\/api.w.org\/{rel}","templated":true}]}}