{"id":5245,"date":"2020-11-11T19:02:54","date_gmt":"2020-11-11T18:02:54","guid":{"rendered":"https:\/\/yuga.at\/?p=5245"},"modified":"2022-09-25T09:52:13","modified_gmt":"2022-09-25T07:52:13","slug":"dositej-obradovic-serbischer-aufklarer","status":"publish","type":"post","link":"https:\/\/yuga.at\/de\/dositej-obradovic-prosvetitelj\/","title":{"rendered":"Dositej Obradovi\u0107 \u2013 serbischer Aufkl\u00e4rer"},"content":{"rendered":"<p>Dositej Obradovi\u0107 wurde 1742 in \u010cakovo, einem Ort im rum\u00e4nischen Teil des Banats, etwa 30 km von der heutigen Grenze zu Serbien entfernt, geboren. Bei seiner Geburt erhielt er den Namen Dimitrije, den er sp\u00e4ter im Laufe seines Klosterlebens in Dositej \u00e4nderte.<\/p>\n\n\n\n<h2 class=\"wp-block-heading\" id=\"detinjstvo\">Kindheit und M\u00f6nchsweihe<\/h2>\n\n\n\n<p>Da er schon als Junge ohne beide Eltern war, k\u00fcmmerte sich ein Verwandter um ihn, der ihn von der Schule nahm und ihn in einem Beruf anmeldete. Der junge Dositej hatte jedoch andere, h\u00f6here Ziele, weshalb er seinen Beruf aufgab und in das Hopovo-Kloster in Fru\u0161ko Gora floh. <\/p>\n\n\n\n<p>Damals, im Alter von dreizehn Jahren, fand er in Kirchenb\u00fcchern eine spirituelle Herausforderung. Abt Teodor Milutinovi\u0107 akzeptierte Dositej, riet ihm jedoch vom Klosterleben ab, weil er sah, dass das Klosterleben nichts f\u00fcr ihn war. <\/p>\n\n\n\n<p>Und tats\u00e4chlich verl\u00e4sst Dositej nach drei Jahren das Kloster f\u00fcr immer und begibt sich auf eine Reise auf der Suche nach Wissen.<\/p>\n\n\n\n<p>Er verlie\u00df das Kloster Hopovo tief entt\u00e4uscht und wurde zum \u00fcberzeugten Gegner einer solch f\u00fcr die Gesellschaft v\u00f6llig nutzlosen Lebensweise. Begierig darauf, so viel wie m\u00f6glich zu sehen und zu lernen, durchreiste er fast alle wichtigen Kulturzentren Europas dieser Zeit.<\/p>\n\n\n<div class=\"wp-block-image is-style-default\"><div class=\"copyright-image-large\" style=\"position: relative\">\n<figure class=\"aligncenter size-large\"><a href=\"https:\/\/yuga.at\/wp-content\/uploads\/portret_dositej.jpg\"><img loading=\"lazy\" decoding=\"async\" width=\"300\" height=\"410\" src=\"https:\/\/yuga.at\/wp-content\/uploads\/portret_dositej.jpg\" alt=\"Portret Dositeja Obradovi\u0107a\" class=\"wp-image-5246\" srcset=\"https:\/\/yuga.at\/wp-content\/uploads\/portret_dositej.jpg 300w, https:\/\/yuga.at\/wp-content\/uploads\/portret_dositej-37x50.jpg 37w\" sizes=\"auto, (max-width: 300px) 100vw, 300px\" \/><\/a><figcaption>Portr\u00e4t, Werk von Uro\u0161 Predi\u0107<\/figcaption><\/figure>\n<div class=\"featured-image-copyright\"><\/div><\/div><\/div>\n\n\n<h2 class=\"wp-block-heading\" id=\"putovanja\">Um die Welt reisen<\/h2>\n\n\n\n<p>Nachdem er das Kloster verlie\u00df,  begannen vierzig Jahre Dositejs Reisen rund um die Welt. Er reiste mehr als jeder andere Serbe dieser Zeit. <\/p>\n\n\n\n<p>Seine Suche nach Wissen f\u00fchrte ihn nach Kleinasien, Italien, Deutschland, Frankreich, \u00d6sterreich, Russland. Dositej reiste auch viel auf dem Balkan. Er durchquerte Banat, Srem, Slawonien, Kroatien, Dalmatien und Montenegro. <\/p>\n\n\n\n<p>In dieser Zeit lernte er bis viele Fremdsprachen, in denen er sprach und schrieb. Er sprach<strong> <\/strong>Griechisch, Latein, Deutsch, Englisch, Franz\u00f6sisch, Russisch, Albanisch, Rum\u00e4nisch und Italienisch. <\/p>\n\n\n\n<p>Dossites Reisen und sein Leben erforderten materielle Ressourcen, die er sich durch seine T\u00e4tigkeit als Lehrer, Korrektor und Prediger selbst zur Verf\u00fcgung stellte.<\/p>\n\n\n\n<h2 class=\"wp-block-heading\" id=\"u-becu\">Leben und Arbeit in Wien<\/h2>\n\n\n\n<p>Er verbrachte drei Jahre in Griechenland, wo er die griechische Sprache lernte und Literatur und Philosophie studierte. Nach Ausbruch des Russisch-T\u00fcrkischen Krieges musste Dositej Griechenland verlassen. Er lie\u00df sich in Knin in Dalmatien nieder, wo er als Lehrer arbeitete, und zog dann nach Zadar und Triest.<\/p>\n\n\n\n<p>Von Triest geht er nach \u00d6sterreich, nach Wien, wo er sechs Jahre verbringt,<strong> <\/strong>die deutsche Sprache und die \u00f6sterreichische Kultur kennenzulernen. <\/p>\n\n\n\n<p>Der Aufenthalt von Dositej Obradovi\u0107 in Wien stellt einen bedeutenden Abschnitt seines Reiselebens dar. Dank ihm erklangen hier schon vor Vuks Ankunft in Wien wichtige Worte \u00fcber die Bedeutung der Landessprache.<\/p>\n\n\n\n<figure class=\"wp-block-gallery aligncenter has-nested-images columns-default is-cropped wp-block-gallery-1 is-layout-flex wp-block-gallery-is-layout-flex\"><div class=\"copyright-image-large\" style=\"position: relative\">\n<figure class=\"wp-block-image size-large\"><a href=\"https:\/\/yuga.at\/wp-content\/uploads\/spomenploca_u_becu_dositej_obradovic1.jpg\"><img loading=\"lazy\" decoding=\"async\" width=\"773\" height=\"567\" data-id=\"5249\" src=\"https:\/\/yuga.at\/wp-content\/uploads\/spomenploca_u_becu_dositej_obradovic1.jpg\" alt=\"\" class=\"wp-image-5249\" srcset=\"https:\/\/yuga.at\/wp-content\/uploads\/spomenploca_u_becu_dositej_obradovic1.jpg 773w, https:\/\/yuga.at\/wp-content\/uploads\/spomenploca_u_becu_dositej_obradovic1-768x563.jpg 768w, https:\/\/yuga.at\/wp-content\/uploads\/spomenploca_u_becu_dositej_obradovic1-50x37.jpg 50w\" sizes=\"auto, (max-width: 773px) 100vw, 773px\" \/><\/a><\/figure>\n<div class=\"featured-image-copyright\"><\/div><\/div>\n\n<div class=\"copyright-image-large\" style=\"position: relative\">\n<figure class=\"wp-block-image size-large\"><a href=\"https:\/\/yuga.at\/wp-content\/uploads\/spomenploca_u_becu_dositej_obradovic.jpg\"><img loading=\"lazy\" decoding=\"async\" width=\"600\" height=\"744\" data-id=\"5250\" src=\"https:\/\/yuga.at\/wp-content\/uploads\/spomenploca_u_becu_dositej_obradovic.jpg\" alt=\"\" class=\"wp-image-5250\" srcset=\"https:\/\/yuga.at\/wp-content\/uploads\/spomenploca_u_becu_dositej_obradovic.jpg 600w, https:\/\/yuga.at\/wp-content\/uploads\/spomenploca_u_becu_dositej_obradovic-40x50.jpg 40w\" sizes=\"auto, (max-width: 600px) 100vw, 600px\" \/><\/a><\/figure>\n<div class=\"featured-image-copyright\"><\/div><\/div><figcaption class=\"blocks-gallery-caption\">Gedenktafel f\u00fcr Dositej Obradovi\u0107 in Wien, Steyrerhof 3, im ersten Wienerbezirk.<\/figcaption><\/figure>\n\n\n\n<h2 class=\"wp-block-heading\" id=\"u-nemackoj\">Jahre in Deutschland verbracht<\/h2>\n\n\n\n<p>Nach Wien ging er nach Deutschland, wo er sich an der Universit\u00e4t Halle einschrieb, um Vorlesungen \u00fcber Philosophie und \u00c4sthetik zu h\u00f6ren. Er setzte sein philosophisches Studium in Leipzig fort. <\/p>\n\n\n\n<p>Dositej wurde am st\u00e4rksten von den Ideen der Aufkl\u00e4rung und des Rationalismus beeinflusst, so dass er unter ihrem Einfluss nach und nach die Zw\u00e4nge des traditionellen Lernens ablehnte. Die Vertrautheit mit der mitteleurop\u00e4ischen Aufkl\u00e4rung brachte in ihm Ideen zu kulturellen, p\u00e4dagogischen und sozialen Reformen hervor. <\/p>\n\n\n\n<p>W\u00e4hrend seines Aufenthalts in Deutschland begann er auch zu schreiben. Da er schon damals vielseitig war, stellt er sich in seinen Werken gegen religi\u00f6se Exklusivit\u00e4t und kirchlichen Formalismus.<\/p>\n\n\n\n<h2 class=\"wp-block-heading\" id=\"zapad\">Der Einfluss des Westens auf Dositej Obradovi\u0107<\/h2>\n\n\n\n<p>Die Bekanntschaft mit anderen L\u00e4ndern und Kulturen er\u00f6ffnete dem Dositej neue Perspektiven, die sich in seinem Denken und Schaffen widerspiegelten. <\/p>\n\n\n\n<p>Er betrachtete Wissenschaft und Literatur als Mittel, um im Menschen \u201ePhilanthropie und Gutm\u00fctigkeit\u201c zu entwickeln. <\/p>\n\n\n\n<p>Nachdem er die Ideen deutscher und anderer westlicher Rationalisten und P\u00e4dagogen aufgenommen hat, wird er als Schriftsteller sein gesamtes Werk dem Anspruch widmen, den Menschen \u201edie Augen zu \u00f6ffnen\u201c, sie zu belehren, ihnen von Nutzen zu sein.<\/p>\n\n\n\n<h2 class=\"wp-block-heading\" id=\"ucenik\">Sch\u00fcler und Lehrer<\/h2>\n\n\n\n<p>Dositej war kein Originalautor und wollte es auch nicht sein. Seine Absicht war es, die Weisheit anderer V\u00f6lker zu sammeln, um sie den Seinen anzubieten. Er wollte gute Dinge f\u00f6rdern, unabh\u00e4ngig davon, woher sie kamen. Deshalb war er fast sein ganzes Leben lang Lehrer und gab sein Wissen und seine Erfahrung an andere weiter.<\/p>\n\n\n\n<p>Er war zutiefst von der M\u00f6glichkeit menschlicher moralischer Bildung und Fortschritt \u00fcberzeugt. Alle seine Schriften, einschlie\u00dflich seiner Autobiographie, sind moralischer Natur. Mit dieser Idee widmete er sich dem Sammeln von Fabeln, zu denen er seine \u201enat\u00fcrlichen Lehren\u201c hinzuf\u00fcgte. <\/p>\n\n\n\n<p>Seine Werke wurden im gesamten 19. Jahrhundert gelesen und nachgedruckt und hatten zweifellos einen erheblichen Einfluss auf die damalige serbische Gesellschaft.<\/p>\n\n\n\n<h2 class=\"wp-block-heading\" id=\"radovi\">Werke von Dositej<\/h2>\n\n\n\n<p>Dositejs erste Werke waren \u00dcbersetzungen oder Adaptionen popul\u00e4rer Schriften aus dem Neugriechischen oder Italienischen. \u201eHarastoitia\u201c ist eine \u00dcbersetzung eines neugriechischen Werkes aus dem 18. Jahrhundert, \u201eFabeln\u201c sind eine \u00dcbersetzung von Aesop, Lessing und Lafontaine.<\/p>\n\n\n<div class=\"wp-block-image\"><div class=\"copyright-image-large\" style=\"position: relative\">\n<figure class=\"aligncenter size-large\"><a href=\"https:\/\/yuga.at\/wp-content\/uploads\/mezimac_dositej_obradovic.jpg\"><img loading=\"lazy\" decoding=\"async\" width=\"1212\" height=\"1024\" src=\"https:\/\/yuga.at\/wp-content\/uploads\/mezimac_dositej_obradovic.jpg\" alt=\"&quot;Mezimac&quot; Dositeja Obradovi\u0107a\" class=\"wp-image-5248\" srcset=\"https:\/\/yuga.at\/wp-content\/uploads\/mezimac_dositej_obradovic.jpg 1212w, https:\/\/yuga.at\/wp-content\/uploads\/mezimac_dositej_obradovic-978x826.jpg 978w, https:\/\/yuga.at\/wp-content\/uploads\/mezimac_dositej_obradovic-768x649.jpg 768w, https:\/\/yuga.at\/wp-content\/uploads\/mezimac_dositej_obradovic-50x42.jpg 50w\" sizes=\"auto, (max-width: 1212px) 100vw, 1212px\" \/><\/a><figcaption>\u201cMezimac\u201d (1818), 2. Teil der \u201cSobranija\u201d<\/figcaption><\/figure>\n<div class=\"featured-image-copyright\"><\/div><\/div><\/div>\n\n\n<p>In der 1783 erschienenen Biografie \u201e\u017divot i priklju\u010denija\u201c schreibt Dositej \u00fcber sein Leben von der Geburt bis zu seinem neununddrei\u00dfigsten Lebensjahr. Dar\u00fcber hinaus verwies er in diesem Werk auf die Notwendigkeit der Bildung und schreibt auch<strong> <\/strong>\u00fcber die spirituelle R\u00fcckst\u00e4ndigkeit der M\u00f6nche, die er scharf kritisiert. <\/p>\n\n\n\n<p>Er stellt sich entschieden gegen religi\u00f6sen Fanatismus, gegen alles, was der wahren Lehre des Evangeliums und dem wahren Christentum widerspricht. Mit anderen Worten: Er stand f\u00fcr die Reformation der Kirche.<\/p>\n\n\n\n<p>Nach seiner Biografie ver\u00f6ffentlicht er das Buch \u201eSovjete zdravoga razuma\u201c, eine aus mehreren Sprachen \u00fcbersetzte Sammlung von Gedanken und Ratschl\u00e4gen gelehrter Menschen. Dann ver\u00f6ffentlicht er <strong><em>\u201e<\/em><\/strong>\u201eSobranije\u201c \u2013 eine Sammlung von Aufs\u00e4tzen \u00fcber Moral und Philosophie. Darin konnte man Texte \u00fcber Patriotismus, L\u00fcgen, Wissenschaft, Kunst usw. lesen.<\/p>\n\n\n\n<p>\u201ePisma Haralampiju\u201c wurden 1784 ver\u00f6ffentlicht. Eintreten f\u00fcr die Landessprache, Engagement und religi\u00f6se Toleranz zeichnen diese Arbeit aus. <\/p>\n\n\n\n<h2 class=\"wp-block-heading\" id=\"preteca\">Dositej als Vorl\u00e4ufer von Vuk Karad\u017ei\u0107<\/h2>\n\n\n\n<p>Was die Reformation der Sprache betrifft, ist Dositej Obradovi\u0107 der Vorl\u00e4ufer von Vuk Karad\u017ei\u0107, denn er wollte, dass seine Werke von jedem verstanden werden, vom Hirten bis zum Akademiker. <\/p>\n\n\n\n<p>Er war der erste, der echte Nationalliteratur in reiner Landessprache schuf, die f\u00fcr alle Schichten des serbischen Volkes bestimmt war. Dositej glaubte an die Macht der Vernunft und stellte die Wissenschaft \u00fcber alles andere.<\/p>\n\n\n\n<p>Im Jahr 1804 ver\u00f6ffentlichte er \u201eOda srpskom preporodu\u201c, im Volksmund als \u201eVostani Serbie\u201c bekannt, eine Hymne an das Erwachen Serbiens aus jahrhundertelanger Sklaverei.<\/p>\n\n\n\n<h2 class=\"wp-block-heading\" id=\"patriotizam\">Patriotismus<\/h2>\n\n\n\n<p>Zum Zeitpunkt des Ausbruchs des Ersten Serbischen Aufstands befand sich Dositej in Triest. Als er von dem Aufstand h\u00f6rte, nahm er Kontakt mit Kara\u0111or\u0111e auf und kam nach Serbien, um mit seinem Wissen bei der Organisation des neuen Staates zu helfen. <\/p>\n\n\n\n<p>In Belgrad wurde er mit Respekt empfangen. Er brachte viele neue und fortschrittliche Ideen mit, wie zum Beispiel die Forderung, dass M\u00e4dchen auch lesen und schreiben sollten und gebildet seien.<\/p>\n\n\n\n<p>Es ist eine interessante Tatsache, dass Dositej neben neuen Ideen und B\u00fcchern auch der Erste war,<strong> <\/strong>der einen Sack Kartoffeln nach Serbien brachte.<\/p>\n\n\n\n<div class=\"wp-block-group alignwide\"><div class=\"wp-block-group__inner-container is-layout-flow wp-block-group-is-layout-flow\"><div style=\"position: relative\">\n<div class=\"wp-block-media-text alignwide has-media-on-the-right is-stacked-on-mobile is-vertically-aligned-center has-background\" style=\"background-color:#f2f2f2;grid-template-columns:auto 53%\"><figure class=\"wp-block-media-text__media\"><a href=\"https:\/\/yuga.at\/wp-content\/uploads\/spomenik_dositeja_obradovica.jpg\"><img loading=\"lazy\" decoding=\"async\" width=\"800\" height=\"880\" src=\"https:\/\/yuga.at\/wp-content\/uploads\/spomenik_dositeja_obradovica.jpg\" alt=\"Spomenik Dositeja Obradovica\" class=\"wp-image-5247 size-full\" srcset=\"https:\/\/yuga.at\/wp-content\/uploads\/spomenik_dositeja_obradovica.jpg 800w, https:\/\/yuga.at\/wp-content\/uploads\/spomenik_dositeja_obradovica-768x845.jpg 768w, https:\/\/yuga.at\/wp-content\/uploads\/spomenik_dositeja_obradovica-45x50.jpg 45w\" sizes=\"auto, (max-width: 800px) 100vw, 800px\" \/><\/a><\/figure><div class=\"wp-block-media-text__content\">\n<p>Am 28. M\u00e4rz 1811 starb in Belgrad der gr\u00f6\u00dfte serbische P\u00e4dagoge und Reformator \u2013 Dositej Obradovi\u0107. Er wurde vor der Kathedrale beigesetzt. <\/p>\n\n\n\n<p>Seine \u00dcberreste wurden zweimal \u00fcbertragen, das erste Mal im Jahr 1837 f\u00fcr den Bau der neuen Kathedrale und das zweite Mal im Jahr 1897, damit sein Grab neben dem Grab eines anderen serbischen Gro\u00dfen, Vuk Stefanovi\u0107 Karad\u017ei\u0107, platziert werden konnte, dessen sterbliche \u00dcberreste aus Wien \u00fcberf\u00fchrt wurden.<\/p>\n\n\n\n<p style=\"font-size:18px\"><em>Das Denkmal<\/em> <em>f\u00fcr Dositej Obradovi\u0107 im Studentenpark in Belgrad, ein Werk des Bildhauers <a href=\"https:\/\/sr.wikipedia.org\/wiki\/%D0%A0%D1%83%D0%B4%D0%BE%D0%BB%D1%84_%D0%92%D0%B0%D0%BB%D0%B4%D0%B5%D1%86\" target=\"_blank\" rel=\"noreferrer noopener\">Rudolf Valdec<\/a><\/em><\/p>\n<\/div><\/div>\n<div class=\"featured-image-copyright\"><\/div><\/div><\/div><\/div>\n\n\n\n<h2 class=\"wp-block-heading\" id=\"ministar\">Erster Bildungsminister<\/h2>\n\n\n\n<p>Als der gebildetste und aufgekl\u00e4rteste Serbe wurde er erster Bildungsminister, organisierte Schulen, beriet die Anf\u00fchrer der Aufst\u00e4ndischen und war Kara\u0111or\u0111es pers\u00f6nlicher Berater und Sekret\u00e4r. <\/p>\n\n\n\n<p>Selbstlos wollte er sein Wissen an m\u00f6glichst viele Menschen, insbesondere an seine Landsleute, weitergeben. <\/p>\n\n\n\n<p>Dositej Obradovi\u0107 ist der Gr\u00fcnder der Gro\u00dfen Schule (1808), dem Vorg\u00e4nger der Universit\u00e4t Belgrad, die den Grundstein f\u00fcr die Entwicklung der modernen Bildung in Serbien legte.<\/p>\n\n\n\n<h2 class=\"wp-block-heading\" id=\"smrt\">Ende des Lebens<\/h2>\n\n\n\n<p>Im befreiten Serbien verbrachte Dositej die letzten f\u00fcnf Jahre seines Lebens, von 1807 bis 1811, und leistete einen gro\u00dfen Beitrag zur \u201eAufgekl\u00e4rten\u201c und \u201eGebildeten\u201c seiner Generation.<\/p>\n\n\n\n<p>Er starb am 28. M\u00e4rz 1811 in Belgrad, wo er auch begraben wurde.<\/p>\n\n\n\n<p>In seinen zahlreichen Schriften, die mehrfach nachgedruckt und ver\u00f6ffentlicht wurden, stellte Dositej Obradovi\u0107 die aufkl\u00e4rerischen Ideen des 18. Jahrhunderts dar und passte die wichtigsten philosophischen, p\u00e4dagogischen, gesellschaftspolitischen, kulturellen und p\u00e4dagogischen Fragen dieser Zeit an die Bed\u00fcrfnisse  seines Volkes. <\/p>\n\n\n\n<p>Er brachte Europa und die Welt Serbien n\u00e4her und \u00f6ffnete ein Fenster f\u00fcr das Eindringen neuer kultureller und zivilisatorischer Errungenschaften.<\/p>\n\n\n\n<p style=\"font-size:14px\">Autor: Jelena Kosti\u0107, https:\/\/svetnauke.org<\/p>","protected":false},"excerpt":{"rendered":"<p>Dositej Obradovi\u0107 je ro\u0111en 1742. godine u \u010cakovu, mestu u rumunskom delu Banata, udaljenog tridesetak kilometara od dana\u0161nje granice sa Srbijom. Po ro\u0111enju je&#8230;<\/p>","protected":false},"author":3,"featured_media":5251,"comment_status":"closed","ping_status":"closed","sticky":false,"template":"","format":"standard","meta":{"_acf_changed":false,"_kad_blocks_custom_css":"","_kad_blocks_head_custom_js":"","_kad_blocks_body_custom_js":"","_kad_blocks_footer_custom_js":"","footnotes":""},"categories":[97,148,142,224,49],"tags":[265,266],"class_list":["post-5245","post","type-post","status-publish","format-standard","has-post-thumbnail","hentry","category-vesti-austrija","category-drustvo","category-kultura","category-likovi-i-dela","category-vesti","tag-dositej","tag-reformator","entry","category-97","category-148","category-142","category-224","category-49"],"acf":[],"yoast_head":"<!-- This site is optimized with the Yoast SEO plugin v27.3 - https:\/\/yoast.com\/product\/yoast-seo-wordpress\/ -->\n<title>Dositej Obradovi\u0107 \u2013 srpski prosvetitelj<\/title>\n<meta name=\"description\" content=\"Dositej Obradovi\u0107 u pogledu jezika predstavlja prete\u010du Vuka Karad\u017ei\u0107a. Ro\u0111en je 1742. god. u \u010cakovu u Banatu, a umro 28. marta 1811. godine u Beogradu.\" \/>\n<meta name=\"robots\" content=\"index, follow, max-snippet:-1, max-image-preview:large, max-video-preview:-1\" \/>\n<link rel=\"canonical\" href=\"https:\/\/yuga.at\/de\/dositej-obradovic-serbischer-aufklarer\/\" \/>\n<meta property=\"og:locale\" content=\"de_DE\" \/>\n<meta property=\"og:type\" content=\"article\" \/>\n<meta property=\"og:title\" content=\"Dositej Obradovi\u0107 \u2013 srpski prosvetitelj\" \/>\n<meta property=\"og:description\" content=\"Dositej Obradovi\u0107 u pogledu jezika predstavlja prete\u010du Vuka Karad\u017ei\u0107a. Ro\u0111en je 1742. god. u \u010cakovu u Banatu, a umro 28. marta 1811. godine u Beogradu.\" \/>\n<meta property=\"og:url\" content=\"https:\/\/yuga.at\/de\/dositej-obradovic-serbischer-aufklarer\/\" \/>\n<meta property=\"og:site_name\" content=\"YUga.at\" \/>\n<meta property=\"article:publisher\" content=\"https:\/\/www.facebook.com\/yuga.austria\" \/>\n<meta property=\"article:published_time\" content=\"2020-11-11T18:02:54+00:00\" \/>\n<meta property=\"article:modified_time\" content=\"2022-09-25T07:52:13+00:00\" \/>\n<meta property=\"og:image\" content=\"https:\/\/yuga.at\/wp-content\/uploads\/Dositej-Obradovic.jpg\" \/>\n\t<meta property=\"og:image:width\" content=\"1400\" \/>\n\t<meta property=\"og:image:height\" content=\"938\" \/>\n\t<meta property=\"og:image:type\" content=\"image\/jpeg\" \/>\n<meta name=\"author\" content=\"Srdjan\" \/>\n<meta name=\"twitter:card\" content=\"summary_large_image\" \/>\n<meta name=\"twitter:label1\" content=\"Verfasst von\" \/>\n\t<meta name=\"twitter:data1\" content=\"Srdjan\" \/>\n<script type=\"application\/ld+json\" class=\"yoast-schema-graph\">{\"@context\":\"https:\\\/\\\/schema.org\",\"@graph\":[{\"@type\":\"Article\",\"@id\":\"https:\\\/\\\/yuga.at\\\/dositej-obradovic-prosvetitelj\\\/#article\",\"isPartOf\":{\"@id\":\"https:\\\/\\\/yuga.at\\\/dositej-obradovic-prosvetitelj\\\/\"},\"author\":{\"name\":\"Srdjan\",\"@id\":\"https:\\\/\\\/yuga.at\\\/#\\\/schema\\\/person\\\/14afd7c6aa250e7d26d59b2f1a427184\"},\"headline\":\"Dositej Obradovi\u0107 \u2013 srpski prosvetitelj\",\"datePublished\":\"2020-11-11T18:02:54+00:00\",\"dateModified\":\"2022-09-25T07:52:13+00:00\",\"mainEntityOfPage\":{\"@id\":\"https:\\\/\\\/yuga.at\\\/dositej-obradovic-prosvetitelj\\\/\"},\"wordCount\":1392,\"publisher\":{\"@id\":\"https:\\\/\\\/yuga.at\\\/#organization\"},\"image\":{\"@id\":\"https:\\\/\\\/yuga.at\\\/dositej-obradovic-prosvetitelj\\\/#primaryimage\"},\"thumbnailUrl\":\"https:\\\/\\\/yuga.at\\\/wp-content\\\/uploads\\\/Dositej-Obradovic.jpg\",\"keywords\":[\"dositej\",\"reformator\"],\"articleSection\":[\"Austrija\",\"Dru\u0161tvo\",\"Kultura\",\"Likovi i dela\",\"Vesti\"],\"inLanguage\":\"de\"},{\"@type\":\"WebPage\",\"@id\":\"https:\\\/\\\/yuga.at\\\/dositej-obradovic-prosvetitelj\\\/\",\"url\":\"https:\\\/\\\/yuga.at\\\/dositej-obradovic-prosvetitelj\\\/\",\"name\":\"Dositej Obradovi\u0107 \u2013 srpski prosvetitelj\",\"isPartOf\":{\"@id\":\"https:\\\/\\\/yuga.at\\\/#website\"},\"primaryImageOfPage\":{\"@id\":\"https:\\\/\\\/yuga.at\\\/dositej-obradovic-prosvetitelj\\\/#primaryimage\"},\"image\":{\"@id\":\"https:\\\/\\\/yuga.at\\\/dositej-obradovic-prosvetitelj\\\/#primaryimage\"},\"thumbnailUrl\":\"https:\\\/\\\/yuga.at\\\/wp-content\\\/uploads\\\/Dositej-Obradovic.jpg\",\"datePublished\":\"2020-11-11T18:02:54+00:00\",\"dateModified\":\"2022-09-25T07:52:13+00:00\",\"description\":\"Dositej Obradovi\u0107 u pogledu jezika predstavlja prete\u010du Vuka Karad\u017ei\u0107a. Ro\u0111en je 1742. god. u \u010cakovu u Banatu, a umro 28. marta 1811. godine u Beogradu.\",\"breadcrumb\":{\"@id\":\"https:\\\/\\\/yuga.at\\\/dositej-obradovic-prosvetitelj\\\/#breadcrumb\"},\"inLanguage\":\"de\",\"potentialAction\":[{\"@type\":\"ReadAction\",\"target\":[\"https:\\\/\\\/yuga.at\\\/dositej-obradovic-prosvetitelj\\\/\"]}]},{\"@type\":\"ImageObject\",\"inLanguage\":\"de\",\"@id\":\"https:\\\/\\\/yuga.at\\\/dositej-obradovic-prosvetitelj\\\/#primaryimage\",\"url\":\"https:\\\/\\\/yuga.at\\\/wp-content\\\/uploads\\\/Dositej-Obradovic.jpg\",\"contentUrl\":\"https:\\\/\\\/yuga.at\\\/wp-content\\\/uploads\\\/Dositej-Obradovic.jpg\",\"width\":1400,\"height\":938,\"caption\":\"Dositej Obradovi\u0107\"},{\"@type\":\"BreadcrumbList\",\"@id\":\"https:\\\/\\\/yuga.at\\\/dositej-obradovic-prosvetitelj\\\/#breadcrumb\",\"itemListElement\":[{\"@type\":\"ListItem\",\"position\":1,\"name\":\"Home\",\"item\":\"https:\\\/\\\/yuga.at\\\/\"},{\"@type\":\"ListItem\",\"position\":2,\"name\":\"Dositej Obradovi\u0107 \u2013 srpski prosvetitelj\"}]},{\"@type\":\"WebSite\",\"@id\":\"https:\\\/\\\/yuga.at\\\/#website\",\"url\":\"https:\\\/\\\/yuga.at\\\/\",\"name\":\"YUga.at\",\"description\":\"exYU Portal\",\"publisher\":{\"@id\":\"https:\\\/\\\/yuga.at\\\/#organization\"},\"potentialAction\":[{\"@type\":\"SearchAction\",\"target\":{\"@type\":\"EntryPoint\",\"urlTemplate\":\"https:\\\/\\\/yuga.at\\\/?s={search_term_string}\"},\"query-input\":{\"@type\":\"PropertyValueSpecification\",\"valueRequired\":true,\"valueName\":\"search_term_string\"}}],\"inLanguage\":\"de\"},{\"@type\":\"Organization\",\"@id\":\"https:\\\/\\\/yuga.at\\\/#organization\",\"name\":\"YUga.at\",\"url\":\"https:\\\/\\\/yuga.at\\\/\",\"logo\":{\"@type\":\"ImageObject\",\"inLanguage\":\"de\",\"@id\":\"https:\\\/\\\/yuga.at\\\/#\\\/schema\\\/logo\\\/image\\\/\",\"url\":\"https:\\\/\\\/yuga.at\\\/wp-content\\\/uploads\\\/yuga-logo-black-250.png\",\"contentUrl\":\"https:\\\/\\\/yuga.at\\\/wp-content\\\/uploads\\\/yuga-logo-black-250.png\",\"width\":250,\"height\":143,\"caption\":\"YUga.at\"},\"image\":{\"@id\":\"https:\\\/\\\/yuga.at\\\/#\\\/schema\\\/logo\\\/image\\\/\"},\"sameAs\":[\"https:\\\/\\\/www.facebook.com\\\/yuga.austria\",\"https:\\\/\\\/www.instagram.com\\\/yuga.at\\\/\"]},{\"@type\":\"Person\",\"@id\":\"https:\\\/\\\/yuga.at\\\/#\\\/schema\\\/person\\\/14afd7c6aa250e7d26d59b2f1a427184\",\"name\":\"Srdjan\",\"image\":{\"@type\":\"ImageObject\",\"inLanguage\":\"de\",\"@id\":\"https:\\\/\\\/secure.gravatar.com\\\/avatar\\\/5b6efe7dbc2c19685b2905878731fe11236889e186ff9c7df9039e75f5680008?s=96&d=mm&r=g\",\"url\":\"https:\\\/\\\/secure.gravatar.com\\\/avatar\\\/5b6efe7dbc2c19685b2905878731fe11236889e186ff9c7df9039e75f5680008?s=96&d=mm&r=g\",\"contentUrl\":\"https:\\\/\\\/secure.gravatar.com\\\/avatar\\\/5b6efe7dbc2c19685b2905878731fe11236889e186ff9c7df9039e75f5680008?s=96&d=mm&r=g\",\"caption\":\"Srdjan\"}}]}<\/script>\n<!-- \/ Yoast SEO plugin. -->","yoast_head_json":{"title":"Dositej Obradovi\u0107 \u2013 serbischer Aufkl\u00e4rer","description":"Sprachlich ist Dositej Obradovi\u0107 der Vorl\u00e4ufer von Vuk Karad\u017ei\u0107. Er wurde 1742 geboren in \u010cakovo im Banat und starb am 28. M\u00e4rz 1811 in Belgrad.","robots":{"index":"index","follow":"follow","max-snippet":"max-snippet:-1","max-image-preview":"max-image-preview:large","max-video-preview":"max-video-preview:-1"},"canonical":"https:\/\/yuga.at\/de\/dositej-obradovic-serbischer-aufklarer\/","og_locale":"de_DE","og_type":"article","og_title":"Dositej Obradovi\u0107 \u2013 srpski prosvetitelj","og_description":"Dositej Obradovi\u0107 u pogledu jezika predstavlja prete\u010du Vuka Karad\u017ei\u0107a. Ro\u0111en je 1742. god. u \u010cakovu u Banatu, a umro 28. marta 1811. godine u Beogradu.","og_url":"https:\/\/yuga.at\/de\/dositej-obradovic-serbischer-aufklarer\/","og_site_name":"YUga.at","article_publisher":"https:\/\/www.facebook.com\/yuga.austria","article_published_time":"2020-11-11T18:02:54+00:00","article_modified_time":"2022-09-25T07:52:13+00:00","og_image":[{"width":1400,"height":938,"url":"https:\/\/yuga.at\/wp-content\/uploads\/Dositej-Obradovic.jpg","type":"image\/jpeg"}],"author":"Srdjan","twitter_card":"summary_large_image","twitter_misc":{"Verfasst von":"Srdjan"},"schema":{"@context":"https:\/\/schema.org","@graph":[{"@type":"Article","@id":"https:\/\/yuga.at\/dositej-obradovic-prosvetitelj\/#article","isPartOf":{"@id":"https:\/\/yuga.at\/dositej-obradovic-prosvetitelj\/"},"author":{"name":"Srdjan","@id":"https:\/\/yuga.at\/#\/schema\/person\/14afd7c6aa250e7d26d59b2f1a427184"},"headline":"Dositej Obradovi\u0107 \u2013 srpski prosvetitelj","datePublished":"2020-11-11T18:02:54+00:00","dateModified":"2022-09-25T07:52:13+00:00","mainEntityOfPage":{"@id":"https:\/\/yuga.at\/dositej-obradovic-prosvetitelj\/"},"wordCount":1392,"publisher":{"@id":"https:\/\/yuga.at\/#organization"},"image":{"@id":"https:\/\/yuga.at\/dositej-obradovic-prosvetitelj\/#primaryimage"},"thumbnailUrl":"https:\/\/yuga.at\/wp-content\/uploads\/Dositej-Obradovic.jpg","keywords":["dositej","reformator"],"articleSection":["Austrija","Dru\u0161tvo","Kultura","Likovi i dela","Vesti"],"inLanguage":"de"},{"@type":"WebPage","@id":"https:\/\/yuga.at\/dositej-obradovic-prosvetitelj\/","url":"https:\/\/yuga.at\/dositej-obradovic-prosvetitelj\/","name":"Dositej Obradovi\u0107 \u2013 serbischer Aufkl\u00e4rer","isPartOf":{"@id":"https:\/\/yuga.at\/#website"},"primaryImageOfPage":{"@id":"https:\/\/yuga.at\/dositej-obradovic-prosvetitelj\/#primaryimage"},"image":{"@id":"https:\/\/yuga.at\/dositej-obradovic-prosvetitelj\/#primaryimage"},"thumbnailUrl":"https:\/\/yuga.at\/wp-content\/uploads\/Dositej-Obradovic.jpg","datePublished":"2020-11-11T18:02:54+00:00","dateModified":"2022-09-25T07:52:13+00:00","description":"Sprachlich ist Dositej Obradovi\u0107 der Vorl\u00e4ufer von Vuk Karad\u017ei\u0107. Er wurde 1742 geboren in \u010cakovo im Banat und starb am 28. M\u00e4rz 1811 in Belgrad.","breadcrumb":{"@id":"https:\/\/yuga.at\/dositej-obradovic-prosvetitelj\/#breadcrumb"},"inLanguage":"de","potentialAction":[{"@type":"ReadAction","target":["https:\/\/yuga.at\/dositej-obradovic-prosvetitelj\/"]}]},{"@type":"ImageObject","inLanguage":"de","@id":"https:\/\/yuga.at\/dositej-obradovic-prosvetitelj\/#primaryimage","url":"https:\/\/yuga.at\/wp-content\/uploads\/Dositej-Obradovic.jpg","contentUrl":"https:\/\/yuga.at\/wp-content\/uploads\/Dositej-Obradovic.jpg","width":1400,"height":938,"caption":"Dositej Obradovi\u0107"},{"@type":"BreadcrumbList","@id":"https:\/\/yuga.at\/dositej-obradovic-prosvetitelj\/#breadcrumb","itemListElement":[{"@type":"ListItem","position":1,"name":"Home","item":"https:\/\/yuga.at\/"},{"@type":"ListItem","position":2,"name":"Dositej Obradovi\u0107 \u2013 srpski prosvetitelj"}]},{"@type":"WebSite","@id":"https:\/\/yuga.at\/#website","url":"https:\/\/yuga.at\/","name":"YUga.at","description":"exYU Portal","publisher":{"@id":"https:\/\/yuga.at\/#organization"},"potentialAction":[{"@type":"SearchAction","target":{"@type":"EntryPoint","urlTemplate":"https:\/\/yuga.at\/?s={search_term_string}"},"query-input":{"@type":"PropertyValueSpecification","valueRequired":true,"valueName":"search_term_string"}}],"inLanguage":"de"},{"@type":"Organization","@id":"https:\/\/yuga.at\/#organization","name":"YUga.at","url":"https:\/\/yuga.at\/","logo":{"@type":"ImageObject","inLanguage":"de","@id":"https:\/\/yuga.at\/#\/schema\/logo\/image\/","url":"https:\/\/yuga.at\/wp-content\/uploads\/yuga-logo-black-250.png","contentUrl":"https:\/\/yuga.at\/wp-content\/uploads\/yuga-logo-black-250.png","width":250,"height":143,"caption":"YUga.at"},"image":{"@id":"https:\/\/yuga.at\/#\/schema\/logo\/image\/"},"sameAs":["https:\/\/www.facebook.com\/yuga.austria","https:\/\/www.instagram.com\/yuga.at\/"]},{"@type":"Person","@id":"https:\/\/yuga.at\/#\/schema\/person\/14afd7c6aa250e7d26d59b2f1a427184","name":"Srdjan","image":{"@type":"ImageObject","inLanguage":"de","@id":"https:\/\/secure.gravatar.com\/avatar\/5b6efe7dbc2c19685b2905878731fe11236889e186ff9c7df9039e75f5680008?s=96&d=mm&r=g","url":"https:\/\/secure.gravatar.com\/avatar\/5b6efe7dbc2c19685b2905878731fe11236889e186ff9c7df9039e75f5680008?s=96&d=mm&r=g","contentUrl":"https:\/\/secure.gravatar.com\/avatar\/5b6efe7dbc2c19685b2905878731fe11236889e186ff9c7df9039e75f5680008?s=96&d=mm&r=g","caption":"Srdjan"}}]}},"taxonomy_info":{"category":[{"value":97,"label":"Austrija"},{"value":148,"label":"Dru\u0161tvo"},{"value":142,"label":"Kultura"},{"value":224,"label":"Likovi i dela"},{"value":49,"label":"Vesti"}],"post_tag":[{"value":265,"label":"dositej"},{"value":266,"label":"reformator"}]},"featured_image_src_large":["https:\/\/yuga.at\/wp-content\/uploads\/Dositej-Obradovic.jpg",798,535,false],"author_info":{"display_name":"Srdjan","author_link":"https:\/\/yuga.at\/de\/author\/srdjan\/"},"comment_info":0,"category_info":[{"term_id":97,"name":"Austrija","slug":"vesti-austrija","term_group":0,"term_taxonomy_id":97,"taxonomy":"category","description":"Vesti iz Austrije","parent":49,"count":99,"filter":"raw","cat_ID":97,"category_count":99,"category_description":"Vesti iz Austrije","cat_name":"Austrija","category_nicename":"vesti-austrija","category_parent":49},{"term_id":148,"name":"Dru\u0161tvo","slug":"drustvo","term_group":0,"term_taxonomy_id":148,"taxonomy":"category","description":"","parent":0,"count":25,"filter":"raw","cat_ID":148,"category_count":25,"category_description":"","cat_name":"Dru\u0161tvo","category_nicename":"drustvo","category_parent":0},{"term_id":142,"name":"Kultura","slug":"kultura","term_group":0,"term_taxonomy_id":142,"taxonomy":"category","description":"Kultura u Be\u010du, pre svega vezana za ljude sa prostora exYu, ali i kultura samog grada Be\u010da.","parent":148,"count":13,"filter":"raw","cat_ID":142,"category_count":13,"category_description":"Kultura u Be\u010du, pre svega vezana za ljude sa prostora exYu, ali i kultura samog grada Be\u010da.","cat_name":"Kultura","category_nicename":"kultura","category_parent":148},{"term_id":224,"name":"Likovi i dela","slug":"likovi-i-dela","term_group":0,"term_taxonomy_id":224,"taxonomy":"category","description":"Mnogi znameniti ljudi ro\u0111eni na na\u0161im prostorima ostavili su duboki trag u istoriji grada Be\u010da. ","parent":142,"count":5,"filter":"raw","cat_ID":224,"category_count":5,"category_description":"Mnogi znameniti ljudi ro\u0111eni na na\u0161im prostorima ostavili su duboki trag u istoriji grada Be\u010da. ","cat_name":"Likovi i dela","category_nicename":"likovi-i-dela","category_parent":142},{"term_id":49,"name":"Vesti","slug":"vesti","term_group":0,"term_taxonomy_id":49,"taxonomy":"category","description":"Najnovije vesti","parent":0,"count":103,"filter":"raw","cat_ID":49,"category_count":103,"category_description":"Najnovije vesti","cat_name":"Vesti","category_nicename":"vesti","category_parent":0}],"tag_info":[{"term_id":265,"name":"dositej","slug":"dositej","term_group":0,"term_taxonomy_id":265,"taxonomy":"post_tag","description":"","parent":0,"count":1,"filter":"raw"},{"term_id":266,"name":"reformator","slug":"reformator","term_group":0,"term_taxonomy_id":266,"taxonomy":"post_tag","description":"","parent":0,"count":1,"filter":"raw"}],"_links":{"self":[{"href":"https:\/\/yuga.at\/de\/wp-json\/wp\/v2\/posts\/5245","targetHints":{"allow":["GET"]}}],"collection":[{"href":"https:\/\/yuga.at\/de\/wp-json\/wp\/v2\/posts"}],"about":[{"href":"https:\/\/yuga.at\/de\/wp-json\/wp\/v2\/types\/post"}],"author":[{"embeddable":true,"href":"https:\/\/yuga.at\/de\/wp-json\/wp\/v2\/users\/3"}],"replies":[{"embeddable":true,"href":"https:\/\/yuga.at\/de\/wp-json\/wp\/v2\/comments?post=5245"}],"version-history":[{"count":31,"href":"https:\/\/yuga.at\/de\/wp-json\/wp\/v2\/posts\/5245\/revisions"}],"predecessor-version":[{"id":11094,"href":"https:\/\/yuga.at\/de\/wp-json\/wp\/v2\/posts\/5245\/revisions\/11094"}],"wp:featuredmedia":[{"embeddable":true,"href":"https:\/\/yuga.at\/de\/wp-json\/wp\/v2\/media\/5251"}],"wp:attachment":[{"href":"https:\/\/yuga.at\/de\/wp-json\/wp\/v2\/media?parent=5245"}],"wp:term":[{"taxonomy":"category","embeddable":true,"href":"https:\/\/yuga.at\/de\/wp-json\/wp\/v2\/categories?post=5245"},{"taxonomy":"post_tag","embeddable":true,"href":"https:\/\/yuga.at\/de\/wp-json\/wp\/v2\/tags?post=5245"}],"curies":[{"name":"wp","href":"https:\/\/api.w.org\/{rel}","templated":true}]}}