{"id":5622,"date":"2020-11-24T17:08:02","date_gmt":"2020-11-24T16:08:02","guid":{"rendered":"https:\/\/yuga.at\/?p=5622"},"modified":"2022-09-25T09:50:23","modified_gmt":"2022-09-25T07:50:23","slug":"michael-ludwig-der-neue-alte-burgermeister","status":"publish","type":"post","link":"https:\/\/yuga.at\/de\/michael-ludwig-gradonacelnik-beca\/","title":{"rendered":"Michael Ludwig \u2013 der neue alte B\u00fcrgermeister"},"content":{"rendered":"<p>Am Dienstag, dem 24. November 2020, wurde bei der konstituierenden Sitzung des Wiener Gemeinderats Michael Ludwig als B\u00fcrgermeister der Hauptstadt \u00d6sterreichs wiedergew\u00e4hlt.<\/p>\n\n\n\n<p>Dies ist Ludwigs zweite Amtszeit, nachdem er 2018 das Amt des B\u00fcrgermeisters von Michael H\u00e4upl \u00fcbernommen hatte.<\/p>\n\n\n\n<p>Die Zeremonie zur Vereidigung des neuen, alten B\u00fcrgermeisters wurde in Anwesenheit des \u00f6sterreichischen Bundespr\u00e4sidenten Alexander Van der Bellen abgehalten. <\/p>\n\n\n\n<p>Unter den anwesenden Politikern war auch Bundeskanzler Sebastian Kurz.<\/p>\n\n\n<div class=\"wp-block-image\"><div class=\"copyright-image-large\" style=\"position: relative\">\n<figure class=\"aligncenter size-large\"><a href=\"https:\/\/yuga.at\/wp-content\/uploads\/michael_ludwig2.jpg\"><img loading=\"lazy\" decoding=\"async\" width=\"800\" height=\"492\" src=\"https:\/\/yuga.at\/wp-content\/uploads\/michael_ludwig2.jpg\" alt=\"Michael Ludwig\" class=\"wp-image-5623\" srcset=\"https:\/\/yuga.at\/wp-content\/uploads\/michael_ludwig2.jpg 800w, https:\/\/yuga.at\/wp-content\/uploads\/michael_ludwig2-768x472.jpg 768w, https:\/\/yuga.at\/wp-content\/uploads\/michael_ludwig2-672x414.jpg 672w, https:\/\/yuga.at\/wp-content\/uploads\/michael_ludwig2-50x31.jpg 50w\" sizes=\"auto, (max-width: 800px) 100vw, 800px\" \/><\/a><\/figure>\n<div class=\"featured-image-copyright\">foto: \u00a9APA<\/div><\/div><\/div>\n\n\n<p>Bundespr\u00e4sident Van der Bellen gratulierte Ludwig herzlich zu seiner Wahl zum Stadtoberhaupt und zu seinem Ergebnis bei den k\u00fcrzlich stattgefundenen Wahlen am 11. Oktober, \"bei denen Sie sehr gut abgeschnitten haben, wenn ich das so sagen darf\", sagte der \u00f6sterreichische Bundespr\u00e4sident.<\/p>\n\n\n\n<p>Die konstituierende Sitzung, die normalerweise im Gemeinderatssaal stattfindet, wurde aufgrund der aktuellen epidemiologischen Ma\u00dfnahmen in dem gro\u00dfen Festsaal des Wiener Rathauses abgehalten.<\/p>\n\n\n\n<p>Zuerst legten alle 100 Abgeordneten ihren Amtseid ab, dann wurden B\u00fcrgermeister Ludwig, Vizeb\u00fcrgermeister Christoph Wiederkehr und der Stadtsenat gew\u00e4hlt.<\/p>\n\n\n\n<p>Mehr Fotos von der Zeremonie finden Sie <a href=\"https:\/\/www.vienna.at\/galerie-anzeigen\/15526480\/Michael-Ludwig-wiedergew\" target=\"_blank\" rel=\"noreferrer noopener\"><span class=\"has-inline-color has-vivid-red-color\">hier.<\/span><\/a><\/p>\n\n\n\n<p>Bei den k\u00fcrzlich stattgefundenen Kommunalwahlen wurde erstmals eine Kandidatin, die serbische Wurzeln hat, zur B\u00fcrgermeisterin eines Stadtbezirks gew\u00e4hlt - <a href=\"\/de\/silvia-jankovic-neue-bezirksvorsteherin-fur-den-5-bezirk\/\"><span class=\"has-inline-color has-vivid-red-color\">Silvia Jankovi\u0107.<\/span><\/a><\/p>\n\n\n\n<h2 class=\"wp-block-heading\">Wer ist Michael Ludwig?<\/h2>\n\n\n\n<p>Michael wurde am 3. April 1961 in Wien geboren. Er ist verheiratet und lebt im Bezirk Floridsdorf.<\/p>\n\n\n\n<p>Er absolvierte ein Doktoratsstudium der Politikwissenschaften und Geschichte an der Universit\u00e4t Wien. <\/p>\n\n\n\n<p>Sein politisches Engagement begann im Jahr 1981, haupts\u00e4chlich im Bildungsbereich.<\/p>\n\n\n\n<p>Im Laufe seiner Karriere bekleidete er verschiedene Funktionen:<br>Er war Leiter des Bereichs Stadtentwicklung und Stadtplanung der Stadt Wien, Kulturbeauftragter sowie stellvertretender B\u00fcrgermeister (2009\u20132010).<\/p>\n\n\n\n<p>Seit 2018 bekleidet er das Amt des Wiener B\u00fcrgermeisters. Er ist Mitglied der Sozialistischen Partei \u00d6sterreichs (SP\u00d6).<\/p>\n\n\n\n<p>Sein politisches Vorbild ist Bruno Kreisky, er h\u00f6rt gerne den Wiener Philharmonikern zu und trinkt am liebsten Wiener Wasser.<\/p>","protected":false},"excerpt":{"rendered":"<p>U utorak, 24. novembra 2020. godine, na konstitutivnoj sednici saziva skup\u0161tine grada Be\u010da, reizabran je gradona\u010delnik glavnog grada Austrije &#8211; Michael Ludwig. Ovo je&#8230;<\/p>","protected":false},"author":3,"featured_media":5624,"comment_status":"closed","ping_status":"closed","sticky":false,"template":"","format":"standard","meta":{"_acf_changed":false,"_kad_blocks_custom_css":"","_kad_blocks_head_custom_js":"","_kad_blocks_body_custom_js":"","_kad_blocks_footer_custom_js":"","footnotes":""},"categories":[97,49],"tags":[279,280],"class_list":["post-5622","post","type-post","status-publish","format-standard","has-post-thumbnail","hentry","category-vesti-austrija","category-vesti","tag-gradonacelnik","tag-ludwig","entry","category-97","category-49"],"acf":[],"yoast_head":"<!-- This site is optimized with the Yoast SEO plugin v27.3 - https:\/\/yoast.com\/product\/yoast-seo-wordpress\/ -->\n<title>Michael Ludwig - novi stari gradona\u010delnik<\/title>\n<meta name=\"description\" content=\"24.11.2020. godine, na konstitutivnoj sednici saziva skup\u0161tine grada Be\u010da, za gradona\u010delnika glavnog grada Austrije reizabran je Michael Ludwig.\" \/>\n<meta name=\"robots\" content=\"index, follow, max-snippet:-1, max-image-preview:large, max-video-preview:-1\" \/>\n<link rel=\"canonical\" href=\"https:\/\/yuga.at\/de\/michael-ludwig-der-neue-alte-burgermeister\/\" \/>\n<meta property=\"og:locale\" content=\"de_DE\" \/>\n<meta property=\"og:type\" content=\"article\" \/>\n<meta property=\"og:title\" content=\"Michael Ludwig - novi stari gradona\u010delnik\" \/>\n<meta property=\"og:description\" content=\"24.11.2020. godine, na konstitutivnoj sednici saziva skup\u0161tine grada Be\u010da, za gradona\u010delnika glavnog grada Austrije reizabran je Michael Ludwig.\" \/>\n<meta property=\"og:url\" content=\"https:\/\/yuga.at\/de\/michael-ludwig-der-neue-alte-burgermeister\/\" \/>\n<meta property=\"og:site_name\" content=\"YUga.at\" \/>\n<meta property=\"article:publisher\" content=\"https:\/\/www.facebook.com\/yuga.austria\" \/>\n<meta property=\"article:published_time\" content=\"2020-11-24T16:08:02+00:00\" \/>\n<meta property=\"article:modified_time\" content=\"2022-09-25T07:50:23+00:00\" \/>\n<meta property=\"og:image\" content=\"https:\/\/yuga.at\/wp-content\/uploads\/Ludvig1.jpg\" \/>\n\t<meta property=\"og:image:width\" content=\"1400\" \/>\n\t<meta property=\"og:image:height\" content=\"933\" \/>\n\t<meta property=\"og:image:type\" content=\"image\/jpeg\" \/>\n<meta name=\"author\" content=\"Srdjan\" \/>\n<meta name=\"twitter:card\" content=\"summary_large_image\" \/>\n<meta name=\"twitter:label1\" content=\"Verfasst von\" \/>\n\t<meta name=\"twitter:data1\" content=\"Srdjan\" \/>\n<script type=\"application\/ld+json\" class=\"yoast-schema-graph\">{\"@context\":\"https:\\\/\\\/schema.org\",\"@graph\":[{\"@type\":\"Article\",\"@id\":\"https:\\\/\\\/yuga.at\\\/michael-ludwig-gradonacelnik-beca\\\/#article\",\"isPartOf\":{\"@id\":\"https:\\\/\\\/yuga.at\\\/michael-ludwig-gradonacelnik-beca\\\/\"},\"author\":{\"name\":\"Srdjan\",\"@id\":\"https:\\\/\\\/yuga.at\\\/#\\\/schema\\\/person\\\/14afd7c6aa250e7d26d59b2f1a427184\"},\"headline\":\"Michael Ludwig &#8211; novi stari gradona\u010delnik\",\"datePublished\":\"2020-11-24T16:08:02+00:00\",\"dateModified\":\"2022-09-25T07:50:23+00:00\",\"mainEntityOfPage\":{\"@id\":\"https:\\\/\\\/yuga.at\\\/michael-ludwig-gradonacelnik-beca\\\/\"},\"wordCount\":322,\"publisher\":{\"@id\":\"https:\\\/\\\/yuga.at\\\/#organization\"},\"image\":{\"@id\":\"https:\\\/\\\/yuga.at\\\/michael-ludwig-gradonacelnik-beca\\\/#primaryimage\"},\"thumbnailUrl\":\"https:\\\/\\\/yuga.at\\\/wp-content\\\/uploads\\\/Ludvig1.jpg\",\"keywords\":[\"gradona\u010delnik\",\"Ludwig\"],\"articleSection\":[\"Austrija\",\"Vesti\"],\"inLanguage\":\"de\"},{\"@type\":\"WebPage\",\"@id\":\"https:\\\/\\\/yuga.at\\\/michael-ludwig-gradonacelnik-beca\\\/\",\"url\":\"https:\\\/\\\/yuga.at\\\/michael-ludwig-gradonacelnik-beca\\\/\",\"name\":\"Michael Ludwig - novi stari gradona\u010delnik\",\"isPartOf\":{\"@id\":\"https:\\\/\\\/yuga.at\\\/#website\"},\"primaryImageOfPage\":{\"@id\":\"https:\\\/\\\/yuga.at\\\/michael-ludwig-gradonacelnik-beca\\\/#primaryimage\"},\"image\":{\"@id\":\"https:\\\/\\\/yuga.at\\\/michael-ludwig-gradonacelnik-beca\\\/#primaryimage\"},\"thumbnailUrl\":\"https:\\\/\\\/yuga.at\\\/wp-content\\\/uploads\\\/Ludvig1.jpg\",\"datePublished\":\"2020-11-24T16:08:02+00:00\",\"dateModified\":\"2022-09-25T07:50:23+00:00\",\"description\":\"24.11.2020. godine, na konstitutivnoj sednici saziva skup\u0161tine grada Be\u010da, za gradona\u010delnika glavnog grada Austrije reizabran je Michael Ludwig.\",\"breadcrumb\":{\"@id\":\"https:\\\/\\\/yuga.at\\\/michael-ludwig-gradonacelnik-beca\\\/#breadcrumb\"},\"inLanguage\":\"de\",\"potentialAction\":[{\"@type\":\"ReadAction\",\"target\":[\"https:\\\/\\\/yuga.at\\\/michael-ludwig-gradonacelnik-beca\\\/\"]}]},{\"@type\":\"ImageObject\",\"inLanguage\":\"de\",\"@id\":\"https:\\\/\\\/yuga.at\\\/michael-ludwig-gradonacelnik-beca\\\/#primaryimage\",\"url\":\"https:\\\/\\\/yuga.at\\\/wp-content\\\/uploads\\\/Ludvig1.jpg\",\"contentUrl\":\"https:\\\/\\\/yuga.at\\\/wp-content\\\/uploads\\\/Ludvig1.jpg\",\"width\":1400,\"height\":933,\"caption\":\"Michael Ludwig\"},{\"@type\":\"BreadcrumbList\",\"@id\":\"https:\\\/\\\/yuga.at\\\/michael-ludwig-gradonacelnik-beca\\\/#breadcrumb\",\"itemListElement\":[{\"@type\":\"ListItem\",\"position\":1,\"name\":\"Home\",\"item\":\"https:\\\/\\\/yuga.at\\\/\"},{\"@type\":\"ListItem\",\"position\":2,\"name\":\"Michael Ludwig - novi stari gradona\u010delnik\"}]},{\"@type\":\"WebSite\",\"@id\":\"https:\\\/\\\/yuga.at\\\/#website\",\"url\":\"https:\\\/\\\/yuga.at\\\/\",\"name\":\"YUga.at\",\"description\":\"exYU Portal\",\"publisher\":{\"@id\":\"https:\\\/\\\/yuga.at\\\/#organization\"},\"potentialAction\":[{\"@type\":\"SearchAction\",\"target\":{\"@type\":\"EntryPoint\",\"urlTemplate\":\"https:\\\/\\\/yuga.at\\\/?s={search_term_string}\"},\"query-input\":{\"@type\":\"PropertyValueSpecification\",\"valueRequired\":true,\"valueName\":\"search_term_string\"}}],\"inLanguage\":\"de\"},{\"@type\":\"Organization\",\"@id\":\"https:\\\/\\\/yuga.at\\\/#organization\",\"name\":\"YUga.at\",\"url\":\"https:\\\/\\\/yuga.at\\\/\",\"logo\":{\"@type\":\"ImageObject\",\"inLanguage\":\"de\",\"@id\":\"https:\\\/\\\/yuga.at\\\/#\\\/schema\\\/logo\\\/image\\\/\",\"url\":\"https:\\\/\\\/yuga.at\\\/wp-content\\\/uploads\\\/yuga-logo-black-250.png\",\"contentUrl\":\"https:\\\/\\\/yuga.at\\\/wp-content\\\/uploads\\\/yuga-logo-black-250.png\",\"width\":250,\"height\":143,\"caption\":\"YUga.at\"},\"image\":{\"@id\":\"https:\\\/\\\/yuga.at\\\/#\\\/schema\\\/logo\\\/image\\\/\"},\"sameAs\":[\"https:\\\/\\\/www.facebook.com\\\/yuga.austria\",\"https:\\\/\\\/www.instagram.com\\\/yuga.at\\\/\"]},{\"@type\":\"Person\",\"@id\":\"https:\\\/\\\/yuga.at\\\/#\\\/schema\\\/person\\\/14afd7c6aa250e7d26d59b2f1a427184\",\"name\":\"Srdjan\",\"image\":{\"@type\":\"ImageObject\",\"inLanguage\":\"de\",\"@id\":\"https:\\\/\\\/secure.gravatar.com\\\/avatar\\\/5b6efe7dbc2c19685b2905878731fe11236889e186ff9c7df9039e75f5680008?s=96&d=mm&r=g\",\"url\":\"https:\\\/\\\/secure.gravatar.com\\\/avatar\\\/5b6efe7dbc2c19685b2905878731fe11236889e186ff9c7df9039e75f5680008?s=96&d=mm&r=g\",\"contentUrl\":\"https:\\\/\\\/secure.gravatar.com\\\/avatar\\\/5b6efe7dbc2c19685b2905878731fe11236889e186ff9c7df9039e75f5680008?s=96&d=mm&r=g\",\"caption\":\"Srdjan\"}}]}<\/script>\n<!-- \/ Yoast SEO plugin. -->","yoast_head_json":{"title":"Michael Ludwig - novi stari gradona\u010delnik","description":"24.11.2020. godine, na konstitutivnoj sednici saziva skup\u0161tine grada Be\u010da, za gradona\u010delnika glavnog grada Austrije reizabran je Michael Ludwig.","robots":{"index":"index","follow":"follow","max-snippet":"max-snippet:-1","max-image-preview":"max-image-preview:large","max-video-preview":"max-video-preview:-1"},"canonical":"https:\/\/yuga.at\/de\/michael-ludwig-der-neue-alte-burgermeister\/","og_locale":"de_DE","og_type":"article","og_title":"Michael Ludwig - novi stari gradona\u010delnik","og_description":"24.11.2020. godine, na konstitutivnoj sednici saziva skup\u0161tine grada Be\u010da, za gradona\u010delnika glavnog grada Austrije reizabran je Michael Ludwig.","og_url":"https:\/\/yuga.at\/de\/michael-ludwig-der-neue-alte-burgermeister\/","og_site_name":"YUga.at","article_publisher":"https:\/\/www.facebook.com\/yuga.austria","article_published_time":"2020-11-24T16:08:02+00:00","article_modified_time":"2022-09-25T07:50:23+00:00","og_image":[{"width":1400,"height":933,"url":"https:\/\/yuga.at\/wp-content\/uploads\/Ludvig1.jpg","type":"image\/jpeg"}],"author":"Srdjan","twitter_card":"summary_large_image","twitter_misc":{"Verfasst von":"Srdjan"},"schema":{"@context":"https:\/\/schema.org","@graph":[{"@type":"Article","@id":"https:\/\/yuga.at\/michael-ludwig-gradonacelnik-beca\/#article","isPartOf":{"@id":"https:\/\/yuga.at\/michael-ludwig-gradonacelnik-beca\/"},"author":{"name":"Srdjan","@id":"https:\/\/yuga.at\/#\/schema\/person\/14afd7c6aa250e7d26d59b2f1a427184"},"headline":"Michael Ludwig &#8211; novi stari gradona\u010delnik","datePublished":"2020-11-24T16:08:02+00:00","dateModified":"2022-09-25T07:50:23+00:00","mainEntityOfPage":{"@id":"https:\/\/yuga.at\/michael-ludwig-gradonacelnik-beca\/"},"wordCount":322,"publisher":{"@id":"https:\/\/yuga.at\/#organization"},"image":{"@id":"https:\/\/yuga.at\/michael-ludwig-gradonacelnik-beca\/#primaryimage"},"thumbnailUrl":"https:\/\/yuga.at\/wp-content\/uploads\/Ludvig1.jpg","keywords":["gradona\u010delnik","Ludwig"],"articleSection":["Austrija","Vesti"],"inLanguage":"de"},{"@type":"WebPage","@id":"https:\/\/yuga.at\/michael-ludwig-gradonacelnik-beca\/","url":"https:\/\/yuga.at\/michael-ludwig-gradonacelnik-beca\/","name":"Michael Ludwig - novi stari gradona\u010delnik","isPartOf":{"@id":"https:\/\/yuga.at\/#website"},"primaryImageOfPage":{"@id":"https:\/\/yuga.at\/michael-ludwig-gradonacelnik-beca\/#primaryimage"},"image":{"@id":"https:\/\/yuga.at\/michael-ludwig-gradonacelnik-beca\/#primaryimage"},"thumbnailUrl":"https:\/\/yuga.at\/wp-content\/uploads\/Ludvig1.jpg","datePublished":"2020-11-24T16:08:02+00:00","dateModified":"2022-09-25T07:50:23+00:00","description":"24.11.2020. godine, na konstitutivnoj sednici saziva skup\u0161tine grada Be\u010da, za gradona\u010delnika glavnog grada Austrije reizabran je Michael Ludwig.","breadcrumb":{"@id":"https:\/\/yuga.at\/michael-ludwig-gradonacelnik-beca\/#breadcrumb"},"inLanguage":"de","potentialAction":[{"@type":"ReadAction","target":["https:\/\/yuga.at\/michael-ludwig-gradonacelnik-beca\/"]}]},{"@type":"ImageObject","inLanguage":"de","@id":"https:\/\/yuga.at\/michael-ludwig-gradonacelnik-beca\/#primaryimage","url":"https:\/\/yuga.at\/wp-content\/uploads\/Ludvig1.jpg","contentUrl":"https:\/\/yuga.at\/wp-content\/uploads\/Ludvig1.jpg","width":1400,"height":933,"caption":"Michael Ludwig"},{"@type":"BreadcrumbList","@id":"https:\/\/yuga.at\/michael-ludwig-gradonacelnik-beca\/#breadcrumb","itemListElement":[{"@type":"ListItem","position":1,"name":"Home","item":"https:\/\/yuga.at\/"},{"@type":"ListItem","position":2,"name":"Michael Ludwig - novi stari gradona\u010delnik"}]},{"@type":"WebSite","@id":"https:\/\/yuga.at\/#website","url":"https:\/\/yuga.at\/","name":"YUga.at","description":"exYU Portal","publisher":{"@id":"https:\/\/yuga.at\/#organization"},"potentialAction":[{"@type":"SearchAction","target":{"@type":"EntryPoint","urlTemplate":"https:\/\/yuga.at\/?s={search_term_string}"},"query-input":{"@type":"PropertyValueSpecification","valueRequired":true,"valueName":"search_term_string"}}],"inLanguage":"de"},{"@type":"Organization","@id":"https:\/\/yuga.at\/#organization","name":"YUga.at","url":"https:\/\/yuga.at\/","logo":{"@type":"ImageObject","inLanguage":"de","@id":"https:\/\/yuga.at\/#\/schema\/logo\/image\/","url":"https:\/\/yuga.at\/wp-content\/uploads\/yuga-logo-black-250.png","contentUrl":"https:\/\/yuga.at\/wp-content\/uploads\/yuga-logo-black-250.png","width":250,"height":143,"caption":"YUga.at"},"image":{"@id":"https:\/\/yuga.at\/#\/schema\/logo\/image\/"},"sameAs":["https:\/\/www.facebook.com\/yuga.austria","https:\/\/www.instagram.com\/yuga.at\/"]},{"@type":"Person","@id":"https:\/\/yuga.at\/#\/schema\/person\/14afd7c6aa250e7d26d59b2f1a427184","name":"Srdjan","image":{"@type":"ImageObject","inLanguage":"de","@id":"https:\/\/secure.gravatar.com\/avatar\/5b6efe7dbc2c19685b2905878731fe11236889e186ff9c7df9039e75f5680008?s=96&d=mm&r=g","url":"https:\/\/secure.gravatar.com\/avatar\/5b6efe7dbc2c19685b2905878731fe11236889e186ff9c7df9039e75f5680008?s=96&d=mm&r=g","contentUrl":"https:\/\/secure.gravatar.com\/avatar\/5b6efe7dbc2c19685b2905878731fe11236889e186ff9c7df9039e75f5680008?s=96&d=mm&r=g","caption":"Srdjan"}}]}},"taxonomy_info":{"category":[{"value":97,"label":"Austrija"},{"value":49,"label":"Vesti"}],"post_tag":[{"value":279,"label":"gradona\u010delnik"},{"value":280,"label":"Ludwig"}]},"featured_image_src_large":["https:\/\/yuga.at\/wp-content\/uploads\/Ludvig1.jpg",798,532,false],"author_info":{"display_name":"Srdjan","author_link":"https:\/\/yuga.at\/de\/author\/srdjan\/"},"comment_info":0,"category_info":[{"term_id":97,"name":"Austrija","slug":"vesti-austrija","term_group":0,"term_taxonomy_id":97,"taxonomy":"category","description":"Vesti iz Austrije","parent":49,"count":99,"filter":"raw","cat_ID":97,"category_count":99,"category_description":"Vesti iz Austrije","cat_name":"Austrija","category_nicename":"vesti-austrija","category_parent":49},{"term_id":49,"name":"Vesti","slug":"vesti","term_group":0,"term_taxonomy_id":49,"taxonomy":"category","description":"Najnovije vesti","parent":0,"count":103,"filter":"raw","cat_ID":49,"category_count":103,"category_description":"Najnovije vesti","cat_name":"Vesti","category_nicename":"vesti","category_parent":0}],"tag_info":[{"term_id":279,"name":"gradona\u010delnik","slug":"gradonacelnik","term_group":0,"term_taxonomy_id":279,"taxonomy":"post_tag","description":"","parent":0,"count":1,"filter":"raw"},{"term_id":280,"name":"Ludwig","slug":"ludwig","term_group":0,"term_taxonomy_id":280,"taxonomy":"post_tag","description":"","parent":0,"count":1,"filter":"raw"}],"_links":{"self":[{"href":"https:\/\/yuga.at\/de\/wp-json\/wp\/v2\/posts\/5622","targetHints":{"allow":["GET"]}}],"collection":[{"href":"https:\/\/yuga.at\/de\/wp-json\/wp\/v2\/posts"}],"about":[{"href":"https:\/\/yuga.at\/de\/wp-json\/wp\/v2\/types\/post"}],"author":[{"embeddable":true,"href":"https:\/\/yuga.at\/de\/wp-json\/wp\/v2\/users\/3"}],"replies":[{"embeddable":true,"href":"https:\/\/yuga.at\/de\/wp-json\/wp\/v2\/comments?post=5622"}],"version-history":[{"count":11,"href":"https:\/\/yuga.at\/de\/wp-json\/wp\/v2\/posts\/5622\/revisions"}],"predecessor-version":[{"id":11409,"href":"https:\/\/yuga.at\/de\/wp-json\/wp\/v2\/posts\/5622\/revisions\/11409"}],"wp:featuredmedia":[{"embeddable":true,"href":"https:\/\/yuga.at\/de\/wp-json\/wp\/v2\/media\/5624"}],"wp:attachment":[{"href":"https:\/\/yuga.at\/de\/wp-json\/wp\/v2\/media?parent=5622"}],"wp:term":[{"taxonomy":"category","embeddable":true,"href":"https:\/\/yuga.at\/de\/wp-json\/wp\/v2\/categories?post=5622"},{"taxonomy":"post_tag","embeddable":true,"href":"https:\/\/yuga.at\/de\/wp-json\/wp\/v2\/tags?post=5622"}],"curies":[{"name":"wp","href":"https:\/\/api.w.org\/{rel}","templated":true}]}}