{"id":6065,"date":"2020-12-13T16:13:08","date_gmt":"2020-12-13T15:13:08","guid":{"rendered":"https:\/\/yuga.at\/?p=6065"},"modified":"2022-09-25T09:49:10","modified_gmt":"2022-09-25T07:49:10","slug":"aufhebung-des-gesetzes-uber-das-verbot-des-tragens-von-kopftuchern-in-grundschulen","status":"publish","type":"post","link":"https:\/\/yuga.at\/de\/zakon-o-zabrani-nosenja-marama\/","title":{"rendered":"Aufhebung des Gesetzes \u00fcber das Verbot des Tragens von Kopft\u00fcchern in Grundschulen"},"content":{"rendered":"<p>Das Verfassungsgericht der Republik hat am Freitag das Gesetz zum Verbot des Tragens von Kopft\u00fcchern an Grundschulen in \u00d6sterreich aufgehoben. <\/p>\n\n\n\n<p>Das Urteil ist rechtskr\u00e4ftig und tritt sofort in Kraft. Das umstrittene Gesetz wurde \u00fcbrigens von der vorherigen Koalitionsregierung \u00d6VP-FP\u00d6 verabschiedet.<\/p>\n\n\n\n<h2 class=\"wp-block-heading\" id=\"obrazlozenje\">Begr\u00fcndung<\/h2>\n\n\n\n<p>Die Verfassungsrichter rechtfertigten ihre Entscheidung damit, dass die Verordnung eine bestimmte Religion - den Islam - betrifft, ohne dass ihr Zweck genauer erl\u00e4utert wird.<\/p>\n\n\n\n<p>Dies steht laut Gericht im Widerspruch zur Position der religi\u00f6sen und ideologischen Neutralit\u00e4t des Staates und verletzt das Prinzip der Gleichheit.<\/p>\n\n\n\n<p>Der Pr\u00e4sident des Verfassungsgerichts, Christoph Grabenwarter, sagte, dass das Gesetz selektiv war und sich auf muslimische M\u00e4dchen bezog, und dass seine Umsetzung in der Praxis dauerhafte Auswirkungen auf betroffene Sch\u00fclerinnen haben w\u00fcrde. <\/p>\n\n\n\n<p>Die ganze Geschichte wurde von zwei muslimischen Familien ins Rollen gebracht, deren Kinder im Geiste des Islam erzogen wurden und die von diesem Gesetz diskriminiert wurden. <\/p>\n\n\n\n<p>Sie sahen darin einen Versto\u00df gegen das Gleichheitsprinzip, da das Tragen des Hidschabs verboten war, aber j\u00fcdische Kippas und Sikh-Turbane nicht.<\/p>\n\n\n\n<p>Dieses Gesetz war \u00fcbrigens seit Herbst 2019 in Kraft und galt f\u00fcr \u00f6ffentliche und private Grundschulen, wo es M\u00e4dchen unter 10 Jahren verboten war, Kopft\u00fccher zu tragen.<\/p>\n\n\n\n<p><a href=\"https:\/\/www.bmbwf.gv.at\/Themen\/schule\/schulrecht\/rs\/2019_17.html\" target=\"_blank\" rel=\"noreferrer noopener\"><span class=\"has-inline-color has-vivid-red-color\">Hier<\/span><\/a> k\u00f6nnen Sie mehr \u00fcber dem umstrittenen Gesetzt lesen.<\/p>\n\n\n<div class=\"wp-block-image is-style-default\"><div class=\"copyright-image-large\" style=\"position: relative\">\n<figure class=\"aligncenter size-large\"><a href=\"https:\/\/yuga.at\/wp-content\/uploads\/kopftuch.jpeg\"><img loading=\"lazy\" decoding=\"async\" width=\"1404\" height=\"930\" src=\"https:\/\/yuga.at\/wp-content\/uploads\/kopftuch-1404x930.jpeg\" alt=\"\" class=\"wp-image-6067\" srcset=\"https:\/\/yuga.at\/wp-content\/uploads\/kopftuch-1404x930.jpeg 1404w, https:\/\/yuga.at\/wp-content\/uploads\/kopftuch-978x648.jpeg 978w, https:\/\/yuga.at\/wp-content\/uploads\/kopftuch-768x509.jpeg 768w, https:\/\/yuga.at\/wp-content\/uploads\/kopftuch-391x260.jpeg 391w, https:\/\/yuga.at\/wp-content\/uploads\/kopftuch-1536x1017.jpeg 1536w, https:\/\/yuga.at\/wp-content\/uploads\/kopftuch-50x33.jpeg 50w, https:\/\/yuga.at\/wp-content\/uploads\/kopftuch.jpeg 1631w\" sizes=\"auto, (max-width: 1404px) 100vw, 1404px\" \/><\/a><\/figure>\n<div class=\"featured-image-copyright\"><\/div><\/div><\/div>\n\n\n<h2 class=\"wp-block-heading\" id=\"reakcije\">Reaktionen der Politiker<\/h2>\n\n\n\n<p>Bildungsminister Heinz Fa\u00dfmann bedauerte die Entscheidung des Verfassungsgerichts und sagte, dass es bedauerlich sei, dass \"M\u00e4dchen nicht die M\u00f6glichkeit haben, sich frei und ohne Zwang zu bilden\". <\/p>\n\n\n\n<p>FP\u00d6-Chef Norbert Hofer k\u00fcndigte an, dass er versuchen werde, die Mehrheit im Parlament zu nutzen, um das Gesetz zum Verbot des Tragens von Kopft\u00fcchern an Grundschulen erneut in Kraft zu setzen.<\/p>\n\n\n\n<p>Die Bundesregierung ist verpflichtet, den Beschwerdef\u00fchrern die Gerichtskosten in H\u00f6he von 3.640,80 Euro innerhalb von 14 Tagen zu erstatten.<\/p>\n\n\n\n<hr class=\"wp-block-separator has-css-opacity is-style-default\"\/>\n\n\n\n<p>Auf unserer Website finden Sie verschiedene Informationen zum Thema <a href=\"\/de\/glaubensgemeinschaften-in-wien\/\"><span class=\"has-inline-color has-vivid-red-color\">religi\u00f6se Gemeinschaften in Wien<\/span><\/a>.<\/p>\n\n\n\n<p class=\"has-text-align-right\" style=\"font-size:12px\">Der Text wurde rechtlich \u00fcberarbeitet von Juristin Danijela Todorovi\u0107.<\/p>","protected":false},"excerpt":{"rendered":"<p>Ustavni sud Republike ukinuo je u petak zakon o zabrani no\u0161enja marama u osnovnim \u0161kolama u Austriji. Presuda je punova\u017ena i odmah stupa na&#8230;<\/p>","protected":false},"author":3,"featured_media":6066,"comment_status":"closed","ping_status":"closed","sticky":false,"template":"","format":"standard","meta":{"_acf_changed":false,"_kad_blocks_custom_css":"","_kad_blocks_head_custom_js":"","_kad_blocks_body_custom_js":"","_kad_blocks_footer_custom_js":"","footnotes":""},"categories":[97,49],"tags":[311,312,83],"class_list":["post-6065","post","type-post","status-publish","format-standard","has-post-thumbnail","hentry","category-vesti-austrija","category-vesti","tag-islam","tag-sud","tag-zakon","entry","category-97","category-49"],"acf":[],"yoast_head":"<!-- This site is optimized with the Yoast SEO plugin v27.3 - https:\/\/yoast.com\/product\/yoast-seo-wordpress\/ -->\n<title>Ukinut zakon o zabrani no\u0161enja marama u osnovnim \u0161kolama<\/title>\n<meta name=\"description\" content=\"Ustavni sud Austrije ukinuo je zakon o zabrani no\u0161enja marama u osnovnim \u0161kolama koji je direktno poga\u0111ao pripadnike islamske verske zajednice u Austriji.\" \/>\n<meta name=\"robots\" content=\"index, follow, max-snippet:-1, max-image-preview:large, max-video-preview:-1\" \/>\n<link rel=\"canonical\" href=\"https:\/\/yuga.at\/de\/aufhebung-des-gesetzes-uber-das-verbot-des-tragens-von-kopftuchern-in-grundschulen\/\" \/>\n<meta property=\"og:locale\" content=\"de_DE\" \/>\n<meta property=\"og:type\" content=\"article\" \/>\n<meta property=\"og:title\" content=\"Ukinut zakon o zabrani no\u0161enja marama u osnovnim \u0161kolama\" \/>\n<meta property=\"og:description\" content=\"Ustavni sud Austrije ukinuo je zakon o zabrani no\u0161enja marama u osnovnim \u0161kolama koji je direktno poga\u0111ao pripadnike islamske verske zajednice u Austriji.\" \/>\n<meta property=\"og:url\" content=\"https:\/\/yuga.at\/de\/aufhebung-des-gesetzes-uber-das-verbot-des-tragens-von-kopftuchern-in-grundschulen\/\" \/>\n<meta property=\"og:site_name\" content=\"YUga.at\" \/>\n<meta property=\"article:publisher\" content=\"https:\/\/www.facebook.com\/yuga.austria\" \/>\n<meta property=\"article:published_time\" content=\"2020-12-13T15:13:08+00:00\" \/>\n<meta property=\"article:modified_time\" content=\"2022-09-25T07:49:10+00:00\" \/>\n<meta property=\"og:image\" content=\"https:\/\/yuga.at\/wp-content\/uploads\/zakon_o_zabrani_marama_u_skolama.jpg\" \/>\n\t<meta property=\"og:image:width\" content=\"1400\" \/>\n\t<meta property=\"og:image:height\" content=\"933\" \/>\n\t<meta property=\"og:image:type\" content=\"image\/jpeg\" \/>\n<meta name=\"author\" content=\"Srdjan\" \/>\n<meta name=\"twitter:card\" content=\"summary_large_image\" \/>\n<meta name=\"twitter:label1\" content=\"Verfasst von\" \/>\n\t<meta name=\"twitter:data1\" content=\"Srdjan\" \/>\n\t<meta name=\"twitter:label2\" content=\"Gesch\u00e4tzte Lesezeit\" \/>\n\t<meta name=\"twitter:data2\" content=\"2\u00a0Minuten\" \/>\n<script type=\"application\/ld+json\" class=\"yoast-schema-graph\">{\"@context\":\"https:\\\/\\\/schema.org\",\"@graph\":[{\"@type\":\"Article\",\"@id\":\"https:\\\/\\\/yuga.at\\\/zakon-o-zabrani-nosenja-marama\\\/#article\",\"isPartOf\":{\"@id\":\"https:\\\/\\\/yuga.at\\\/zakon-o-zabrani-nosenja-marama\\\/\"},\"author\":{\"name\":\"Srdjan\",\"@id\":\"https:\\\/\\\/yuga.at\\\/#\\\/schema\\\/person\\\/14afd7c6aa250e7d26d59b2f1a427184\"},\"headline\":\"Ukinut zakon o zabrani no\u0161enja marama u osnovnim \u0161kolama\",\"datePublished\":\"2020-12-13T15:13:08+00:00\",\"dateModified\":\"2022-09-25T07:49:10+00:00\",\"mainEntityOfPage\":{\"@id\":\"https:\\\/\\\/yuga.at\\\/zakon-o-zabrani-nosenja-marama\\\/\"},\"wordCount\":322,\"publisher\":{\"@id\":\"https:\\\/\\\/yuga.at\\\/#organization\"},\"image\":{\"@id\":\"https:\\\/\\\/yuga.at\\\/zakon-o-zabrani-nosenja-marama\\\/#primaryimage\"},\"thumbnailUrl\":\"https:\\\/\\\/yuga.at\\\/wp-content\\\/uploads\\\/zakon_o_zabrani_marama_u_skolama.jpg\",\"keywords\":[\"islam\",\"sud\",\"zakon\"],\"articleSection\":[\"Austrija\",\"Vesti\"],\"inLanguage\":\"de\"},{\"@type\":\"WebPage\",\"@id\":\"https:\\\/\\\/yuga.at\\\/zakon-o-zabrani-nosenja-marama\\\/\",\"url\":\"https:\\\/\\\/yuga.at\\\/zakon-o-zabrani-nosenja-marama\\\/\",\"name\":\"Ukinut zakon o zabrani no\u0161enja marama u osnovnim \u0161kolama\",\"isPartOf\":{\"@id\":\"https:\\\/\\\/yuga.at\\\/#website\"},\"primaryImageOfPage\":{\"@id\":\"https:\\\/\\\/yuga.at\\\/zakon-o-zabrani-nosenja-marama\\\/#primaryimage\"},\"image\":{\"@id\":\"https:\\\/\\\/yuga.at\\\/zakon-o-zabrani-nosenja-marama\\\/#primaryimage\"},\"thumbnailUrl\":\"https:\\\/\\\/yuga.at\\\/wp-content\\\/uploads\\\/zakon_o_zabrani_marama_u_skolama.jpg\",\"datePublished\":\"2020-12-13T15:13:08+00:00\",\"dateModified\":\"2022-09-25T07:49:10+00:00\",\"description\":\"Ustavni sud Austrije ukinuo je zakon o zabrani no\u0161enja marama u osnovnim \u0161kolama koji je direktno poga\u0111ao pripadnike islamske verske zajednice u Austriji.\",\"breadcrumb\":{\"@id\":\"https:\\\/\\\/yuga.at\\\/zakon-o-zabrani-nosenja-marama\\\/#breadcrumb\"},\"inLanguage\":\"de\",\"potentialAction\":[{\"@type\":\"ReadAction\",\"target\":[\"https:\\\/\\\/yuga.at\\\/zakon-o-zabrani-nosenja-marama\\\/\"]}]},{\"@type\":\"ImageObject\",\"inLanguage\":\"de\",\"@id\":\"https:\\\/\\\/yuga.at\\\/zakon-o-zabrani-nosenja-marama\\\/#primaryimage\",\"url\":\"https:\\\/\\\/yuga.at\\\/wp-content\\\/uploads\\\/zakon_o_zabrani_marama_u_skolama.jpg\",\"contentUrl\":\"https:\\\/\\\/yuga.at\\\/wp-content\\\/uploads\\\/zakon_o_zabrani_marama_u_skolama.jpg\",\"width\":1400,\"height\":933,\"caption\":\"Zakon o maramama u skolama\"},{\"@type\":\"BreadcrumbList\",\"@id\":\"https:\\\/\\\/yuga.at\\\/zakon-o-zabrani-nosenja-marama\\\/#breadcrumb\",\"itemListElement\":[{\"@type\":\"ListItem\",\"position\":1,\"name\":\"Home\",\"item\":\"https:\\\/\\\/yuga.at\\\/\"},{\"@type\":\"ListItem\",\"position\":2,\"name\":\"Ukinut zakon o zabrani no\u0161enja marama u osnovnim \u0161kolama\"}]},{\"@type\":\"WebSite\",\"@id\":\"https:\\\/\\\/yuga.at\\\/#website\",\"url\":\"https:\\\/\\\/yuga.at\\\/\",\"name\":\"YUga.at\",\"description\":\"exYU Portal\",\"publisher\":{\"@id\":\"https:\\\/\\\/yuga.at\\\/#organization\"},\"potentialAction\":[{\"@type\":\"SearchAction\",\"target\":{\"@type\":\"EntryPoint\",\"urlTemplate\":\"https:\\\/\\\/yuga.at\\\/?s={search_term_string}\"},\"query-input\":{\"@type\":\"PropertyValueSpecification\",\"valueRequired\":true,\"valueName\":\"search_term_string\"}}],\"inLanguage\":\"de\"},{\"@type\":\"Organization\",\"@id\":\"https:\\\/\\\/yuga.at\\\/#organization\",\"name\":\"YUga.at\",\"url\":\"https:\\\/\\\/yuga.at\\\/\",\"logo\":{\"@type\":\"ImageObject\",\"inLanguage\":\"de\",\"@id\":\"https:\\\/\\\/yuga.at\\\/#\\\/schema\\\/logo\\\/image\\\/\",\"url\":\"https:\\\/\\\/yuga.at\\\/wp-content\\\/uploads\\\/yuga-logo-black-250.png\",\"contentUrl\":\"https:\\\/\\\/yuga.at\\\/wp-content\\\/uploads\\\/yuga-logo-black-250.png\",\"width\":250,\"height\":143,\"caption\":\"YUga.at\"},\"image\":{\"@id\":\"https:\\\/\\\/yuga.at\\\/#\\\/schema\\\/logo\\\/image\\\/\"},\"sameAs\":[\"https:\\\/\\\/www.facebook.com\\\/yuga.austria\",\"https:\\\/\\\/www.instagram.com\\\/yuga.at\\\/\"]},{\"@type\":\"Person\",\"@id\":\"https:\\\/\\\/yuga.at\\\/#\\\/schema\\\/person\\\/14afd7c6aa250e7d26d59b2f1a427184\",\"name\":\"Srdjan\",\"image\":{\"@type\":\"ImageObject\",\"inLanguage\":\"de\",\"@id\":\"https:\\\/\\\/secure.gravatar.com\\\/avatar\\\/5b6efe7dbc2c19685b2905878731fe11236889e186ff9c7df9039e75f5680008?s=96&d=mm&r=g\",\"url\":\"https:\\\/\\\/secure.gravatar.com\\\/avatar\\\/5b6efe7dbc2c19685b2905878731fe11236889e186ff9c7df9039e75f5680008?s=96&d=mm&r=g\",\"contentUrl\":\"https:\\\/\\\/secure.gravatar.com\\\/avatar\\\/5b6efe7dbc2c19685b2905878731fe11236889e186ff9c7df9039e75f5680008?s=96&d=mm&r=g\",\"caption\":\"Srdjan\"}}]}<\/script>\n<!-- \/ Yoast SEO plugin. -->","yoast_head_json":{"title":"Aufhebung des Gesetzes \u00fcber das Verbot des Tragens von Kopft\u00fcchern in Grundschulen","description":"Der \u00f6sterreichische Verfassungsgerichtshof hob das Gesetz auf, das das Tragen von Kopft\u00fcchern in Grundschulen verbot, was sich unmittelbar auf Angeh\u00f6rige der islamischen Glaubensgemeinschaft in \u00d6sterreich auswirkte.","robots":{"index":"index","follow":"follow","max-snippet":"max-snippet:-1","max-image-preview":"max-image-preview:large","max-video-preview":"max-video-preview:-1"},"canonical":"https:\/\/yuga.at\/de\/aufhebung-des-gesetzes-uber-das-verbot-des-tragens-von-kopftuchern-in-grundschulen\/","og_locale":"de_DE","og_type":"article","og_title":"Ukinut zakon o zabrani no\u0161enja marama u osnovnim \u0161kolama","og_description":"Ustavni sud Austrije ukinuo je zakon o zabrani no\u0161enja marama u osnovnim \u0161kolama koji je direktno poga\u0111ao pripadnike islamske verske zajednice u Austriji.","og_url":"https:\/\/yuga.at\/de\/aufhebung-des-gesetzes-uber-das-verbot-des-tragens-von-kopftuchern-in-grundschulen\/","og_site_name":"YUga.at","article_publisher":"https:\/\/www.facebook.com\/yuga.austria","article_published_time":"2020-12-13T15:13:08+00:00","article_modified_time":"2022-09-25T07:49:10+00:00","og_image":[{"width":1400,"height":933,"url":"https:\/\/yuga.at\/wp-content\/uploads\/zakon_o_zabrani_marama_u_skolama.jpg","type":"image\/jpeg"}],"author":"Srdjan","twitter_card":"summary_large_image","twitter_misc":{"Verfasst von":"Srdjan","Gesch\u00e4tzte Lesezeit":"2\u00a0Minuten"},"schema":{"@context":"https:\/\/schema.org","@graph":[{"@type":"Article","@id":"https:\/\/yuga.at\/zakon-o-zabrani-nosenja-marama\/#article","isPartOf":{"@id":"https:\/\/yuga.at\/zakon-o-zabrani-nosenja-marama\/"},"author":{"name":"Srdjan","@id":"https:\/\/yuga.at\/#\/schema\/person\/14afd7c6aa250e7d26d59b2f1a427184"},"headline":"Ukinut zakon o zabrani no\u0161enja marama u osnovnim \u0161kolama","datePublished":"2020-12-13T15:13:08+00:00","dateModified":"2022-09-25T07:49:10+00:00","mainEntityOfPage":{"@id":"https:\/\/yuga.at\/zakon-o-zabrani-nosenja-marama\/"},"wordCount":322,"publisher":{"@id":"https:\/\/yuga.at\/#organization"},"image":{"@id":"https:\/\/yuga.at\/zakon-o-zabrani-nosenja-marama\/#primaryimage"},"thumbnailUrl":"https:\/\/yuga.at\/wp-content\/uploads\/zakon_o_zabrani_marama_u_skolama.jpg","keywords":["islam","sud","zakon"],"articleSection":["Austrija","Vesti"],"inLanguage":"de"},{"@type":"WebPage","@id":"https:\/\/yuga.at\/zakon-o-zabrani-nosenja-marama\/","url":"https:\/\/yuga.at\/zakon-o-zabrani-nosenja-marama\/","name":"Aufhebung des Gesetzes \u00fcber das Verbot des Tragens von Kopft\u00fcchern in Grundschulen","isPartOf":{"@id":"https:\/\/yuga.at\/#website"},"primaryImageOfPage":{"@id":"https:\/\/yuga.at\/zakon-o-zabrani-nosenja-marama\/#primaryimage"},"image":{"@id":"https:\/\/yuga.at\/zakon-o-zabrani-nosenja-marama\/#primaryimage"},"thumbnailUrl":"https:\/\/yuga.at\/wp-content\/uploads\/zakon_o_zabrani_marama_u_skolama.jpg","datePublished":"2020-12-13T15:13:08+00:00","dateModified":"2022-09-25T07:49:10+00:00","description":"Der \u00f6sterreichische Verfassungsgerichtshof hob das Gesetz auf, das das Tragen von Kopft\u00fcchern in Grundschulen verbot, was sich unmittelbar auf Angeh\u00f6rige der islamischen Glaubensgemeinschaft in \u00d6sterreich auswirkte.","breadcrumb":{"@id":"https:\/\/yuga.at\/zakon-o-zabrani-nosenja-marama\/#breadcrumb"},"inLanguage":"de","potentialAction":[{"@type":"ReadAction","target":["https:\/\/yuga.at\/zakon-o-zabrani-nosenja-marama\/"]}]},{"@type":"ImageObject","inLanguage":"de","@id":"https:\/\/yuga.at\/zakon-o-zabrani-nosenja-marama\/#primaryimage","url":"https:\/\/yuga.at\/wp-content\/uploads\/zakon_o_zabrani_marama_u_skolama.jpg","contentUrl":"https:\/\/yuga.at\/wp-content\/uploads\/zakon_o_zabrani_marama_u_skolama.jpg","width":1400,"height":933,"caption":"Zakon o maramama u skolama"},{"@type":"BreadcrumbList","@id":"https:\/\/yuga.at\/zakon-o-zabrani-nosenja-marama\/#breadcrumb","itemListElement":[{"@type":"ListItem","position":1,"name":"Home","item":"https:\/\/yuga.at\/"},{"@type":"ListItem","position":2,"name":"Ukinut zakon o zabrani no\u0161enja marama u osnovnim \u0161kolama"}]},{"@type":"WebSite","@id":"https:\/\/yuga.at\/#website","url":"https:\/\/yuga.at\/","name":"YUga.at","description":"exYU Portal","publisher":{"@id":"https:\/\/yuga.at\/#organization"},"potentialAction":[{"@type":"SearchAction","target":{"@type":"EntryPoint","urlTemplate":"https:\/\/yuga.at\/?s={search_term_string}"},"query-input":{"@type":"PropertyValueSpecification","valueRequired":true,"valueName":"search_term_string"}}],"inLanguage":"de"},{"@type":"Organization","@id":"https:\/\/yuga.at\/#organization","name":"YUga.at","url":"https:\/\/yuga.at\/","logo":{"@type":"ImageObject","inLanguage":"de","@id":"https:\/\/yuga.at\/#\/schema\/logo\/image\/","url":"https:\/\/yuga.at\/wp-content\/uploads\/yuga-logo-black-250.png","contentUrl":"https:\/\/yuga.at\/wp-content\/uploads\/yuga-logo-black-250.png","width":250,"height":143,"caption":"YUga.at"},"image":{"@id":"https:\/\/yuga.at\/#\/schema\/logo\/image\/"},"sameAs":["https:\/\/www.facebook.com\/yuga.austria","https:\/\/www.instagram.com\/yuga.at\/"]},{"@type":"Person","@id":"https:\/\/yuga.at\/#\/schema\/person\/14afd7c6aa250e7d26d59b2f1a427184","name":"Srdjan","image":{"@type":"ImageObject","inLanguage":"de","@id":"https:\/\/secure.gravatar.com\/avatar\/5b6efe7dbc2c19685b2905878731fe11236889e186ff9c7df9039e75f5680008?s=96&d=mm&r=g","url":"https:\/\/secure.gravatar.com\/avatar\/5b6efe7dbc2c19685b2905878731fe11236889e186ff9c7df9039e75f5680008?s=96&d=mm&r=g","contentUrl":"https:\/\/secure.gravatar.com\/avatar\/5b6efe7dbc2c19685b2905878731fe11236889e186ff9c7df9039e75f5680008?s=96&d=mm&r=g","caption":"Srdjan"}}]}},"taxonomy_info":{"category":[{"value":97,"label":"Austrija"},{"value":49,"label":"Vesti"}],"post_tag":[{"value":311,"label":"islam"},{"value":312,"label":"sud"},{"value":83,"label":"zakon"}]},"featured_image_src_large":["https:\/\/yuga.at\/wp-content\/uploads\/zakon_o_zabrani_marama_u_skolama.jpg",798,532,false],"author_info":{"display_name":"Srdjan","author_link":"https:\/\/yuga.at\/de\/author\/srdjan\/"},"comment_info":0,"category_info":[{"term_id":97,"name":"Austrija","slug":"vesti-austrija","term_group":0,"term_taxonomy_id":97,"taxonomy":"category","description":"Vesti iz Austrije","parent":49,"count":99,"filter":"raw","cat_ID":97,"category_count":99,"category_description":"Vesti iz Austrije","cat_name":"Austrija","category_nicename":"vesti-austrija","category_parent":49},{"term_id":49,"name":"Vesti","slug":"vesti","term_group":0,"term_taxonomy_id":49,"taxonomy":"category","description":"Najnovije vesti","parent":0,"count":103,"filter":"raw","cat_ID":49,"category_count":103,"category_description":"Najnovije vesti","cat_name":"Vesti","category_nicename":"vesti","category_parent":0}],"tag_info":[{"term_id":311,"name":"islam","slug":"islam","term_group":0,"term_taxonomy_id":311,"taxonomy":"post_tag","description":"","parent":0,"count":1,"filter":"raw"},{"term_id":312,"name":"sud","slug":"sud","term_group":0,"term_taxonomy_id":312,"taxonomy":"post_tag","description":"","parent":0,"count":2,"filter":"raw"},{"term_id":83,"name":"zakon","slug":"zakon","term_group":0,"term_taxonomy_id":83,"taxonomy":"post_tag","description":"","parent":0,"count":32,"filter":"raw"}],"_links":{"self":[{"href":"https:\/\/yuga.at\/de\/wp-json\/wp\/v2\/posts\/6065","targetHints":{"allow":["GET"]}}],"collection":[{"href":"https:\/\/yuga.at\/de\/wp-json\/wp\/v2\/posts"}],"about":[{"href":"https:\/\/yuga.at\/de\/wp-json\/wp\/v2\/types\/post"}],"author":[{"embeddable":true,"href":"https:\/\/yuga.at\/de\/wp-json\/wp\/v2\/users\/3"}],"replies":[{"embeddable":true,"href":"https:\/\/yuga.at\/de\/wp-json\/wp\/v2\/comments?post=6065"}],"version-history":[{"count":9,"href":"https:\/\/yuga.at\/de\/wp-json\/wp\/v2\/posts\/6065\/revisions"}],"predecessor-version":[{"id":11071,"href":"https:\/\/yuga.at\/de\/wp-json\/wp\/v2\/posts\/6065\/revisions\/11071"}],"wp:featuredmedia":[{"embeddable":true,"href":"https:\/\/yuga.at\/de\/wp-json\/wp\/v2\/media\/6066"}],"wp:attachment":[{"href":"https:\/\/yuga.at\/de\/wp-json\/wp\/v2\/media?parent=6065"}],"wp:term":[{"taxonomy":"category","embeddable":true,"href":"https:\/\/yuga.at\/de\/wp-json\/wp\/v2\/categories?post=6065"},{"taxonomy":"post_tag","embeddable":true,"href":"https:\/\/yuga.at\/de\/wp-json\/wp\/v2\/tags?post=6065"}],"curies":[{"name":"wp","href":"https:\/\/api.w.org\/{rel}","templated":true}]}}