{"id":6248,"date":"2020-12-29T08:39:24","date_gmt":"2020-12-29T07:39:24","guid":{"rendered":"https:\/\/yuga.at\/?p=6248"},"modified":"2022-09-25T09:48:02","modified_gmt":"2022-09-25T07:48:02","slug":"taxi-in-osterreich","status":"publish","type":"post","link":"https:\/\/yuga.at\/de\/taxi-u-austriji\/","title":{"rendered":"Taxi in \u00d6sterreich 2021."},"content":{"rendered":"<p>Ab 2021 erh\u00e4lt das Taxi in \u00d6sterreich zus\u00e4tzliche Optionen. Neben der \u00fcblichen Abrechnung pro gefahrenem Kilometer kann auch ein fester bzw. Pauschalpreis vereinbart werden.<\/p>\n\n\n\n<h2 class=\"wp-block-heading\" id=\"cena\">Fester Preis f\u00fcr Taxifahrten<\/h2>\n\n\n\n<p>Der Fahrpreis kann sowohl vor Ort als auch \u00fcber die App im Voraus mit dem Fahrer vereinbart werden. <\/p>\n\n\n\n<p>Wenn ein Preis festgelegt wird, wird das Taximeter ausgeschaltet und der Betrag kann nicht mehr ge\u00e4ndert werden. Die Mindestgeb\u00fchr betr\u00e4gt 5 Euro.<\/p>\n\n\n\n<h2 class=\"wp-block-heading\" id=\"putnici\">Fahrgemeinschaften<\/h2>\n\n\n\n<p>Eine Neuerung ist, dass der Taxifahrer unterwegs anhalten und neue Fahrg\u00e4ste aufnehmen kann, die in der Zwischenzeit eine Fahrt anfordern.<\/p>\n\n\n\n<p>Dies muss im Voraus vereinbart werden. Die Fahrg\u00e4ste m\u00fcssen die Route, die Fahrtdauer und den Preis kennen. Der Mindestpreis f\u00fcr diese Art von Fahrt betr\u00e4gt 3 Euro.<\/p>\n\n\n\n<p>Es kann auch mit dem Taxifahrer vereinbart werden, keine Zwischenstopps zu machen, aber in diesem Fall wird der Pauschalpreis h\u00f6her sein.<\/p>\n\n\n\n<h2 class=\"wp-block-heading\" id=\"taksisti\">Unzufriedene Taxifahrer<\/h2>\n\n\n\n<p>Die \u00f6sterreichischen Taxifahrer sind \u00fcberhaupt nicht zufrieden mit den neuen Bestimmungen, die ab 2021 gelten werden. <\/p>\n\n\n\n<p>Sie sind der Ansicht, dass damit alternative Dienste wie Uber oder Bolt unterst\u00fctzt werden, \u00fcber die sich Taxifahrer seit Jahren beschweren, dass sie ihnen die Arbeit wegnehmen.<\/p>\n\n\n<div class=\"wp-block-image is-style-default\"><div class=\"copyright-image-large\" style=\"position: relative\">\n<figure class=\"aligncenter size-large\"><a href=\"https:\/\/yuga.at\/wp-content\/uploads\/wiener_taxi.jpg\"><img loading=\"lazy\" decoding=\"async\" width=\"1404\" height=\"685\" src=\"https:\/\/yuga.at\/wp-content\/uploads\/wiener_taxi-1404x685.jpg\" alt=\"becki taksi\" class=\"wp-image-6249\" srcset=\"https:\/\/yuga.at\/wp-content\/uploads\/wiener_taxi-1404x685.jpg 1404w, https:\/\/yuga.at\/wp-content\/uploads\/wiener_taxi-978x478.jpg 978w, https:\/\/yuga.at\/wp-content\/uploads\/wiener_taxi-768x375.jpg 768w, https:\/\/yuga.at\/wp-content\/uploads\/wiener_taxi-1536x750.jpg 1536w, https:\/\/yuga.at\/wp-content\/uploads\/wiener_taxi-2048x1000.jpg 2048w, https:\/\/yuga.at\/wp-content\/uploads\/wiener_taxi-50x24.jpg 50w\" sizes=\"auto, (max-width: 1404px) 100vw, 1404px\" \/><\/a><\/figure>\n<div class=\"featured-image-copyright\">Reuters<\/div><\/div><\/div>\n\n\n<h2 class=\"wp-block-heading\" id=\"statistika\">Statistik<\/h2>\n\n\n\n<p>In \u00d6sterreich gibt es insgesamt etwa 10.000 Taxifahrzeuge, von denen fast die H\u00e4lfte in Wien unterwegs ist. <\/p>\n\n\n\n<p>In der Hauptstadt werden j\u00e4hrlich etwa 12 Millionen Taxifahrten durchgef\u00fchrt. Zu dieser Zahl kommen noch die alternativen Transportm\u00f6glichkeiten hinzu, die oben erw\u00e4hnt wurden. <\/p>\n\n\n\n<p>Hier finden Sie einige <a href=\"https:\/\/www.taxi-rechner.de\/statistik\/at-%C3%B6sterreich\" target=\"_blank\" rel=\"noreferrer noopener\"><span class=\"has-inline-color has-vivid-red-color\">statistische Daten<\/span><\/a> zum Taxi in \u00d6sterreich.<\/p>\n\n\n\n<p>Taxifahrer werden \u00e4hnlich wie Kellner recht gering bezahlt, da sie auf Trinkgelder angewiesen sind.<\/p>\n\n\n\n<p>Das Bruttogehalt eines Wiener Taxifahrers betr\u00e4gt rund 1500 Euro (Stand: Dezember 2020), was deutlich unter dem Durchschnitt liegt, und Nachtarbeit wird nicht extra verg\u00fctet.<\/p>\n\n\n\n<hr class=\"wp-block-separator has-css-opacity\"\/>\n\n\n\n<p>Auf folgendem Link finden Sie weitere Informationen zu klassischen und alternativen <a href=\"\/de\/taxi-in-wien\/\"><span class=\"has-inline-color has-vivid-red-color\">Taxidiensten.<\/span><\/a><\/p>\n\n\n\n<p>Au\u00dferdem finden Sie in unseren Services Anbieter, die verkehren auf die Strecke <a href=\"\/de\/transportunternehmen-wien-exyu\/\"><span class=\"has-inline-color has-vivid-red-color\">Wien - ExYu.<\/span><\/a><\/p>","protected":false},"excerpt":{"rendered":"<p>Od 2021. godine Taxi u Austriji dobija dodatne opcije. Osim uobi\u010dajenog pla\u0107anja po pre\u0111enom kilometru mo\u0107i \u0107e da se dogovori i fiksna tj. pau\u0161alna&#8230;<\/p>","protected":false},"author":3,"featured_media":5962,"comment_status":"closed","ping_status":"closed","sticky":false,"template":"","format":"standard","meta":{"_acf_changed":false,"_kad_blocks_custom_css":"","_kad_blocks_head_custom_js":"","_kad_blocks_body_custom_js":"","_kad_blocks_footer_custom_js":"","footnotes":""},"categories":[97,49],"tags":[90,270,83],"class_list":["post-6248","post","type-post","status-publish","format-standard","has-post-thumbnail","hentry","category-vesti-austrija","category-vesti","tag-prevoz","tag-taxi","tag-zakon","entry","category-97","category-49"],"acf":[],"yoast_head":"<!-- This site is optimized with the Yoast SEO plugin v27.3 - https:\/\/yoast.com\/product\/yoast-seo-wordpress\/ -->\n<title>Taxi u Austriji 2021.<\/title>\n<meta name=\"description\" content=\"Od 2021. godine Taxi u Austriji \u0107e osim uobi\u010dajenog pla\u0107anja po pre\u0111enom kilometru mo\u0107i da se plati i fiksno tj. pau\u0161alno.\" \/>\n<meta name=\"robots\" content=\"index, follow, max-snippet:-1, max-image-preview:large, max-video-preview:-1\" \/>\n<link rel=\"canonical\" href=\"https:\/\/yuga.at\/de\/taxi-in-osterreich\/\" \/>\n<meta property=\"og:locale\" content=\"de_DE\" \/>\n<meta property=\"og:type\" content=\"article\" \/>\n<meta property=\"og:title\" content=\"Taxi u Austriji 2021.\" \/>\n<meta property=\"og:description\" content=\"Od 2021. godine Taxi u Austriji \u0107e osim uobi\u010dajenog pla\u0107anja po pre\u0111enom kilometru mo\u0107i da se plati i fiksno tj. pau\u0161alno.\" \/>\n<meta property=\"og:url\" content=\"https:\/\/yuga.at\/de\/taxi-in-osterreich\/\" \/>\n<meta property=\"og:site_name\" content=\"YUga.at\" \/>\n<meta property=\"article:publisher\" content=\"https:\/\/www.facebook.com\/yuga.austria\" \/>\n<meta property=\"article:published_time\" content=\"2020-12-29T07:39:24+00:00\" \/>\n<meta property=\"article:modified_time\" content=\"2022-09-25T07:48:02+00:00\" \/>\n<meta property=\"og:image\" content=\"https:\/\/yuga.at\/wp-content\/uploads\/taxi-bec.jpg\" \/>\n\t<meta property=\"og:image:width\" content=\"1400\" \/>\n\t<meta property=\"og:image:height\" content=\"933\" \/>\n\t<meta property=\"og:image:type\" content=\"image\/jpeg\" \/>\n<meta name=\"author\" content=\"Srdjan\" \/>\n<meta name=\"twitter:card\" content=\"summary_large_image\" \/>\n<meta name=\"twitter:label1\" content=\"Verfasst von\" \/>\n\t<meta name=\"twitter:data1\" content=\"Srdjan\" \/>\n<script type=\"application\/ld+json\" class=\"yoast-schema-graph\">{\"@context\":\"https:\\\/\\\/schema.org\",\"@graph\":[{\"@type\":\"Article\",\"@id\":\"https:\\\/\\\/yuga.at\\\/taxi-u-austriji\\\/#article\",\"isPartOf\":{\"@id\":\"https:\\\/\\\/yuga.at\\\/taxi-u-austriji\\\/\"},\"author\":{\"name\":\"Srdjan\",\"@id\":\"https:\\\/\\\/yuga.at\\\/#\\\/schema\\\/person\\\/14afd7c6aa250e7d26d59b2f1a427184\"},\"headline\":\"Taxi u Austriji 2021.\",\"datePublished\":\"2020-12-29T07:39:24+00:00\",\"dateModified\":\"2022-09-25T07:48:02+00:00\",\"mainEntityOfPage\":{\"@id\":\"https:\\\/\\\/yuga.at\\\/taxi-u-austriji\\\/\"},\"wordCount\":346,\"publisher\":{\"@id\":\"https:\\\/\\\/yuga.at\\\/#organization\"},\"image\":{\"@id\":\"https:\\\/\\\/yuga.at\\\/taxi-u-austriji\\\/#primaryimage\"},\"thumbnailUrl\":\"https:\\\/\\\/yuga.at\\\/wp-content\\\/uploads\\\/taxi-bec.jpg\",\"keywords\":[\"prevoz\",\"taxi\",\"zakon\"],\"articleSection\":[\"Austrija\",\"Vesti\"],\"inLanguage\":\"de\"},{\"@type\":\"WebPage\",\"@id\":\"https:\\\/\\\/yuga.at\\\/taxi-u-austriji\\\/\",\"url\":\"https:\\\/\\\/yuga.at\\\/taxi-u-austriji\\\/\",\"name\":\"Taxi u Austriji 2021.\",\"isPartOf\":{\"@id\":\"https:\\\/\\\/yuga.at\\\/#website\"},\"primaryImageOfPage\":{\"@id\":\"https:\\\/\\\/yuga.at\\\/taxi-u-austriji\\\/#primaryimage\"},\"image\":{\"@id\":\"https:\\\/\\\/yuga.at\\\/taxi-u-austriji\\\/#primaryimage\"},\"thumbnailUrl\":\"https:\\\/\\\/yuga.at\\\/wp-content\\\/uploads\\\/taxi-bec.jpg\",\"datePublished\":\"2020-12-29T07:39:24+00:00\",\"dateModified\":\"2022-09-25T07:48:02+00:00\",\"description\":\"Od 2021. godine Taxi u Austriji \u0107e osim uobi\u010dajenog pla\u0107anja po pre\u0111enom kilometru mo\u0107i da se plati i fiksno tj. pau\u0161alno.\",\"breadcrumb\":{\"@id\":\"https:\\\/\\\/yuga.at\\\/taxi-u-austriji\\\/#breadcrumb\"},\"inLanguage\":\"de\",\"potentialAction\":[{\"@type\":\"ReadAction\",\"target\":[\"https:\\\/\\\/yuga.at\\\/taxi-u-austriji\\\/\"]}]},{\"@type\":\"ImageObject\",\"inLanguage\":\"de\",\"@id\":\"https:\\\/\\\/yuga.at\\\/taxi-u-austriji\\\/#primaryimage\",\"url\":\"https:\\\/\\\/yuga.at\\\/wp-content\\\/uploads\\\/taxi-bec.jpg\",\"contentUrl\":\"https:\\\/\\\/yuga.at\\\/wp-content\\\/uploads\\\/taxi-bec.jpg\",\"width\":1400,\"height\":933,\"caption\":\"taxi bec\"},{\"@type\":\"BreadcrumbList\",\"@id\":\"https:\\\/\\\/yuga.at\\\/taxi-u-austriji\\\/#breadcrumb\",\"itemListElement\":[{\"@type\":\"ListItem\",\"position\":1,\"name\":\"Home\",\"item\":\"https:\\\/\\\/yuga.at\\\/\"},{\"@type\":\"ListItem\",\"position\":2,\"name\":\"Taxi u Austriji 2021.\"}]},{\"@type\":\"WebSite\",\"@id\":\"https:\\\/\\\/yuga.at\\\/#website\",\"url\":\"https:\\\/\\\/yuga.at\\\/\",\"name\":\"YUga.at\",\"description\":\"exYU Portal\",\"publisher\":{\"@id\":\"https:\\\/\\\/yuga.at\\\/#organization\"},\"potentialAction\":[{\"@type\":\"SearchAction\",\"target\":{\"@type\":\"EntryPoint\",\"urlTemplate\":\"https:\\\/\\\/yuga.at\\\/?s={search_term_string}\"},\"query-input\":{\"@type\":\"PropertyValueSpecification\",\"valueRequired\":true,\"valueName\":\"search_term_string\"}}],\"inLanguage\":\"de\"},{\"@type\":\"Organization\",\"@id\":\"https:\\\/\\\/yuga.at\\\/#organization\",\"name\":\"YUga.at\",\"url\":\"https:\\\/\\\/yuga.at\\\/\",\"logo\":{\"@type\":\"ImageObject\",\"inLanguage\":\"de\",\"@id\":\"https:\\\/\\\/yuga.at\\\/#\\\/schema\\\/logo\\\/image\\\/\",\"url\":\"https:\\\/\\\/yuga.at\\\/wp-content\\\/uploads\\\/yuga-logo-black-250.png\",\"contentUrl\":\"https:\\\/\\\/yuga.at\\\/wp-content\\\/uploads\\\/yuga-logo-black-250.png\",\"width\":250,\"height\":143,\"caption\":\"YUga.at\"},\"image\":{\"@id\":\"https:\\\/\\\/yuga.at\\\/#\\\/schema\\\/logo\\\/image\\\/\"},\"sameAs\":[\"https:\\\/\\\/www.facebook.com\\\/yuga.austria\",\"https:\\\/\\\/www.instagram.com\\\/yuga.at\\\/\"]},{\"@type\":\"Person\",\"@id\":\"https:\\\/\\\/yuga.at\\\/#\\\/schema\\\/person\\\/14afd7c6aa250e7d26d59b2f1a427184\",\"name\":\"Srdjan\",\"image\":{\"@type\":\"ImageObject\",\"inLanguage\":\"de\",\"@id\":\"https:\\\/\\\/secure.gravatar.com\\\/avatar\\\/5b6efe7dbc2c19685b2905878731fe11236889e186ff9c7df9039e75f5680008?s=96&d=mm&r=g\",\"url\":\"https:\\\/\\\/secure.gravatar.com\\\/avatar\\\/5b6efe7dbc2c19685b2905878731fe11236889e186ff9c7df9039e75f5680008?s=96&d=mm&r=g\",\"contentUrl\":\"https:\\\/\\\/secure.gravatar.com\\\/avatar\\\/5b6efe7dbc2c19685b2905878731fe11236889e186ff9c7df9039e75f5680008?s=96&d=mm&r=g\",\"caption\":\"Srdjan\"}}]}<\/script>\n<!-- \/ Yoast SEO plugin. -->","yoast_head_json":{"title":"Taxi in \u00d6sterreich 2021.","description":"Ab 2021 k\u00f6nnen Taxis in \u00d6sterreich zus\u00e4tzlich zum \u00fcblichen Entgelt pro gefahrenem Kilometer eine feste Geb\u00fchr zahlen, d. h. Pauschale.","robots":{"index":"index","follow":"follow","max-snippet":"max-snippet:-1","max-image-preview":"max-image-preview:large","max-video-preview":"max-video-preview:-1"},"canonical":"https:\/\/yuga.at\/de\/taxi-in-osterreich\/","og_locale":"de_DE","og_type":"article","og_title":"Taxi u Austriji 2021.","og_description":"Od 2021. godine Taxi u Austriji \u0107e osim uobi\u010dajenog pla\u0107anja po pre\u0111enom kilometru mo\u0107i da se plati i fiksno tj. pau\u0161alno.","og_url":"https:\/\/yuga.at\/de\/taxi-in-osterreich\/","og_site_name":"YUga.at","article_publisher":"https:\/\/www.facebook.com\/yuga.austria","article_published_time":"2020-12-29T07:39:24+00:00","article_modified_time":"2022-09-25T07:48:02+00:00","og_image":[{"width":1400,"height":933,"url":"https:\/\/yuga.at\/wp-content\/uploads\/taxi-bec.jpg","type":"image\/jpeg"}],"author":"Srdjan","twitter_card":"summary_large_image","twitter_misc":{"Verfasst von":"Srdjan"},"schema":{"@context":"https:\/\/schema.org","@graph":[{"@type":"Article","@id":"https:\/\/yuga.at\/taxi-u-austriji\/#article","isPartOf":{"@id":"https:\/\/yuga.at\/taxi-u-austriji\/"},"author":{"name":"Srdjan","@id":"https:\/\/yuga.at\/#\/schema\/person\/14afd7c6aa250e7d26d59b2f1a427184"},"headline":"Taxi u Austriji 2021.","datePublished":"2020-12-29T07:39:24+00:00","dateModified":"2022-09-25T07:48:02+00:00","mainEntityOfPage":{"@id":"https:\/\/yuga.at\/taxi-u-austriji\/"},"wordCount":346,"publisher":{"@id":"https:\/\/yuga.at\/#organization"},"image":{"@id":"https:\/\/yuga.at\/taxi-u-austriji\/#primaryimage"},"thumbnailUrl":"https:\/\/yuga.at\/wp-content\/uploads\/taxi-bec.jpg","keywords":["prevoz","taxi","zakon"],"articleSection":["Austrija","Vesti"],"inLanguage":"de"},{"@type":"WebPage","@id":"https:\/\/yuga.at\/taxi-u-austriji\/","url":"https:\/\/yuga.at\/taxi-u-austriji\/","name":"Taxi in \u00d6sterreich 2021.","isPartOf":{"@id":"https:\/\/yuga.at\/#website"},"primaryImageOfPage":{"@id":"https:\/\/yuga.at\/taxi-u-austriji\/#primaryimage"},"image":{"@id":"https:\/\/yuga.at\/taxi-u-austriji\/#primaryimage"},"thumbnailUrl":"https:\/\/yuga.at\/wp-content\/uploads\/taxi-bec.jpg","datePublished":"2020-12-29T07:39:24+00:00","dateModified":"2022-09-25T07:48:02+00:00","description":"Ab 2021 k\u00f6nnen Taxis in \u00d6sterreich zus\u00e4tzlich zum \u00fcblichen Entgelt pro gefahrenem Kilometer eine feste Geb\u00fchr zahlen, d. h. Pauschale.","breadcrumb":{"@id":"https:\/\/yuga.at\/taxi-u-austriji\/#breadcrumb"},"inLanguage":"de","potentialAction":[{"@type":"ReadAction","target":["https:\/\/yuga.at\/taxi-u-austriji\/"]}]},{"@type":"ImageObject","inLanguage":"de","@id":"https:\/\/yuga.at\/taxi-u-austriji\/#primaryimage","url":"https:\/\/yuga.at\/wp-content\/uploads\/taxi-bec.jpg","contentUrl":"https:\/\/yuga.at\/wp-content\/uploads\/taxi-bec.jpg","width":1400,"height":933,"caption":"taxi bec"},{"@type":"BreadcrumbList","@id":"https:\/\/yuga.at\/taxi-u-austriji\/#breadcrumb","itemListElement":[{"@type":"ListItem","position":1,"name":"Home","item":"https:\/\/yuga.at\/"},{"@type":"ListItem","position":2,"name":"Taxi u Austriji 2021."}]},{"@type":"WebSite","@id":"https:\/\/yuga.at\/#website","url":"https:\/\/yuga.at\/","name":"YUga.at","description":"exYU Portal","publisher":{"@id":"https:\/\/yuga.at\/#organization"},"potentialAction":[{"@type":"SearchAction","target":{"@type":"EntryPoint","urlTemplate":"https:\/\/yuga.at\/?s={search_term_string}"},"query-input":{"@type":"PropertyValueSpecification","valueRequired":true,"valueName":"search_term_string"}}],"inLanguage":"de"},{"@type":"Organization","@id":"https:\/\/yuga.at\/#organization","name":"YUga.at","url":"https:\/\/yuga.at\/","logo":{"@type":"ImageObject","inLanguage":"de","@id":"https:\/\/yuga.at\/#\/schema\/logo\/image\/","url":"https:\/\/yuga.at\/wp-content\/uploads\/yuga-logo-black-250.png","contentUrl":"https:\/\/yuga.at\/wp-content\/uploads\/yuga-logo-black-250.png","width":250,"height":143,"caption":"YUga.at"},"image":{"@id":"https:\/\/yuga.at\/#\/schema\/logo\/image\/"},"sameAs":["https:\/\/www.facebook.com\/yuga.austria","https:\/\/www.instagram.com\/yuga.at\/"]},{"@type":"Person","@id":"https:\/\/yuga.at\/#\/schema\/person\/14afd7c6aa250e7d26d59b2f1a427184","name":"Srdjan","image":{"@type":"ImageObject","inLanguage":"de","@id":"https:\/\/secure.gravatar.com\/avatar\/5b6efe7dbc2c19685b2905878731fe11236889e186ff9c7df9039e75f5680008?s=96&d=mm&r=g","url":"https:\/\/secure.gravatar.com\/avatar\/5b6efe7dbc2c19685b2905878731fe11236889e186ff9c7df9039e75f5680008?s=96&d=mm&r=g","contentUrl":"https:\/\/secure.gravatar.com\/avatar\/5b6efe7dbc2c19685b2905878731fe11236889e186ff9c7df9039e75f5680008?s=96&d=mm&r=g","caption":"Srdjan"}}]}},"taxonomy_info":{"category":[{"value":97,"label":"Austrija"},{"value":49,"label":"Vesti"}],"post_tag":[{"value":90,"label":"prevoz"},{"value":270,"label":"taxi"},{"value":83,"label":"zakon"}]},"featured_image_src_large":["https:\/\/yuga.at\/wp-content\/uploads\/taxi-bec.jpg",798,532,false],"author_info":{"display_name":"Srdjan","author_link":"https:\/\/yuga.at\/de\/author\/srdjan\/"},"comment_info":0,"category_info":[{"term_id":97,"name":"Austrija","slug":"vesti-austrija","term_group":0,"term_taxonomy_id":97,"taxonomy":"category","description":"Vesti iz Austrije","parent":49,"count":99,"filter":"raw","cat_ID":97,"category_count":99,"category_description":"Vesti iz Austrije","cat_name":"Austrija","category_nicename":"vesti-austrija","category_parent":49},{"term_id":49,"name":"Vesti","slug":"vesti","term_group":0,"term_taxonomy_id":49,"taxonomy":"category","description":"Najnovije vesti","parent":0,"count":103,"filter":"raw","cat_ID":49,"category_count":103,"category_description":"Najnovije vesti","cat_name":"Vesti","category_nicename":"vesti","category_parent":0}],"tag_info":[{"term_id":90,"name":"prevoz","slug":"prevoz","term_group":0,"term_taxonomy_id":90,"taxonomy":"post_tag","description":"","parent":0,"count":2,"filter":"raw"},{"term_id":270,"name":"taxi","slug":"taxi","term_group":0,"term_taxonomy_id":270,"taxonomy":"post_tag","description":"","parent":0,"count":2,"filter":"raw"},{"term_id":83,"name":"zakon","slug":"zakon","term_group":0,"term_taxonomy_id":83,"taxonomy":"post_tag","description":"","parent":0,"count":32,"filter":"raw"}],"_links":{"self":[{"href":"https:\/\/yuga.at\/de\/wp-json\/wp\/v2\/posts\/6248","targetHints":{"allow":["GET"]}}],"collection":[{"href":"https:\/\/yuga.at\/de\/wp-json\/wp\/v2\/posts"}],"about":[{"href":"https:\/\/yuga.at\/de\/wp-json\/wp\/v2\/types\/post"}],"author":[{"embeddable":true,"href":"https:\/\/yuga.at\/de\/wp-json\/wp\/v2\/users\/3"}],"replies":[{"embeddable":true,"href":"https:\/\/yuga.at\/de\/wp-json\/wp\/v2\/comments?post=6248"}],"version-history":[{"count":7,"href":"https:\/\/yuga.at\/de\/wp-json\/wp\/v2\/posts\/6248\/revisions"}],"predecessor-version":[{"id":11063,"href":"https:\/\/yuga.at\/de\/wp-json\/wp\/v2\/posts\/6248\/revisions\/11063"}],"wp:featuredmedia":[{"embeddable":true,"href":"https:\/\/yuga.at\/de\/wp-json\/wp\/v2\/media\/5962"}],"wp:attachment":[{"href":"https:\/\/yuga.at\/de\/wp-json\/wp\/v2\/media?parent=6248"}],"wp:term":[{"taxonomy":"category","embeddable":true,"href":"https:\/\/yuga.at\/de\/wp-json\/wp\/v2\/categories?post=6248"},{"taxonomy":"post_tag","embeddable":true,"href":"https:\/\/yuga.at\/de\/wp-json\/wp\/v2\/tags?post=6248"}],"curies":[{"name":"wp","href":"https:\/\/api.w.org\/{rel}","templated":true}]}}