{"id":6255,"date":"2020-12-30T09:52:07","date_gmt":"2020-12-30T08:52:07","guid":{"rendered":"https:\/\/yuga.at\/?p=6255"},"modified":"2022-09-25T09:48:11","modified_gmt":"2022-09-25T07:48:11","slug":"neuigkeiten-im-verkehr","status":"publish","type":"post","link":"https:\/\/yuga.at\/de\/novine-u-saobracaju\/","title":{"rendered":"Neuigkeiten im Verkehr"},"content":{"rendered":"<p>Das Jahr 2021 bringt einige Neuerungen im Verkehrswesen mit sich: h\u00f6here Strafen f\u00fcr zu schnelles Fahren, digitale F\u00fchrerscheine, eine Erh\u00f6hung der Autobahnvignetten usw.<\/p>\n\n\n\n<h2 class=\"wp-block-heading\" id=\"kazne\">H\u00f6here Strafen f\u00fcr zu schnelles Fahren<\/h2>\n\n\n\n<p>Ab dem n\u00e4chsten Jahr wird eine Erh\u00f6hung der Geldstrafen f\u00fcr Geschwindigkeits\u00fcberschreitungen auf bis zu 5.000 Euro erwartet, sowie die Beschlagnahmung von Fahrzeugen, die wegen Verkehrsverst\u00f6\u00dfen verwendet wurden, um die Geldstrafen zu sichern.<\/p>\n\n\n\n<p>Es wird auch \u00fcber ein Modell zur Bestrafung illegaler \"Autorennen\" nachgedacht, die die \u00f6sterreichische Polizei seit Jahren zu unterbinden versucht. <\/p>\n\n\n\n<p>Die Teilnehmer solcher Rennen verwenden oft digitale Radarwarner und deaktivieren h\u00e4ufig physisch Geschwindigkeitsmessger\u00e4te. <\/p>\n\n\n\n<h2 class=\"wp-block-heading\" id=\"dozvola\">Digitaler F\u00fchrerschein<\/h2>\n\n\n\n<p>Eine gute Nachricht f\u00fcr Menschen, die es l\u00e4stig finden, eine Menge Karten mit sich herumzutragen: Ab dem neuen Jahr k\u00f6nnen F\u00fchrerscheine und Fahrzeugpapiere im Telefon gespeichert werden.<\/p>\n\n\n\n<p>Die einzige Voraussetzung ist der Besitz einer \"<a href=\"https:\/\/www.buergerkarte.at\/\" target=\"_blank\" rel=\"noreferrer noopener\"><span class=\"has-inline-color has-vivid-red-color\">Handysignatur oder B\u00fcrgerkarte<\/span><\/a>&#8220;.<\/p>\n\n\n\n<p>Wir warten gespannt auf die Einf\u00fchrung dieser Neuerung im Verkehr. Es wird vermutet, dass es sich um eine Telefon-App handelt, die mit einer der oben genannten Methoden aktiviert wird.<\/p>\n\n\n\n<h2 class=\"wp-block-heading\" id=\"vinjete\">Autobahnvignetten<\/h2>\n\n\n\n<p>Wir sind es gewohnt, dass jedes neue Jahr eine Erh\u00f6hung des Preises f\u00fcr die \u00f6sterreichischen Autobahnvignetten mit sich bringt. Diesmal betr\u00e4gt die Erh\u00f6hung 1,5%.<\/p>\n\n\n\n<p>Daher werden die Vignetten kosten: <\/p>\n\n\n\n<ul class=\"wp-block-list\"><li>J\u00e4hrliche: 92,50 Euro f\u00fcr ein Auto bzw. 36,70 Euro f\u00fcr ein Motorrad. <\/li><li>Zweimonatliche: 27,80 Euro f\u00fcr ein Auto bzw. 13,90 Euro f\u00fcr ein Motorrad.<\/li><li>Zehnt\u00e4gige: 9,50 Euro f\u00fcr ein Auto bzw. 5,50 Euro f\u00fcr ein Motorrad.<\/li><\/ul>\n\n\n\n<p>Mehr \u00fcber die Vignetten in \u00d6sterreich und der Umgebung haben wir geschrieben <a href=\"\/de\/autobahngebuhren-in-der-region\/\"><span class=\"has-inline-color has-vivid-red-color\">hier.<\/span><\/a><\/p>\n\n\n\n<p>F\u00fcr diejenigen, die h\u00e4ufig nach Tschechien reisen, f\u00fchrt dieses Land ab dem neuen Jahr digitale Vignetten ein. Weitere Informationen <a href=\"https:\/\/edalnice.cz\/en\/#\/validation\" target=\"_blank\" rel=\"noreferrer noopener\"><span class=\"has-inline-color has-vivid-red-color\">hier.<\/span><\/a><\/p>\n\n\n<div class=\"wp-block-image is-style-default\"><div class=\"copyright-image-large\" style=\"position: relative\">\n<figure class=\"aligncenter size-large\"><a href=\"https:\/\/yuga.at\/wp-content\/uploads\/vignette_2021.jpg\"><img loading=\"lazy\" decoding=\"async\" width=\"1404\" height=\"702\" src=\"https:\/\/yuga.at\/wp-content\/uploads\/vignette_2021-1404x702.jpg\" alt=\"Vignette 2021\" class=\"wp-image-6257\" srcset=\"https:\/\/yuga.at\/wp-content\/uploads\/vignette_2021-1404x702.jpg 1404w, https:\/\/yuga.at\/wp-content\/uploads\/vignette_2021-978x489.jpg 978w, https:\/\/yuga.at\/wp-content\/uploads\/vignette_2021-768x384.jpg 768w, https:\/\/yuga.at\/wp-content\/uploads\/vignette_2021-1536x768.jpg 1536w, https:\/\/yuga.at\/wp-content\/uploads\/vignette_2021-2048x1024.jpg 2048w, https:\/\/yuga.at\/wp-content\/uploads\/vignette_2021-640x320.jpg 640w, https:\/\/yuga.at\/wp-content\/uploads\/vignette_2021-50x25.jpg 50w\" sizes=\"auto, (max-width: 1404px) 100vw, 1404px\" \/><\/a><\/figure>\n<div class=\"featured-image-copyright\">Asfinag<\/div><\/div><\/div>\n\n\n<h2 class=\"wp-block-heading\" id=\"porez\">Motorbezogenesteuer wird teurer<\/h2>\n\n\n\n<p>Motorbezogener Versicherungssteuer wird f\u00fcr die meisten Autos, die nach dem Neujahr angemeldet werden, um 34,56 Euro pro Jahr teurer.<\/p>\n\n\n\n<p>Diese Preiserh\u00f6hung betrifft keine Autos mit weniger PS und es ist auch zu beachten, dass sich bei bestehenden Versicherungspolicen nichts \u00e4ndern wird.<\/p>\n\n\n\n<p>Wenn Sie also planen, ein neues Auto anzumelden, tun Sie dies noch heute oder morgen, um Preiserh\u00f6hungen zu vermeiden und Geld zu sparen.<\/p>\n\n\n\n<p class=\"has-text-align-right\" style=\"font-size:12px\">Der Text wurde rechtlich \u00fcberarbeitet von Juristin Danijela Todorovi\u0107.<\/p>","protected":false},"excerpt":{"rendered":"<p>2021. godina nam donosi neke novine u saobra\u0107aju: ve\u0107e kazne za brzu vo\u017enju, digitalne voza\u010dke dozvole, poskupljenje vinjeta za autoputeve itd. Skuplje kazne za&#8230;<\/p>","protected":false},"author":3,"featured_media":6256,"comment_status":"closed","ping_status":"closed","sticky":false,"template":"","format":"standard","meta":{"_acf_changed":false,"_kad_blocks_custom_css":"","_kad_blocks_head_custom_js":"","_kad_blocks_body_custom_js":"","_kad_blocks_footer_custom_js":"","footnotes":""},"categories":[97,49],"tags":[170,186,83],"class_list":["post-6255","post","type-post","status-publish","format-standard","has-post-thumbnail","hentry","category-vesti-austrija","category-vesti","tag-policija","tag-vinjeta","tag-zakon","entry","category-97","category-49"],"acf":[],"yoast_head":"<!-- This site is optimized with the Yoast SEO plugin v27.3 - https:\/\/yoast.com\/product\/yoast-seo-wordpress\/ -->\n<title>Novine u saobra\u0107aju<\/title>\n<meta name=\"description\" content=\"Austrija: 2021. godina nam donosi neke novine u saobra\u0107aju: ve\u0107e kazne za brzu vo\u017enju, digitalne voza\u010dke dozvole, poskupljenje vinjete za autoputeve...\" \/>\n<meta name=\"robots\" content=\"index, follow, max-snippet:-1, max-image-preview:large, max-video-preview:-1\" \/>\n<link rel=\"canonical\" href=\"https:\/\/yuga.at\/de\/neuigkeiten-im-verkehr\/\" \/>\n<meta property=\"og:locale\" content=\"de_DE\" \/>\n<meta property=\"og:type\" content=\"article\" \/>\n<meta property=\"og:title\" content=\"Novine u saobra\u0107aju\" \/>\n<meta property=\"og:description\" content=\"Austrija: 2021. godina nam donosi neke novine u saobra\u0107aju: ve\u0107e kazne za brzu vo\u017enju, digitalne voza\u010dke dozvole, poskupljenje vinjete za autoputeve...\" \/>\n<meta property=\"og:url\" content=\"https:\/\/yuga.at\/de\/neuigkeiten-im-verkehr\/\" \/>\n<meta property=\"og:site_name\" content=\"YUga.at\" \/>\n<meta property=\"article:publisher\" content=\"https:\/\/www.facebook.com\/yuga.austria\" \/>\n<meta property=\"article:published_time\" content=\"2020-12-30T08:52:07+00:00\" \/>\n<meta property=\"article:modified_time\" content=\"2022-09-25T07:48:11+00:00\" \/>\n<meta property=\"og:image\" content=\"https:\/\/yuga.at\/wp-content\/uploads\/radarkontrolle.jpg\" \/>\n\t<meta property=\"og:image:width\" content=\"1400\" \/>\n\t<meta property=\"og:image:height\" content=\"933\" \/>\n\t<meta property=\"og:image:type\" content=\"image\/jpeg\" \/>\n<meta name=\"author\" content=\"Srdjan\" \/>\n<meta name=\"twitter:card\" content=\"summary_large_image\" \/>\n<meta name=\"twitter:label1\" content=\"Verfasst von\" \/>\n\t<meta name=\"twitter:data1\" content=\"Srdjan\" \/>\n\t<meta name=\"twitter:label2\" content=\"Gesch\u00e4tzte Lesezeit\" \/>\n\t<meta name=\"twitter:data2\" content=\"2\u00a0Minuten\" \/>\n<script type=\"application\/ld+json\" class=\"yoast-schema-graph\">{\"@context\":\"https:\\\/\\\/schema.org\",\"@graph\":[{\"@type\":\"Article\",\"@id\":\"https:\\\/\\\/yuga.at\\\/novine-u-saobracaju\\\/#article\",\"isPartOf\":{\"@id\":\"https:\\\/\\\/yuga.at\\\/novine-u-saobracaju\\\/\"},\"author\":{\"name\":\"Srdjan\",\"@id\":\"https:\\\/\\\/yuga.at\\\/#\\\/schema\\\/person\\\/14afd7c6aa250e7d26d59b2f1a427184\"},\"headline\":\"Novine u saobra\u0107aju\",\"datePublished\":\"2020-12-30T08:52:07+00:00\",\"dateModified\":\"2022-09-25T07:48:11+00:00\",\"mainEntityOfPage\":{\"@id\":\"https:\\\/\\\/yuga.at\\\/novine-u-saobracaju\\\/\"},\"wordCount\":357,\"publisher\":{\"@id\":\"https:\\\/\\\/yuga.at\\\/#organization\"},\"image\":{\"@id\":\"https:\\\/\\\/yuga.at\\\/novine-u-saobracaju\\\/#primaryimage\"},\"thumbnailUrl\":\"https:\\\/\\\/yuga.at\\\/wp-content\\\/uploads\\\/radarkontrolle.jpg\",\"keywords\":[\"policija\",\"Vinjeta\",\"zakon\"],\"articleSection\":[\"Austrija\",\"Vesti\"],\"inLanguage\":\"de\"},{\"@type\":\"WebPage\",\"@id\":\"https:\\\/\\\/yuga.at\\\/novine-u-saobracaju\\\/\",\"url\":\"https:\\\/\\\/yuga.at\\\/novine-u-saobracaju\\\/\",\"name\":\"Novine u saobra\u0107aju\",\"isPartOf\":{\"@id\":\"https:\\\/\\\/yuga.at\\\/#website\"},\"primaryImageOfPage\":{\"@id\":\"https:\\\/\\\/yuga.at\\\/novine-u-saobracaju\\\/#primaryimage\"},\"image\":{\"@id\":\"https:\\\/\\\/yuga.at\\\/novine-u-saobracaju\\\/#primaryimage\"},\"thumbnailUrl\":\"https:\\\/\\\/yuga.at\\\/wp-content\\\/uploads\\\/radarkontrolle.jpg\",\"datePublished\":\"2020-12-30T08:52:07+00:00\",\"dateModified\":\"2022-09-25T07:48:11+00:00\",\"description\":\"Austrija: 2021. godina nam donosi neke novine u saobra\u0107aju: ve\u0107e kazne za brzu vo\u017enju, digitalne voza\u010dke dozvole, poskupljenje vinjete za autoputeve...\",\"breadcrumb\":{\"@id\":\"https:\\\/\\\/yuga.at\\\/novine-u-saobracaju\\\/#breadcrumb\"},\"inLanguage\":\"de\",\"potentialAction\":[{\"@type\":\"ReadAction\",\"target\":[\"https:\\\/\\\/yuga.at\\\/novine-u-saobracaju\\\/\"]}]},{\"@type\":\"ImageObject\",\"inLanguage\":\"de\",\"@id\":\"https:\\\/\\\/yuga.at\\\/novine-u-saobracaju\\\/#primaryimage\",\"url\":\"https:\\\/\\\/yuga.at\\\/wp-content\\\/uploads\\\/radarkontrolle.jpg\",\"contentUrl\":\"https:\\\/\\\/yuga.at\\\/wp-content\\\/uploads\\\/radarkontrolle.jpg\",\"width\":1400,\"height\":933,\"caption\":\"Radarkontrolle\"},{\"@type\":\"BreadcrumbList\",\"@id\":\"https:\\\/\\\/yuga.at\\\/novine-u-saobracaju\\\/#breadcrumb\",\"itemListElement\":[{\"@type\":\"ListItem\",\"position\":1,\"name\":\"Home\",\"item\":\"https:\\\/\\\/yuga.at\\\/\"},{\"@type\":\"ListItem\",\"position\":2,\"name\":\"Novine u saobra\u0107aju\"}]},{\"@type\":\"WebSite\",\"@id\":\"https:\\\/\\\/yuga.at\\\/#website\",\"url\":\"https:\\\/\\\/yuga.at\\\/\",\"name\":\"YUga.at\",\"description\":\"exYU Portal\",\"publisher\":{\"@id\":\"https:\\\/\\\/yuga.at\\\/#organization\"},\"potentialAction\":[{\"@type\":\"SearchAction\",\"target\":{\"@type\":\"EntryPoint\",\"urlTemplate\":\"https:\\\/\\\/yuga.at\\\/?s={search_term_string}\"},\"query-input\":{\"@type\":\"PropertyValueSpecification\",\"valueRequired\":true,\"valueName\":\"search_term_string\"}}],\"inLanguage\":\"de\"},{\"@type\":\"Organization\",\"@id\":\"https:\\\/\\\/yuga.at\\\/#organization\",\"name\":\"YUga.at\",\"url\":\"https:\\\/\\\/yuga.at\\\/\",\"logo\":{\"@type\":\"ImageObject\",\"inLanguage\":\"de\",\"@id\":\"https:\\\/\\\/yuga.at\\\/#\\\/schema\\\/logo\\\/image\\\/\",\"url\":\"https:\\\/\\\/yuga.at\\\/wp-content\\\/uploads\\\/yuga-logo-black-250.png\",\"contentUrl\":\"https:\\\/\\\/yuga.at\\\/wp-content\\\/uploads\\\/yuga-logo-black-250.png\",\"width\":250,\"height\":143,\"caption\":\"YUga.at\"},\"image\":{\"@id\":\"https:\\\/\\\/yuga.at\\\/#\\\/schema\\\/logo\\\/image\\\/\"},\"sameAs\":[\"https:\\\/\\\/www.facebook.com\\\/yuga.austria\",\"https:\\\/\\\/www.instagram.com\\\/yuga.at\\\/\"]},{\"@type\":\"Person\",\"@id\":\"https:\\\/\\\/yuga.at\\\/#\\\/schema\\\/person\\\/14afd7c6aa250e7d26d59b2f1a427184\",\"name\":\"Srdjan\",\"image\":{\"@type\":\"ImageObject\",\"inLanguage\":\"de\",\"@id\":\"https:\\\/\\\/secure.gravatar.com\\\/avatar\\\/5b6efe7dbc2c19685b2905878731fe11236889e186ff9c7df9039e75f5680008?s=96&d=mm&r=g\",\"url\":\"https:\\\/\\\/secure.gravatar.com\\\/avatar\\\/5b6efe7dbc2c19685b2905878731fe11236889e186ff9c7df9039e75f5680008?s=96&d=mm&r=g\",\"contentUrl\":\"https:\\\/\\\/secure.gravatar.com\\\/avatar\\\/5b6efe7dbc2c19685b2905878731fe11236889e186ff9c7df9039e75f5680008?s=96&d=mm&r=g\",\"caption\":\"Srdjan\"}}]}<\/script>\n<!-- \/ Yoast SEO plugin. -->","yoast_head_json":{"title":"Neuigkeiten im Verkehr","description":"\u00d6sterreich: Das Jahr 2021 bringt uns einige Neuheiten im Verkehr: h\u00f6here Strafen f\u00fcr Geschwindigkeits\u00fcberschreitungen, digitale F\u00fchrerscheine, eine Erh\u00f6hung der Preise f\u00fcr Autobahnvignetten ...","robots":{"index":"index","follow":"follow","max-snippet":"max-snippet:-1","max-image-preview":"max-image-preview:large","max-video-preview":"max-video-preview:-1"},"canonical":"https:\/\/yuga.at\/de\/neuigkeiten-im-verkehr\/","og_locale":"de_DE","og_type":"article","og_title":"Novine u saobra\u0107aju","og_description":"Austrija: 2021. godina nam donosi neke novine u saobra\u0107aju: ve\u0107e kazne za brzu vo\u017enju, digitalne voza\u010dke dozvole, poskupljenje vinjete za autoputeve...","og_url":"https:\/\/yuga.at\/de\/neuigkeiten-im-verkehr\/","og_site_name":"YUga.at","article_publisher":"https:\/\/www.facebook.com\/yuga.austria","article_published_time":"2020-12-30T08:52:07+00:00","article_modified_time":"2022-09-25T07:48:11+00:00","og_image":[{"width":1400,"height":933,"url":"https:\/\/yuga.at\/wp-content\/uploads\/radarkontrolle.jpg","type":"image\/jpeg"}],"author":"Srdjan","twitter_card":"summary_large_image","twitter_misc":{"Verfasst von":"Srdjan","Gesch\u00e4tzte Lesezeit":"2\u00a0Minuten"},"schema":{"@context":"https:\/\/schema.org","@graph":[{"@type":"Article","@id":"https:\/\/yuga.at\/novine-u-saobracaju\/#article","isPartOf":{"@id":"https:\/\/yuga.at\/novine-u-saobracaju\/"},"author":{"name":"Srdjan","@id":"https:\/\/yuga.at\/#\/schema\/person\/14afd7c6aa250e7d26d59b2f1a427184"},"headline":"Novine u saobra\u0107aju","datePublished":"2020-12-30T08:52:07+00:00","dateModified":"2022-09-25T07:48:11+00:00","mainEntityOfPage":{"@id":"https:\/\/yuga.at\/novine-u-saobracaju\/"},"wordCount":357,"publisher":{"@id":"https:\/\/yuga.at\/#organization"},"image":{"@id":"https:\/\/yuga.at\/novine-u-saobracaju\/#primaryimage"},"thumbnailUrl":"https:\/\/yuga.at\/wp-content\/uploads\/radarkontrolle.jpg","keywords":["policija","Vinjeta","zakon"],"articleSection":["Austrija","Vesti"],"inLanguage":"de"},{"@type":"WebPage","@id":"https:\/\/yuga.at\/novine-u-saobracaju\/","url":"https:\/\/yuga.at\/novine-u-saobracaju\/","name":"Neuigkeiten im Verkehr","isPartOf":{"@id":"https:\/\/yuga.at\/#website"},"primaryImageOfPage":{"@id":"https:\/\/yuga.at\/novine-u-saobracaju\/#primaryimage"},"image":{"@id":"https:\/\/yuga.at\/novine-u-saobracaju\/#primaryimage"},"thumbnailUrl":"https:\/\/yuga.at\/wp-content\/uploads\/radarkontrolle.jpg","datePublished":"2020-12-30T08:52:07+00:00","dateModified":"2022-09-25T07:48:11+00:00","description":"\u00d6sterreich: Das Jahr 2021 bringt uns einige Neuheiten im Verkehr: h\u00f6here Strafen f\u00fcr Geschwindigkeits\u00fcberschreitungen, digitale F\u00fchrerscheine, eine Erh\u00f6hung der Preise f\u00fcr Autobahnvignetten ...","breadcrumb":{"@id":"https:\/\/yuga.at\/novine-u-saobracaju\/#breadcrumb"},"inLanguage":"de","potentialAction":[{"@type":"ReadAction","target":["https:\/\/yuga.at\/novine-u-saobracaju\/"]}]},{"@type":"ImageObject","inLanguage":"de","@id":"https:\/\/yuga.at\/novine-u-saobracaju\/#primaryimage","url":"https:\/\/yuga.at\/wp-content\/uploads\/radarkontrolle.jpg","contentUrl":"https:\/\/yuga.at\/wp-content\/uploads\/radarkontrolle.jpg","width":1400,"height":933,"caption":"Radarkontrolle"},{"@type":"BreadcrumbList","@id":"https:\/\/yuga.at\/novine-u-saobracaju\/#breadcrumb","itemListElement":[{"@type":"ListItem","position":1,"name":"Home","item":"https:\/\/yuga.at\/"},{"@type":"ListItem","position":2,"name":"Novine u saobra\u0107aju"}]},{"@type":"WebSite","@id":"https:\/\/yuga.at\/#website","url":"https:\/\/yuga.at\/","name":"YUga.at","description":"exYU Portal","publisher":{"@id":"https:\/\/yuga.at\/#organization"},"potentialAction":[{"@type":"SearchAction","target":{"@type":"EntryPoint","urlTemplate":"https:\/\/yuga.at\/?s={search_term_string}"},"query-input":{"@type":"PropertyValueSpecification","valueRequired":true,"valueName":"search_term_string"}}],"inLanguage":"de"},{"@type":"Organization","@id":"https:\/\/yuga.at\/#organization","name":"YUga.at","url":"https:\/\/yuga.at\/","logo":{"@type":"ImageObject","inLanguage":"de","@id":"https:\/\/yuga.at\/#\/schema\/logo\/image\/","url":"https:\/\/yuga.at\/wp-content\/uploads\/yuga-logo-black-250.png","contentUrl":"https:\/\/yuga.at\/wp-content\/uploads\/yuga-logo-black-250.png","width":250,"height":143,"caption":"YUga.at"},"image":{"@id":"https:\/\/yuga.at\/#\/schema\/logo\/image\/"},"sameAs":["https:\/\/www.facebook.com\/yuga.austria","https:\/\/www.instagram.com\/yuga.at\/"]},{"@type":"Person","@id":"https:\/\/yuga.at\/#\/schema\/person\/14afd7c6aa250e7d26d59b2f1a427184","name":"Srdjan","image":{"@type":"ImageObject","inLanguage":"de","@id":"https:\/\/secure.gravatar.com\/avatar\/5b6efe7dbc2c19685b2905878731fe11236889e186ff9c7df9039e75f5680008?s=96&d=mm&r=g","url":"https:\/\/secure.gravatar.com\/avatar\/5b6efe7dbc2c19685b2905878731fe11236889e186ff9c7df9039e75f5680008?s=96&d=mm&r=g","contentUrl":"https:\/\/secure.gravatar.com\/avatar\/5b6efe7dbc2c19685b2905878731fe11236889e186ff9c7df9039e75f5680008?s=96&d=mm&r=g","caption":"Srdjan"}}]}},"taxonomy_info":{"category":[{"value":97,"label":"Austrija"},{"value":49,"label":"Vesti"}],"post_tag":[{"value":170,"label":"policija"},{"value":186,"label":"Vinjeta"},{"value":83,"label":"zakon"}]},"featured_image_src_large":["https:\/\/yuga.at\/wp-content\/uploads\/radarkontrolle.jpg",798,532,false],"author_info":{"display_name":"Srdjan","author_link":"https:\/\/yuga.at\/de\/author\/srdjan\/"},"comment_info":0,"category_info":[{"term_id":97,"name":"Austrija","slug":"vesti-austrija","term_group":0,"term_taxonomy_id":97,"taxonomy":"category","description":"Vesti iz Austrije","parent":49,"count":99,"filter":"raw","cat_ID":97,"category_count":99,"category_description":"Vesti iz Austrije","cat_name":"Austrija","category_nicename":"vesti-austrija","category_parent":49},{"term_id":49,"name":"Vesti","slug":"vesti","term_group":0,"term_taxonomy_id":49,"taxonomy":"category","description":"Najnovije vesti","parent":0,"count":103,"filter":"raw","cat_ID":49,"category_count":103,"category_description":"Najnovije vesti","cat_name":"Vesti","category_nicename":"vesti","category_parent":0}],"tag_info":[{"term_id":170,"name":"policija","slug":"policija","term_group":0,"term_taxonomy_id":170,"taxonomy":"post_tag","description":"","parent":0,"count":4,"filter":"raw"},{"term_id":186,"name":"Vinjeta","slug":"vinjeta","term_group":0,"term_taxonomy_id":186,"taxonomy":"post_tag","description":"","parent":0,"count":2,"filter":"raw"},{"term_id":83,"name":"zakon","slug":"zakon","term_group":0,"term_taxonomy_id":83,"taxonomy":"post_tag","description":"","parent":0,"count":32,"filter":"raw"}],"_links":{"self":[{"href":"https:\/\/yuga.at\/de\/wp-json\/wp\/v2\/posts\/6255","targetHints":{"allow":["GET"]}}],"collection":[{"href":"https:\/\/yuga.at\/de\/wp-json\/wp\/v2\/posts"}],"about":[{"href":"https:\/\/yuga.at\/de\/wp-json\/wp\/v2\/types\/post"}],"author":[{"embeddable":true,"href":"https:\/\/yuga.at\/de\/wp-json\/wp\/v2\/users\/3"}],"replies":[{"embeddable":true,"href":"https:\/\/yuga.at\/de\/wp-json\/wp\/v2\/comments?post=6255"}],"version-history":[{"count":8,"href":"https:\/\/yuga.at\/de\/wp-json\/wp\/v2\/posts\/6255\/revisions"}],"predecessor-version":[{"id":11064,"href":"https:\/\/yuga.at\/de\/wp-json\/wp\/v2\/posts\/6255\/revisions\/11064"}],"wp:featuredmedia":[{"embeddable":true,"href":"https:\/\/yuga.at\/de\/wp-json\/wp\/v2\/media\/6256"}],"wp:attachment":[{"href":"https:\/\/yuga.at\/de\/wp-json\/wp\/v2\/media?parent=6255"}],"wp:term":[{"taxonomy":"category","embeddable":true,"href":"https:\/\/yuga.at\/de\/wp-json\/wp\/v2\/categories?post=6255"},{"taxonomy":"post_tag","embeddable":true,"href":"https:\/\/yuga.at\/de\/wp-json\/wp\/v2\/tags?post=6255"}],"curies":[{"name":"wp","href":"https:\/\/api.w.org\/{rel}","templated":true}]}}