{"id":6264,"date":"2020-12-31T09:35:13","date_gmt":"2020-12-31T08:35:13","guid":{"rendered":"https:\/\/yuga.at\/?p=6264"},"modified":"2022-09-25T09:47:46","modified_gmt":"2022-09-25T07:47:46","slug":"silvesterabend-in-wien","status":"publish","type":"post","link":"https:\/\/yuga.at\/de\/novogodisnja-noc-u-becu\/","title":{"rendered":"Silvesterabend in Wien"},"content":{"rendered":"<p>F\u00fcr viele war die lang ersehnte Silvesternacht in Wien dieses Mal definitiv anders, zumindest in der Form, wie wir es gewohnt sind.<\/p>\n\n\n\n<p>Die neuen Ma\u00dfnahmen, die die \u00f6sterreichische Regierung f\u00fcr diese Nacht erlassen hat, sind strenger als urspr\u00fcnglich geplant, dar\u00fcber haben wir <a href=\"\/de\/epidemiologische-masnahmen-fur-die-bevorstehenden-feiertage\/\"><span class=\"has-inline-color has-vivid-red-color\">bereits geschrieben<\/span><\/a>.<\/p>\n\n\n\n<h2 class=\"wp-block-heading\" id=\"docek\">Silvester inmitten des Lockdowns<\/h2>\n\n\n\n<p>Die Bewohner Wiens werden das alte Jahr verabschieden und das neue Jahr inmitten des Lockdowns, der bis zum 18. Januar dauern soll, begr\u00fc\u00dfen.<\/p>\n\n\n\n<p>Es wird keine organisierten Feiern, Feuerwerke, Familienbesuche (auf eine Person beschr\u00e4nkt) geben, und die Polizei wird die Stra\u00dfen von Wien streng kontrollieren.<\/p>\n\n\n\n<p>Partner, die an verschiedenen Orten leben, k\u00f6nnen nat\u00fcrlich zusammen das Neue Jahr begr\u00fc\u00dfen.<\/p>\n\n\n\n<h2 class=\"wp-block-heading\" id=\"izlazak\">5 bekannte Gr\u00fcnde, das Haus zu verlassen<\/h2>\n\n\n\n<p>Die f\u00fcnf bekannten Gr\u00fcnde, das Haus zu verlassen, gelten weiterhin:<\/p>\n\n\n\n<ul class=\"wp-block-list\"><li>Einkauf<\/li><li>in die Arbeit gehen<\/li><li>Hilfe f\u00fcr andere Personen<\/li><li>Besuch von vereinbarten Terminen<\/li><li>Spaziergang zur \"Frissluft\" aus physischen Bed\u00fcrfnissen heraus<\/li><\/ul>\n\n\n\n<p>Was die Silvesternacht betrifft, k\u00f6nnten die einzigen berechtigten Gr\u00fcnde f\u00fcr einen Ausgang Nachtschichten, Hilfe f\u00fcr Angeh\u00f6rige und gelegentliche Spazierg\u00e4nge sein.<\/p>\n\n\n\n<h2 class=\"wp-block-heading\" id=\"vatromet\">Silvesterfeuerwerk<\/h2>\n\n\n\n<p>Da Feuerwerke nur an bestimmten Orten erlaubt sind, wo sich Menschen versammeln, um sie zu genie\u00dfen, wird es dieses Jahr keines geben.<\/p>\n\n\n\n<p>Das Z\u00fcnden kleiner Feuerwerksk\u00f6rper ist erlaubt, aber nur au\u00dferhalb der Stadt und im Wohnbereich der Person. Mehr dazu lesen Sie <a href=\"https:\/\/ooe.orf.at\/stories\/3082839\/\" target=\"_blank\" rel=\"noreferrer noopener\"><span class=\"has-inline-color has-vivid-red-color\">hier.<\/span><\/a><\/p>\n\n\n\n<p>Die Silvesternacht wird von verst\u00e4rkten Polizeipatrouillen gepr\u00e4gt sein, alles mit dem Ziel, die Ausbreitung des COVID-19-Virus einzud\u00e4mmen.<\/p>\n\n\n\n<p>Bundeskanzler \u00d6sterreichs, Sebastian Kurz, sagte in seiner Ansprache Ende 2020, dass wir bis zum Sommer eine Normalisierung erwarten k\u00f6nnen, aber um dorthin zu gelangen, m\u00fcssen wir jetzt ernsthaft und verantwortungsbewusst sein. <\/p>\n\n\n\n<hr class=\"wp-block-separator has-css-opacity\"\/>\n\n\n\n<p>Die Redaktion von YUga.at w\u00fcnscht Ihnen ein gesundes und erfolgreiches neues Jahr. Prost!<\/p>","protected":false},"excerpt":{"rendered":"<p>Za mnoge dugo o\u010dekivana novogodi\u0161nja no\u0107 u Be\u010du ovog puta \u0107e definitivno izostati, bar u onom obliku na koji smo navikli. Nove mere koje&#8230;<\/p>","protected":false},"author":3,"featured_media":6265,"comment_status":"closed","ping_status":"closed","sticky":false,"template":"","format":"standard","meta":{"_acf_changed":false,"_kad_blocks_custom_css":"","_kad_blocks_head_custom_js":"","_kad_blocks_body_custom_js":"","_kad_blocks_footer_custom_js":"","footnotes":""},"categories":[97,49],"tags":[324,170,325],"class_list":["post-6264","post","type-post","status-publish","format-standard","has-post-thumbnail","hentry","category-vesti-austrija","category-vesti","tag-nova-godina","tag-policija","tag-vatromet","entry","category-97","category-49"],"acf":[],"yoast_head":"<!-- This site is optimized with the Yoast SEO plugin v27.3 - https:\/\/yoast.com\/product\/yoast-seo-wordpress\/ -->\n<title>Novogodi\u0161nja no\u0107 u Be\u010du<\/title>\n<meta name=\"description\" content=\"Novogodi\u0161nja no\u0107 u Be\u010du na do\u010deku 2021. ne\u0107e biti onakva kakvom bi smoje ina\u010de \u017eeleli. Mere za suzbijanje virusa covid19 su i dalje na snazi.\" \/>\n<meta name=\"robots\" content=\"index, follow, max-snippet:-1, max-image-preview:large, max-video-preview:-1\" \/>\n<link rel=\"canonical\" href=\"https:\/\/yuga.at\/de\/silvesterabend-in-wien\/\" \/>\n<meta property=\"og:locale\" content=\"de_DE\" \/>\n<meta property=\"og:type\" content=\"article\" \/>\n<meta property=\"og:title\" content=\"Novogodi\u0161nja no\u0107 u Be\u010du\" \/>\n<meta property=\"og:description\" content=\"Novogodi\u0161nja no\u0107 u Be\u010du na do\u010deku 2021. ne\u0107e biti onakva kakvom bi smoje ina\u010de \u017eeleli. Mere za suzbijanje virusa covid19 su i dalje na snazi.\" \/>\n<meta property=\"og:url\" content=\"https:\/\/yuga.at\/de\/silvesterabend-in-wien\/\" \/>\n<meta property=\"og:site_name\" content=\"YUga.at\" \/>\n<meta property=\"article:publisher\" content=\"https:\/\/www.facebook.com\/yuga.austria\" \/>\n<meta property=\"article:published_time\" content=\"2020-12-31T08:35:13+00:00\" \/>\n<meta property=\"article:modified_time\" content=\"2022-09-25T07:47:46+00:00\" \/>\n<meta property=\"og:image\" content=\"https:\/\/yuga.at\/wp-content\/uploads\/nova_godina_2021.jpg\" \/>\n\t<meta property=\"og:image:width\" content=\"1400\" \/>\n\t<meta property=\"og:image:height\" content=\"933\" \/>\n\t<meta property=\"og:image:type\" content=\"image\/jpeg\" \/>\n<meta name=\"author\" content=\"Srdjan\" \/>\n<meta name=\"twitter:card\" content=\"summary_large_image\" \/>\n<meta name=\"twitter:label1\" content=\"Verfasst von\" \/>\n\t<meta name=\"twitter:data1\" content=\"Srdjan\" \/>\n<script type=\"application\/ld+json\" class=\"yoast-schema-graph\">{\"@context\":\"https:\\\/\\\/schema.org\",\"@graph\":[{\"@type\":\"Article\",\"@id\":\"https:\\\/\\\/yuga.at\\\/novogodisnja-noc-u-becu\\\/#article\",\"isPartOf\":{\"@id\":\"https:\\\/\\\/yuga.at\\\/novogodisnja-noc-u-becu\\\/\"},\"author\":{\"name\":\"Srdjan\",\"@id\":\"https:\\\/\\\/yuga.at\\\/#\\\/schema\\\/person\\\/14afd7c6aa250e7d26d59b2f1a427184\"},\"headline\":\"Novogodi\u0161nja no\u0107 u Be\u010du\",\"datePublished\":\"2020-12-31T08:35:13+00:00\",\"dateModified\":\"2022-09-25T07:47:46+00:00\",\"mainEntityOfPage\":{\"@id\":\"https:\\\/\\\/yuga.at\\\/novogodisnja-noc-u-becu\\\/\"},\"wordCount\":309,\"publisher\":{\"@id\":\"https:\\\/\\\/yuga.at\\\/#organization\"},\"image\":{\"@id\":\"https:\\\/\\\/yuga.at\\\/novogodisnja-noc-u-becu\\\/#primaryimage\"},\"thumbnailUrl\":\"https:\\\/\\\/yuga.at\\\/wp-content\\\/uploads\\\/nova_godina_2021.jpg\",\"keywords\":[\"nova godina\",\"policija\",\"vatromet\"],\"articleSection\":[\"Austrija\",\"Vesti\"],\"inLanguage\":\"de\"},{\"@type\":\"WebPage\",\"@id\":\"https:\\\/\\\/yuga.at\\\/novogodisnja-noc-u-becu\\\/\",\"url\":\"https:\\\/\\\/yuga.at\\\/novogodisnja-noc-u-becu\\\/\",\"name\":\"Novogodi\u0161nja no\u0107 u Be\u010du\",\"isPartOf\":{\"@id\":\"https:\\\/\\\/yuga.at\\\/#website\"},\"primaryImageOfPage\":{\"@id\":\"https:\\\/\\\/yuga.at\\\/novogodisnja-noc-u-becu\\\/#primaryimage\"},\"image\":{\"@id\":\"https:\\\/\\\/yuga.at\\\/novogodisnja-noc-u-becu\\\/#primaryimage\"},\"thumbnailUrl\":\"https:\\\/\\\/yuga.at\\\/wp-content\\\/uploads\\\/nova_godina_2021.jpg\",\"datePublished\":\"2020-12-31T08:35:13+00:00\",\"dateModified\":\"2022-09-25T07:47:46+00:00\",\"description\":\"Novogodi\u0161nja no\u0107 u Be\u010du na do\u010deku 2021. ne\u0107e biti onakva kakvom bi smoje ina\u010de \u017eeleli. Mere za suzbijanje virusa covid19 su i dalje na snazi.\",\"breadcrumb\":{\"@id\":\"https:\\\/\\\/yuga.at\\\/novogodisnja-noc-u-becu\\\/#breadcrumb\"},\"inLanguage\":\"de\",\"potentialAction\":[{\"@type\":\"ReadAction\",\"target\":[\"https:\\\/\\\/yuga.at\\\/novogodisnja-noc-u-becu\\\/\"]}]},{\"@type\":\"ImageObject\",\"inLanguage\":\"de\",\"@id\":\"https:\\\/\\\/yuga.at\\\/novogodisnja-noc-u-becu\\\/#primaryimage\",\"url\":\"https:\\\/\\\/yuga.at\\\/wp-content\\\/uploads\\\/nova_godina_2021.jpg\",\"contentUrl\":\"https:\\\/\\\/yuga.at\\\/wp-content\\\/uploads\\\/nova_godina_2021.jpg\",\"width\":1400,\"height\":933,\"caption\":\"Nova godina 2021\"},{\"@type\":\"BreadcrumbList\",\"@id\":\"https:\\\/\\\/yuga.at\\\/novogodisnja-noc-u-becu\\\/#breadcrumb\",\"itemListElement\":[{\"@type\":\"ListItem\",\"position\":1,\"name\":\"Home\",\"item\":\"https:\\\/\\\/yuga.at\\\/\"},{\"@type\":\"ListItem\",\"position\":2,\"name\":\"Novogodi\u0161nja no\u0107 u Be\u010du\"}]},{\"@type\":\"WebSite\",\"@id\":\"https:\\\/\\\/yuga.at\\\/#website\",\"url\":\"https:\\\/\\\/yuga.at\\\/\",\"name\":\"YUga.at\",\"description\":\"exYU Portal\",\"publisher\":{\"@id\":\"https:\\\/\\\/yuga.at\\\/#organization\"},\"potentialAction\":[{\"@type\":\"SearchAction\",\"target\":{\"@type\":\"EntryPoint\",\"urlTemplate\":\"https:\\\/\\\/yuga.at\\\/?s={search_term_string}\"},\"query-input\":{\"@type\":\"PropertyValueSpecification\",\"valueRequired\":true,\"valueName\":\"search_term_string\"}}],\"inLanguage\":\"de\"},{\"@type\":\"Organization\",\"@id\":\"https:\\\/\\\/yuga.at\\\/#organization\",\"name\":\"YUga.at\",\"url\":\"https:\\\/\\\/yuga.at\\\/\",\"logo\":{\"@type\":\"ImageObject\",\"inLanguage\":\"de\",\"@id\":\"https:\\\/\\\/yuga.at\\\/#\\\/schema\\\/logo\\\/image\\\/\",\"url\":\"https:\\\/\\\/yuga.at\\\/wp-content\\\/uploads\\\/yuga-logo-black-250.png\",\"contentUrl\":\"https:\\\/\\\/yuga.at\\\/wp-content\\\/uploads\\\/yuga-logo-black-250.png\",\"width\":250,\"height\":143,\"caption\":\"YUga.at\"},\"image\":{\"@id\":\"https:\\\/\\\/yuga.at\\\/#\\\/schema\\\/logo\\\/image\\\/\"},\"sameAs\":[\"https:\\\/\\\/www.facebook.com\\\/yuga.austria\",\"https:\\\/\\\/www.instagram.com\\\/yuga.at\\\/\"]},{\"@type\":\"Person\",\"@id\":\"https:\\\/\\\/yuga.at\\\/#\\\/schema\\\/person\\\/14afd7c6aa250e7d26d59b2f1a427184\",\"name\":\"Srdjan\",\"image\":{\"@type\":\"ImageObject\",\"inLanguage\":\"de\",\"@id\":\"https:\\\/\\\/secure.gravatar.com\\\/avatar\\\/5b6efe7dbc2c19685b2905878731fe11236889e186ff9c7df9039e75f5680008?s=96&d=mm&r=g\",\"url\":\"https:\\\/\\\/secure.gravatar.com\\\/avatar\\\/5b6efe7dbc2c19685b2905878731fe11236889e186ff9c7df9039e75f5680008?s=96&d=mm&r=g\",\"contentUrl\":\"https:\\\/\\\/secure.gravatar.com\\\/avatar\\\/5b6efe7dbc2c19685b2905878731fe11236889e186ff9c7df9039e75f5680008?s=96&d=mm&r=g\",\"caption\":\"Srdjan\"}}]}<\/script>\n<!-- \/ Yoast SEO plugin. -->","yoast_head_json":{"title":"Silvesterabend in Wien","description":"Silvester in Wien zur Begr\u00fc\u00dfung des Jahres 2021 wird nicht so sein, wie wir es uns w\u00fcnschen. Die Ma\u00dfnahmen zur Bek\u00e4mpfung des Covid19-Virus sind weiterhin in Kraft.","robots":{"index":"index","follow":"follow","max-snippet":"max-snippet:-1","max-image-preview":"max-image-preview:large","max-video-preview":"max-video-preview:-1"},"canonical":"https:\/\/yuga.at\/de\/silvesterabend-in-wien\/","og_locale":"de_DE","og_type":"article","og_title":"Novogodi\u0161nja no\u0107 u Be\u010du","og_description":"Novogodi\u0161nja no\u0107 u Be\u010du na do\u010deku 2021. ne\u0107e biti onakva kakvom bi smoje ina\u010de \u017eeleli. Mere za suzbijanje virusa covid19 su i dalje na snazi.","og_url":"https:\/\/yuga.at\/de\/silvesterabend-in-wien\/","og_site_name":"YUga.at","article_publisher":"https:\/\/www.facebook.com\/yuga.austria","article_published_time":"2020-12-31T08:35:13+00:00","article_modified_time":"2022-09-25T07:47:46+00:00","og_image":[{"width":1400,"height":933,"url":"https:\/\/yuga.at\/wp-content\/uploads\/nova_godina_2021.jpg","type":"image\/jpeg"}],"author":"Srdjan","twitter_card":"summary_large_image","twitter_misc":{"Verfasst von":"Srdjan"},"schema":{"@context":"https:\/\/schema.org","@graph":[{"@type":"Article","@id":"https:\/\/yuga.at\/novogodisnja-noc-u-becu\/#article","isPartOf":{"@id":"https:\/\/yuga.at\/novogodisnja-noc-u-becu\/"},"author":{"name":"Srdjan","@id":"https:\/\/yuga.at\/#\/schema\/person\/14afd7c6aa250e7d26d59b2f1a427184"},"headline":"Novogodi\u0161nja no\u0107 u Be\u010du","datePublished":"2020-12-31T08:35:13+00:00","dateModified":"2022-09-25T07:47:46+00:00","mainEntityOfPage":{"@id":"https:\/\/yuga.at\/novogodisnja-noc-u-becu\/"},"wordCount":309,"publisher":{"@id":"https:\/\/yuga.at\/#organization"},"image":{"@id":"https:\/\/yuga.at\/novogodisnja-noc-u-becu\/#primaryimage"},"thumbnailUrl":"https:\/\/yuga.at\/wp-content\/uploads\/nova_godina_2021.jpg","keywords":["nova godina","policija","vatromet"],"articleSection":["Austrija","Vesti"],"inLanguage":"de"},{"@type":"WebPage","@id":"https:\/\/yuga.at\/novogodisnja-noc-u-becu\/","url":"https:\/\/yuga.at\/novogodisnja-noc-u-becu\/","name":"Silvesterabend in Wien","isPartOf":{"@id":"https:\/\/yuga.at\/#website"},"primaryImageOfPage":{"@id":"https:\/\/yuga.at\/novogodisnja-noc-u-becu\/#primaryimage"},"image":{"@id":"https:\/\/yuga.at\/novogodisnja-noc-u-becu\/#primaryimage"},"thumbnailUrl":"https:\/\/yuga.at\/wp-content\/uploads\/nova_godina_2021.jpg","datePublished":"2020-12-31T08:35:13+00:00","dateModified":"2022-09-25T07:47:46+00:00","description":"Silvester in Wien zur Begr\u00fc\u00dfung des Jahres 2021 wird nicht so sein, wie wir es uns w\u00fcnschen. Die Ma\u00dfnahmen zur Bek\u00e4mpfung des Covid19-Virus sind weiterhin in Kraft.","breadcrumb":{"@id":"https:\/\/yuga.at\/novogodisnja-noc-u-becu\/#breadcrumb"},"inLanguage":"de","potentialAction":[{"@type":"ReadAction","target":["https:\/\/yuga.at\/novogodisnja-noc-u-becu\/"]}]},{"@type":"ImageObject","inLanguage":"de","@id":"https:\/\/yuga.at\/novogodisnja-noc-u-becu\/#primaryimage","url":"https:\/\/yuga.at\/wp-content\/uploads\/nova_godina_2021.jpg","contentUrl":"https:\/\/yuga.at\/wp-content\/uploads\/nova_godina_2021.jpg","width":1400,"height":933,"caption":"Nova godina 2021"},{"@type":"BreadcrumbList","@id":"https:\/\/yuga.at\/novogodisnja-noc-u-becu\/#breadcrumb","itemListElement":[{"@type":"ListItem","position":1,"name":"Home","item":"https:\/\/yuga.at\/"},{"@type":"ListItem","position":2,"name":"Novogodi\u0161nja no\u0107 u Be\u010du"}]},{"@type":"WebSite","@id":"https:\/\/yuga.at\/#website","url":"https:\/\/yuga.at\/","name":"YUga.at","description":"exYU Portal","publisher":{"@id":"https:\/\/yuga.at\/#organization"},"potentialAction":[{"@type":"SearchAction","target":{"@type":"EntryPoint","urlTemplate":"https:\/\/yuga.at\/?s={search_term_string}"},"query-input":{"@type":"PropertyValueSpecification","valueRequired":true,"valueName":"search_term_string"}}],"inLanguage":"de"},{"@type":"Organization","@id":"https:\/\/yuga.at\/#organization","name":"YUga.at","url":"https:\/\/yuga.at\/","logo":{"@type":"ImageObject","inLanguage":"de","@id":"https:\/\/yuga.at\/#\/schema\/logo\/image\/","url":"https:\/\/yuga.at\/wp-content\/uploads\/yuga-logo-black-250.png","contentUrl":"https:\/\/yuga.at\/wp-content\/uploads\/yuga-logo-black-250.png","width":250,"height":143,"caption":"YUga.at"},"image":{"@id":"https:\/\/yuga.at\/#\/schema\/logo\/image\/"},"sameAs":["https:\/\/www.facebook.com\/yuga.austria","https:\/\/www.instagram.com\/yuga.at\/"]},{"@type":"Person","@id":"https:\/\/yuga.at\/#\/schema\/person\/14afd7c6aa250e7d26d59b2f1a427184","name":"Srdjan","image":{"@type":"ImageObject","inLanguage":"de","@id":"https:\/\/secure.gravatar.com\/avatar\/5b6efe7dbc2c19685b2905878731fe11236889e186ff9c7df9039e75f5680008?s=96&d=mm&r=g","url":"https:\/\/secure.gravatar.com\/avatar\/5b6efe7dbc2c19685b2905878731fe11236889e186ff9c7df9039e75f5680008?s=96&d=mm&r=g","contentUrl":"https:\/\/secure.gravatar.com\/avatar\/5b6efe7dbc2c19685b2905878731fe11236889e186ff9c7df9039e75f5680008?s=96&d=mm&r=g","caption":"Srdjan"}}]}},"taxonomy_info":{"category":[{"value":97,"label":"Austrija"},{"value":49,"label":"Vesti"}],"post_tag":[{"value":324,"label":"nova godina"},{"value":170,"label":"policija"},{"value":325,"label":"vatromet"}]},"featured_image_src_large":["https:\/\/yuga.at\/wp-content\/uploads\/nova_godina_2021.jpg",798,532,false],"author_info":{"display_name":"Srdjan","author_link":"https:\/\/yuga.at\/de\/author\/srdjan\/"},"comment_info":0,"category_info":[{"term_id":97,"name":"Austrija","slug":"vesti-austrija","term_group":0,"term_taxonomy_id":97,"taxonomy":"category","description":"Vesti iz Austrije","parent":49,"count":99,"filter":"raw","cat_ID":97,"category_count":99,"category_description":"Vesti iz Austrije","cat_name":"Austrija","category_nicename":"vesti-austrija","category_parent":49},{"term_id":49,"name":"Vesti","slug":"vesti","term_group":0,"term_taxonomy_id":49,"taxonomy":"category","description":"Najnovije vesti","parent":0,"count":103,"filter":"raw","cat_ID":49,"category_count":103,"category_description":"Najnovije vesti","cat_name":"Vesti","category_nicename":"vesti","category_parent":0}],"tag_info":[{"term_id":324,"name":"nova godina","slug":"nova-godina","term_group":0,"term_taxonomy_id":324,"taxonomy":"post_tag","description":"","parent":0,"count":1,"filter":"raw"},{"term_id":170,"name":"policija","slug":"policija","term_group":0,"term_taxonomy_id":170,"taxonomy":"post_tag","description":"","parent":0,"count":4,"filter":"raw"},{"term_id":325,"name":"vatromet","slug":"vatromet","term_group":0,"term_taxonomy_id":325,"taxonomy":"post_tag","description":"","parent":0,"count":1,"filter":"raw"}],"_links":{"self":[{"href":"https:\/\/yuga.at\/de\/wp-json\/wp\/v2\/posts\/6264","targetHints":{"allow":["GET"]}}],"collection":[{"href":"https:\/\/yuga.at\/de\/wp-json\/wp\/v2\/posts"}],"about":[{"href":"https:\/\/yuga.at\/de\/wp-json\/wp\/v2\/types\/post"}],"author":[{"embeddable":true,"href":"https:\/\/yuga.at\/de\/wp-json\/wp\/v2\/users\/3"}],"replies":[{"embeddable":true,"href":"https:\/\/yuga.at\/de\/wp-json\/wp\/v2\/comments?post=6264"}],"version-history":[{"count":6,"href":"https:\/\/yuga.at\/de\/wp-json\/wp\/v2\/posts\/6264\/revisions"}],"predecessor-version":[{"id":11061,"href":"https:\/\/yuga.at\/de\/wp-json\/wp\/v2\/posts\/6264\/revisions\/11061"}],"wp:featuredmedia":[{"embeddable":true,"href":"https:\/\/yuga.at\/de\/wp-json\/wp\/v2\/media\/6265"}],"wp:attachment":[{"href":"https:\/\/yuga.at\/de\/wp-json\/wp\/v2\/media?parent=6264"}],"wp:term":[{"taxonomy":"category","embeddable":true,"href":"https:\/\/yuga.at\/de\/wp-json\/wp\/v2\/categories?post=6264"},{"taxonomy":"post_tag","embeddable":true,"href":"https:\/\/yuga.at\/de\/wp-json\/wp\/v2\/tags?post=6264"}],"curies":[{"name":"wp","href":"https:\/\/api.w.org\/{rel}","templated":true}]}}