{"id":6964,"date":"2021-02-02T10:35:36","date_gmt":"2021-02-02T09:35:36","guid":{"rendered":"https:\/\/yuga.at\/?p=6964"},"modified":"2022-09-25T09:44:29","modified_gmt":"2022-09-25T07:44:29","slug":"wiedereroffnung-nach-dem-lockdown","status":"publish","type":"post","link":"https:\/\/yuga.at\/de\/otvaranje-nakon-lockdown\/","title":{"rendered":"Wiederer\u00f6ffnung nach dem Lockdown"},"content":{"rendered":"<p>Am Montag hat die Regierung die ersten Schritte zur Wiederer\u00f6ffnung nach dem Lockdown angek\u00fcndigt. <\/p>\n\n\n\n<p>Schulen und Gesch\u00e4fte sollen unter bestimmten Bedingungen ge\u00f6ffnet werden, und f\u00fcr einen Friseurbesuch wird zuk\u00fcnftig ein negativer PCR-Test erforderlich sein.<\/p>\n\n\n\n<h2 class=\"wp-block-heading\" id=\"povratak\">R\u00fcckkehr der Sch\u00fcler in die Klassenzimmer<\/h2>\n\n\n\n<p>Obwohl es Anzeichen gab, dass die Schule m\u00f6glicherweise im Schichtbetrieb arbeiten k\u00f6nnte, kehren die Sch\u00fcler ab dem 8. Februar wieder zum regul\u00e4ren Unterricht zur\u00fcck, zumindest von der 1. bis zur 8. Stufe.<\/p>\n\n\n\n<p>Die Voraussetzung f\u00fcr die Teilnahme am Unterricht ist ein Coronatest, der zweimal w\u00f6chentlich durchgef\u00fchrt werden muss, wobei die Schulen bereits \u00fcber ausreichend Tests verf\u00fcgen.<\/p>\n\n\n<div class=\"wp-block-image\"><div class=\"copyright-image-large\" style=\"position: relative\">\n<figure class=\"aligncenter size-large\"><a href=\"https:\/\/yuga.at\/wp-content\/uploads\/povratak_u_skolu.jpg\"><img loading=\"lazy\" decoding=\"async\" width=\"800\" height=\"533\" src=\"https:\/\/yuga.at\/wp-content\/uploads\/povratak_u_skolu.jpg\" alt=\"Povratak u \u0161kolu nakon Lockdown-a\" class=\"wp-image-6967\" srcset=\"https:\/\/yuga.at\/wp-content\/uploads\/povratak_u_skolu.jpg 800w, https:\/\/yuga.at\/wp-content\/uploads\/povratak_u_skolu-768x512.jpg 768w, https:\/\/yuga.at\/wp-content\/uploads\/povratak_u_skolu-391x260.jpg 391w, https:\/\/yuga.at\/wp-content\/uploads\/povratak_u_skolu-50x33.jpg 50w\" sizes=\"auto, (max-width: 800px) 100vw, 800px\" \/><\/a><\/figure>\n<div class=\"featured-image-copyright\"><\/div><\/div><\/div>\n\n\n<p>F\u00fcr \u00e4ltere Sch\u00fcler wird der Unterricht im Schichtbetrieb erfolgen, und zwar im Blocksystem von 2 Tagen in der Schule - 2 Tagen zu Hause.<\/p>\n\n\n\n<p>Wenn Eltern die Tests ablehnen, m\u00fcssen die Kinder zu Hause bleiben und den Unterricht weiterhin online absolvieren.<\/p>\n\n\n\n<h2 class=\"wp-block-heading\" id=\"zivot\">Gesch\u00e4fte, Museen und Galerien nach dem Lockdown<\/h2>\n\n\n\n<p>Ab dem 8. Februar werden Bekleidungs-, M\u00f6belgesch\u00e4fte usw. wieder \u00f6ffnen, jedoch unter bestimmten Bedingungen.<\/p>\n\n\n\n<p>Es ist eine Fl\u00e4che von 20 Quadratmetern pro Kunde vorgesehen, sowie das verpflichtende Tragen einer FFP2-Maske, wobei bei Nichttragen eine Strafe von 90\u20ac droht.<\/p>\n\n\n\n<p>Die gleichen Regeln gelten auch f\u00fcr Museen, Galerien und Bibliotheken. Das Tragen einer FFP2-Maske ist ein Pflicht.<\/p>\n\n\n\n<h2 class=\"wp-block-heading\" id=\"frizeri\">Friseure und Kosmetiker nur mit negativem Test<\/h2>\n\n\n\n<p>Ein Besuch beim Friseur oder Kosmetiker wird in Zukunft nur mit einem negativen Coronatest m\u00f6glich sein.<\/p>\n\n\n\n<p>Der Test darf nicht \u00e4lter als 48 Stunden sein und kann in digitaler und papier Form vorgezeigt werden. Die Kontrolle erfolgt durch die Saloninhaber selbst.<\/p>\n\n\n\n<p>Eine Ausnahme bilden Personen, die in den letzten 6 Monaten an COVID-19 erkrankt waren. Sie m\u00fcssen einen entsprechenden Nachweis mitf\u00fchren.<\/p>\n\n\n\n<h2 class=\"wp-block-heading\" id=\"gastronomija\">Restaurants und Cafes bleiben geschlossen<\/h2>\n\n\n\n<p>Hotels, Restaurants, Caf\u00e9s und Theater bleiben vorerst geschlossen, und in zwei Wochen wird je nach epidemiologischer Situation eine m\u00f6gliche Wiederer\u00f6ffnung gepr\u00fcft.<\/p>\n\n\n<div class=\"wp-block-image\"><div class=\"copyright-image-large\" style=\"position: relative\">\n<figure class=\"aligncenter size-large\"><a href=\"https:\/\/yuga.at\/wp-content\/uploads\/demonstracije31.01.jpg\"><img loading=\"lazy\" decoding=\"async\" width=\"800\" height=\"499\" src=\"https:\/\/yuga.at\/wp-content\/uploads\/demonstracije31.01.jpg\" alt=\"Demonstracije u Be\u010du 31.01.\" class=\"wp-image-6965\" srcset=\"https:\/\/yuga.at\/wp-content\/uploads\/demonstracije31.01.jpg 800w, https:\/\/yuga.at\/wp-content\/uploads\/demonstracije31.01-768x479.jpg 768w, https:\/\/yuga.at\/wp-content\/uploads\/demonstracije31.01-50x31.jpg 50w\" sizes=\"auto, (max-width: 800px) 100vw, 800px\" \/><\/a><\/figure>\n<div class=\"featured-image-copyright\">APA\/Georg Hochmuth<\/div><\/div><\/div>\n\n\n<p>Am Samstag fanden in Wien <a href=\"https:\/\/kurier.at\/chronik\/wien\/wien-5000-bei-aggressivem-corona-spaziergang\/401173729\" target=\"_blank\" rel=\"noreferrer noopener\"><span class=\"has-inline-color has-vivid-red-color\">Massendemonstrationen<\/span><\/a> gegen die von der \u00f6sterreichischen Regierung ergriffenen Ma\u00dfnahmen zur Eind\u00e4mmung der Verbreitung von Covid19 statt. <\/p>\n\n\n\n<h2 class=\"wp-block-heading\" id=\"mere\">Versch\u00e4rfte Einreiseregeln f\u00fcr \u00d6sterreich<\/h2>\n\n\n\n<p>F\u00fcr die Einreise nach \u00d6sterreich nach dem Lockdown wird weiterhin das Ausf\u00fcllen eines Online-Formulars erforderlich sein, \u00fcber das haben wir bereits berichtet <a href=\"\/de\/pflichtregistrierung-bei-der-einreise-nach-osterreich\/\"><span class=\"has-inline-color has-vivid-red-color\">hier<\/span><\/a>.<\/p>\n\n\n\n<p>Der \u00f6sterreichische Innenminister Karl Nehamer sagte heute Morgen, dass auch Grenzg\u00e4nger, die bisher ungehindert gereist sind, sich in Zukunft registrieren m\u00fcssen.<\/p>\n\n\n\n<p>Sie m\u00fcssen ebenfalls einmal w\u00f6chentlich einen PCR- oder Antigentest durchf\u00fchren, dessen Ergebnis negativ sein muss.<\/p>\n\n\n\n<p>Was die Einreise von anderen Personen nach \u00d6sterreich betrifft, wird nach der neuen Verordnung, wie angek\u00fcndigt, h\u00f6chstwahrscheinlich die M\u00f6glichkeit der \"Freitestung\" nach f\u00fcnf Tagen Isolation aufgehoben.<\/p>\n\n\n\n<p>Alle Personen m\u00fcssen nun eine zehnt\u00e4gige Quarant\u00e4ne einhalten, nach der sie sich testen lassen m\u00fcssen, und sie k\u00f6nnen die Isolation nur mit einem negativen Test verlassen.<\/p>\n\n\n\n<p>\u00dcber diesen Teil der Verordnung wird jedoch noch diskutiert, wurde heute Morgen bei einer Pressekonferenz gesagt.<\/p>","protected":false},"excerpt":{"rendered":"<p>U ponedeljak je Vlada najavila prve korake za otvaranje nakon Lockdown-a. \u0160kole i trgovine bi trebalo da se otvore pod odre\u0111enim uslovima, a za&#8230;<\/p>","protected":false},"author":3,"featured_media":6968,"comment_status":"closed","ping_status":"closed","sticky":false,"template":"","format":"standard","meta":{"_acf_changed":false,"_kad_blocks_custom_css":"","_kad_blocks_head_custom_js":"","_kad_blocks_body_custom_js":"","_kad_blocks_footer_custom_js":"","footnotes":""},"categories":[97,49],"tags":[107,329,191],"class_list":["post-6964","post","type-post","status-publish","format-standard","has-post-thumbnail","hentry","category-vesti-austrija","category-vesti","tag-covid19","tag-lockdown","tag-skola","entry","category-97","category-49"],"acf":[],"yoast_head":"<!-- This site is optimized with the Yoast SEO plugin v27.3 - https:\/\/yoast.com\/product\/yoast-seo-wordpress\/ -->\n<title>Otvaranje nakon Lockdown-a<\/title>\n<meta name=\"description\" content=\"U ponedeljak je Vlada Austrije najavila prve korake za otvaranje nakon Lockdown-a koji \u0107e po\u010deti da se sprovode 8. februara.\" \/>\n<meta name=\"robots\" content=\"index, follow, max-snippet:-1, max-image-preview:large, max-video-preview:-1\" \/>\n<link rel=\"canonical\" href=\"https:\/\/yuga.at\/de\/wiedereroffnung-nach-dem-lockdown\/\" \/>\n<meta property=\"og:locale\" content=\"de_DE\" \/>\n<meta property=\"og:type\" content=\"article\" \/>\n<meta property=\"og:title\" content=\"Otvaranje nakon Lockdown-a\" \/>\n<meta property=\"og:description\" content=\"U ponedeljak je Vlada Austrije najavila prve korake za otvaranje nakon Lockdown-a koji \u0107e po\u010deti da se sprovode 8. februara.\" \/>\n<meta property=\"og:url\" content=\"https:\/\/yuga.at\/de\/wiedereroffnung-nach-dem-lockdown\/\" \/>\n<meta property=\"og:site_name\" content=\"YUga.at\" \/>\n<meta property=\"article:publisher\" content=\"https:\/\/www.facebook.com\/yuga.austria\" \/>\n<meta property=\"article:published_time\" content=\"2021-02-02T09:35:36+00:00\" \/>\n<meta property=\"article:modified_time\" content=\"2022-09-25T07:44:29+00:00\" \/>\n<meta property=\"og:image\" content=\"https:\/\/yuga.at\/wp-content\/uploads\/otvaranje_nakon_lockdown.jpg\" \/>\n\t<meta property=\"og:image:width\" content=\"1400\" \/>\n\t<meta property=\"og:image:height\" content=\"933\" \/>\n\t<meta property=\"og:image:type\" content=\"image\/jpeg\" \/>\n<meta name=\"author\" content=\"Srdjan\" \/>\n<meta name=\"twitter:card\" content=\"summary_large_image\" \/>\n<meta name=\"twitter:label1\" content=\"Verfasst von\" \/>\n\t<meta name=\"twitter:data1\" content=\"Srdjan\" \/>\n<script type=\"application\/ld+json\" class=\"yoast-schema-graph\">{\"@context\":\"https:\\\/\\\/schema.org\",\"@graph\":[{\"@type\":\"Article\",\"@id\":\"https:\\\/\\\/yuga.at\\\/otvaranje-nakon-lockdown\\\/#article\",\"isPartOf\":{\"@id\":\"https:\\\/\\\/yuga.at\\\/otvaranje-nakon-lockdown\\\/\"},\"author\":{\"name\":\"Srdjan\",\"@id\":\"https:\\\/\\\/yuga.at\\\/#\\\/schema\\\/person\\\/14afd7c6aa250e7d26d59b2f1a427184\"},\"headline\":\"Otvaranje nakon Lockdown-a\",\"datePublished\":\"2021-02-02T09:35:36+00:00\",\"dateModified\":\"2022-09-25T07:44:29+00:00\",\"mainEntityOfPage\":{\"@id\":\"https:\\\/\\\/yuga.at\\\/otvaranje-nakon-lockdown\\\/\"},\"wordCount\":470,\"publisher\":{\"@id\":\"https:\\\/\\\/yuga.at\\\/#organization\"},\"image\":{\"@id\":\"https:\\\/\\\/yuga.at\\\/otvaranje-nakon-lockdown\\\/#primaryimage\"},\"thumbnailUrl\":\"https:\\\/\\\/yuga.at\\\/wp-content\\\/uploads\\\/otvaranje_nakon_lockdown.jpg\",\"keywords\":[\"covid19\",\"lockdown\",\"\u0161kola\"],\"articleSection\":[\"Austrija\",\"Vesti\"],\"inLanguage\":\"de\"},{\"@type\":\"WebPage\",\"@id\":\"https:\\\/\\\/yuga.at\\\/otvaranje-nakon-lockdown\\\/\",\"url\":\"https:\\\/\\\/yuga.at\\\/otvaranje-nakon-lockdown\\\/\",\"name\":\"Otvaranje nakon Lockdown-a\",\"isPartOf\":{\"@id\":\"https:\\\/\\\/yuga.at\\\/#website\"},\"primaryImageOfPage\":{\"@id\":\"https:\\\/\\\/yuga.at\\\/otvaranje-nakon-lockdown\\\/#primaryimage\"},\"image\":{\"@id\":\"https:\\\/\\\/yuga.at\\\/otvaranje-nakon-lockdown\\\/#primaryimage\"},\"thumbnailUrl\":\"https:\\\/\\\/yuga.at\\\/wp-content\\\/uploads\\\/otvaranje_nakon_lockdown.jpg\",\"datePublished\":\"2021-02-02T09:35:36+00:00\",\"dateModified\":\"2022-09-25T07:44:29+00:00\",\"description\":\"U ponedeljak je Vlada Austrije najavila prve korake za otvaranje nakon Lockdown-a koji \u0107e po\u010deti da se sprovode 8. februara.\",\"breadcrumb\":{\"@id\":\"https:\\\/\\\/yuga.at\\\/otvaranje-nakon-lockdown\\\/#breadcrumb\"},\"inLanguage\":\"de\",\"potentialAction\":[{\"@type\":\"ReadAction\",\"target\":[\"https:\\\/\\\/yuga.at\\\/otvaranje-nakon-lockdown\\\/\"]}]},{\"@type\":\"ImageObject\",\"inLanguage\":\"de\",\"@id\":\"https:\\\/\\\/yuga.at\\\/otvaranje-nakon-lockdown\\\/#primaryimage\",\"url\":\"https:\\\/\\\/yuga.at\\\/wp-content\\\/uploads\\\/otvaranje_nakon_lockdown.jpg\",\"contentUrl\":\"https:\\\/\\\/yuga.at\\\/wp-content\\\/uploads\\\/otvaranje_nakon_lockdown.jpg\",\"width\":1400,\"height\":933,\"caption\":\"Otvaranje nakon Lockdown-a\"},{\"@type\":\"BreadcrumbList\",\"@id\":\"https:\\\/\\\/yuga.at\\\/otvaranje-nakon-lockdown\\\/#breadcrumb\",\"itemListElement\":[{\"@type\":\"ListItem\",\"position\":1,\"name\":\"Home\",\"item\":\"https:\\\/\\\/yuga.at\\\/\"},{\"@type\":\"ListItem\",\"position\":2,\"name\":\"Otvaranje nakon Lockdown-a\"}]},{\"@type\":\"WebSite\",\"@id\":\"https:\\\/\\\/yuga.at\\\/#website\",\"url\":\"https:\\\/\\\/yuga.at\\\/\",\"name\":\"YUga.at\",\"description\":\"exYU Portal\",\"publisher\":{\"@id\":\"https:\\\/\\\/yuga.at\\\/#organization\"},\"potentialAction\":[{\"@type\":\"SearchAction\",\"target\":{\"@type\":\"EntryPoint\",\"urlTemplate\":\"https:\\\/\\\/yuga.at\\\/?s={search_term_string}\"},\"query-input\":{\"@type\":\"PropertyValueSpecification\",\"valueRequired\":true,\"valueName\":\"search_term_string\"}}],\"inLanguage\":\"de\"},{\"@type\":\"Organization\",\"@id\":\"https:\\\/\\\/yuga.at\\\/#organization\",\"name\":\"YUga.at\",\"url\":\"https:\\\/\\\/yuga.at\\\/\",\"logo\":{\"@type\":\"ImageObject\",\"inLanguage\":\"de\",\"@id\":\"https:\\\/\\\/yuga.at\\\/#\\\/schema\\\/logo\\\/image\\\/\",\"url\":\"https:\\\/\\\/yuga.at\\\/wp-content\\\/uploads\\\/yuga-logo-black-250.png\",\"contentUrl\":\"https:\\\/\\\/yuga.at\\\/wp-content\\\/uploads\\\/yuga-logo-black-250.png\",\"width\":250,\"height\":143,\"caption\":\"YUga.at\"},\"image\":{\"@id\":\"https:\\\/\\\/yuga.at\\\/#\\\/schema\\\/logo\\\/image\\\/\"},\"sameAs\":[\"https:\\\/\\\/www.facebook.com\\\/yuga.austria\",\"https:\\\/\\\/www.instagram.com\\\/yuga.at\\\/\"]},{\"@type\":\"Person\",\"@id\":\"https:\\\/\\\/yuga.at\\\/#\\\/schema\\\/person\\\/14afd7c6aa250e7d26d59b2f1a427184\",\"name\":\"Srdjan\",\"image\":{\"@type\":\"ImageObject\",\"inLanguage\":\"de\",\"@id\":\"https:\\\/\\\/secure.gravatar.com\\\/avatar\\\/5b6efe7dbc2c19685b2905878731fe11236889e186ff9c7df9039e75f5680008?s=96&d=mm&r=g\",\"url\":\"https:\\\/\\\/secure.gravatar.com\\\/avatar\\\/5b6efe7dbc2c19685b2905878731fe11236889e186ff9c7df9039e75f5680008?s=96&d=mm&r=g\",\"contentUrl\":\"https:\\\/\\\/secure.gravatar.com\\\/avatar\\\/5b6efe7dbc2c19685b2905878731fe11236889e186ff9c7df9039e75f5680008?s=96&d=mm&r=g\",\"caption\":\"Srdjan\"}}]}<\/script>\n<!-- \/ Yoast SEO plugin. -->","yoast_head_json":{"title":"Wiederer\u00f6ffnung nach dem Lockdown","description":"Am Montag hat die Regierung die ersten Schritte zur Wiederer\u00f6ffnung nach dem Lockdown angek\u00fcndigt.","robots":{"index":"index","follow":"follow","max-snippet":"max-snippet:-1","max-image-preview":"max-image-preview:large","max-video-preview":"max-video-preview:-1"},"canonical":"https:\/\/yuga.at\/de\/wiedereroffnung-nach-dem-lockdown\/","og_locale":"de_DE","og_type":"article","og_title":"Otvaranje nakon Lockdown-a","og_description":"U ponedeljak je Vlada Austrije najavila prve korake za otvaranje nakon Lockdown-a koji \u0107e po\u010deti da se sprovode 8. februara.","og_url":"https:\/\/yuga.at\/de\/wiedereroffnung-nach-dem-lockdown\/","og_site_name":"YUga.at","article_publisher":"https:\/\/www.facebook.com\/yuga.austria","article_published_time":"2021-02-02T09:35:36+00:00","article_modified_time":"2022-09-25T07:44:29+00:00","og_image":[{"width":1400,"height":933,"url":"https:\/\/yuga.at\/wp-content\/uploads\/otvaranje_nakon_lockdown.jpg","type":"image\/jpeg"}],"author":"Srdjan","twitter_card":"summary_large_image","twitter_misc":{"Verfasst von":"Srdjan"},"schema":{"@context":"https:\/\/schema.org","@graph":[{"@type":"Article","@id":"https:\/\/yuga.at\/otvaranje-nakon-lockdown\/#article","isPartOf":{"@id":"https:\/\/yuga.at\/otvaranje-nakon-lockdown\/"},"author":{"name":"Srdjan","@id":"https:\/\/yuga.at\/#\/schema\/person\/14afd7c6aa250e7d26d59b2f1a427184"},"headline":"Otvaranje nakon Lockdown-a","datePublished":"2021-02-02T09:35:36+00:00","dateModified":"2022-09-25T07:44:29+00:00","mainEntityOfPage":{"@id":"https:\/\/yuga.at\/otvaranje-nakon-lockdown\/"},"wordCount":470,"publisher":{"@id":"https:\/\/yuga.at\/#organization"},"image":{"@id":"https:\/\/yuga.at\/otvaranje-nakon-lockdown\/#primaryimage"},"thumbnailUrl":"https:\/\/yuga.at\/wp-content\/uploads\/otvaranje_nakon_lockdown.jpg","keywords":["covid19","lockdown","\u0161kola"],"articleSection":["Austrija","Vesti"],"inLanguage":"de"},{"@type":"WebPage","@id":"https:\/\/yuga.at\/otvaranje-nakon-lockdown\/","url":"https:\/\/yuga.at\/otvaranje-nakon-lockdown\/","name":"Wiederer\u00f6ffnung nach dem Lockdown","isPartOf":{"@id":"https:\/\/yuga.at\/#website"},"primaryImageOfPage":{"@id":"https:\/\/yuga.at\/otvaranje-nakon-lockdown\/#primaryimage"},"image":{"@id":"https:\/\/yuga.at\/otvaranje-nakon-lockdown\/#primaryimage"},"thumbnailUrl":"https:\/\/yuga.at\/wp-content\/uploads\/otvaranje_nakon_lockdown.jpg","datePublished":"2021-02-02T09:35:36+00:00","dateModified":"2022-09-25T07:44:29+00:00","description":"Am Montag hat die Regierung die ersten Schritte zur Wiederer\u00f6ffnung nach dem Lockdown angek\u00fcndigt.","breadcrumb":{"@id":"https:\/\/yuga.at\/otvaranje-nakon-lockdown\/#breadcrumb"},"inLanguage":"de","potentialAction":[{"@type":"ReadAction","target":["https:\/\/yuga.at\/otvaranje-nakon-lockdown\/"]}]},{"@type":"ImageObject","inLanguage":"de","@id":"https:\/\/yuga.at\/otvaranje-nakon-lockdown\/#primaryimage","url":"https:\/\/yuga.at\/wp-content\/uploads\/otvaranje_nakon_lockdown.jpg","contentUrl":"https:\/\/yuga.at\/wp-content\/uploads\/otvaranje_nakon_lockdown.jpg","width":1400,"height":933,"caption":"Otvaranje nakon Lockdown-a"},{"@type":"BreadcrumbList","@id":"https:\/\/yuga.at\/otvaranje-nakon-lockdown\/#breadcrumb","itemListElement":[{"@type":"ListItem","position":1,"name":"Home","item":"https:\/\/yuga.at\/"},{"@type":"ListItem","position":2,"name":"Otvaranje nakon Lockdown-a"}]},{"@type":"WebSite","@id":"https:\/\/yuga.at\/#website","url":"https:\/\/yuga.at\/","name":"YUga.at","description":"exYU Portal","publisher":{"@id":"https:\/\/yuga.at\/#organization"},"potentialAction":[{"@type":"SearchAction","target":{"@type":"EntryPoint","urlTemplate":"https:\/\/yuga.at\/?s={search_term_string}"},"query-input":{"@type":"PropertyValueSpecification","valueRequired":true,"valueName":"search_term_string"}}],"inLanguage":"de"},{"@type":"Organization","@id":"https:\/\/yuga.at\/#organization","name":"YUga.at","url":"https:\/\/yuga.at\/","logo":{"@type":"ImageObject","inLanguage":"de","@id":"https:\/\/yuga.at\/#\/schema\/logo\/image\/","url":"https:\/\/yuga.at\/wp-content\/uploads\/yuga-logo-black-250.png","contentUrl":"https:\/\/yuga.at\/wp-content\/uploads\/yuga-logo-black-250.png","width":250,"height":143,"caption":"YUga.at"},"image":{"@id":"https:\/\/yuga.at\/#\/schema\/logo\/image\/"},"sameAs":["https:\/\/www.facebook.com\/yuga.austria","https:\/\/www.instagram.com\/yuga.at\/"]},{"@type":"Person","@id":"https:\/\/yuga.at\/#\/schema\/person\/14afd7c6aa250e7d26d59b2f1a427184","name":"Srdjan","image":{"@type":"ImageObject","inLanguage":"de","@id":"https:\/\/secure.gravatar.com\/avatar\/5b6efe7dbc2c19685b2905878731fe11236889e186ff9c7df9039e75f5680008?s=96&d=mm&r=g","url":"https:\/\/secure.gravatar.com\/avatar\/5b6efe7dbc2c19685b2905878731fe11236889e186ff9c7df9039e75f5680008?s=96&d=mm&r=g","contentUrl":"https:\/\/secure.gravatar.com\/avatar\/5b6efe7dbc2c19685b2905878731fe11236889e186ff9c7df9039e75f5680008?s=96&d=mm&r=g","caption":"Srdjan"}}]}},"taxonomy_info":{"category":[{"value":97,"label":"Austrija"},{"value":49,"label":"Vesti"}],"post_tag":[{"value":107,"label":"covid19"},{"value":329,"label":"lockdown"},{"value":191,"label":"\u0161kola"}]},"featured_image_src_large":["https:\/\/yuga.at\/wp-content\/uploads\/otvaranje_nakon_lockdown.jpg",798,532,false],"author_info":{"display_name":"Srdjan","author_link":"https:\/\/yuga.at\/de\/author\/srdjan\/"},"comment_info":0,"category_info":[{"term_id":97,"name":"Austrija","slug":"vesti-austrija","term_group":0,"term_taxonomy_id":97,"taxonomy":"category","description":"Vesti iz Austrije","parent":49,"count":99,"filter":"raw","cat_ID":97,"category_count":99,"category_description":"Vesti iz Austrije","cat_name":"Austrija","category_nicename":"vesti-austrija","category_parent":49},{"term_id":49,"name":"Vesti","slug":"vesti","term_group":0,"term_taxonomy_id":49,"taxonomy":"category","description":"Najnovije vesti","parent":0,"count":103,"filter":"raw","cat_ID":49,"category_count":103,"category_description":"Najnovije vesti","cat_name":"Vesti","category_nicename":"vesti","category_parent":0}],"tag_info":[{"term_id":107,"name":"covid19","slug":"covid19","term_group":0,"term_taxonomy_id":107,"taxonomy":"post_tag","description":"","parent":0,"count":20,"filter":"raw"},{"term_id":329,"name":"lockdown","slug":"lockdown","term_group":0,"term_taxonomy_id":329,"taxonomy":"post_tag","description":"","parent":0,"count":4,"filter":"raw"},{"term_id":191,"name":"\u0161kola","slug":"skola","term_group":0,"term_taxonomy_id":191,"taxonomy":"post_tag","description":"","parent":0,"count":12,"filter":"raw"}],"_links":{"self":[{"href":"https:\/\/yuga.at\/de\/wp-json\/wp\/v2\/posts\/6964","targetHints":{"allow":["GET"]}}],"collection":[{"href":"https:\/\/yuga.at\/de\/wp-json\/wp\/v2\/posts"}],"about":[{"href":"https:\/\/yuga.at\/de\/wp-json\/wp\/v2\/types\/post"}],"author":[{"embeddable":true,"href":"https:\/\/yuga.at\/de\/wp-json\/wp\/v2\/users\/3"}],"replies":[{"embeddable":true,"href":"https:\/\/yuga.at\/de\/wp-json\/wp\/v2\/comments?post=6964"}],"version-history":[{"count":10,"href":"https:\/\/yuga.at\/de\/wp-json\/wp\/v2\/posts\/6964\/revisions"}],"predecessor-version":[{"id":11036,"href":"https:\/\/yuga.at\/de\/wp-json\/wp\/v2\/posts\/6964\/revisions\/11036"}],"wp:featuredmedia":[{"embeddable":true,"href":"https:\/\/yuga.at\/de\/wp-json\/wp\/v2\/media\/6968"}],"wp:attachment":[{"href":"https:\/\/yuga.at\/de\/wp-json\/wp\/v2\/media?parent=6964"}],"wp:term":[{"taxonomy":"category","embeddable":true,"href":"https:\/\/yuga.at\/de\/wp-json\/wp\/v2\/categories?post=6964"},{"taxonomy":"post_tag","embeddable":true,"href":"https:\/\/yuga.at\/de\/wp-json\/wp\/v2\/tags?post=6964"}],"curies":[{"name":"wp","href":"https:\/\/api.w.org\/{rel}","templated":true}]}}