{"id":7142,"date":"2021-02-20T15:45:28","date_gmt":"2021-02-20T14:45:28","guid":{"rendered":"https:\/\/yuga.at\/?p=7142"},"modified":"2022-09-25T09:43:30","modified_gmt":"2022-09-25T07:43:30","slug":"elektroauto","status":"publish","type":"post","link":"https:\/\/yuga.at\/de\/elektricni-auto\/","title":{"rendered":"Elektroautos in \u00d6sterreich"},"content":{"rendered":"<p>Obwohl Elektroautos in \u00d6sterreich seit einigen Jahren in Gebrauch sind, betr\u00e4gt ihr Anteil auf \u00f6sterreichischen Stra\u00dfen nur etwa 1%.<\/p>\n\n\n\n<p>Nach statistischen Daten der Website Bundesverband Elektromobilit\u00e4t \u00d6sterreich (BE\u00d6) waren bis Januar 2021 45.510 Elektroautos registriert.<\/p>\n\n\n\n<p>Die meistverkauften Modelle sind der Tesla 3, der Renault Zoe und der BMW i3, gefolgt von Kia Niro, Hyundai Kona und Audi e-Tron.<\/p>\n\n\n\n<h2 class=\"wp-block-heading\" id=\"isplativost\">Sind Elektroautos kosteng\u00fcnstig?<\/h2>\n\n\n\n<p>Da sie wesentlich teurer sind als konventionelle Fahrzeuge, stellt sich die Frage, wie kosteng\u00fcnstig Elektroautos wirklich sind.<\/p>\n\n\n\n<p>Um eine angemessene Antwort zu erhalten, m\u00fcssen mehrere Faktoren ber\u00fccksichtigt werden:<\/p>\n\n\n\n<ul class=\"wp-block-list\"><li>Autopreise<\/li><li>Kaufsteuer<\/li><li>J\u00e4hrliche Versicherung<\/li><li>Batterieladung<\/li><li>Auto-Wartung<\/li><\/ul>\n\n\n\n<h2 class=\"wp-block-heading\" id=\"cena\">Autopreise<\/h2>\n\n\n\n<p>Wenn es um den Autopreis geht, ist bekannt, dass Elektroautos ziemlich teurerer sind als konventionelle Fahrzeuge.<\/p>\n\n\n\n<p>Der Grund daf\u00fcr sind die sehr teuren Batterien, deren Preis fast ein Drittel des Gesamtpreises eines Autos ausmacht.<\/p>\n\n\n\n<p>\u00d6sterreich f\u00f6rdert derzeit den Kauf von Elektroautos mit einer einmaligen Unterst\u00fctzung von 4.000 \u20ac f\u00fcr den Kauf eines neuen Fahrzeugs.<\/p>\n\n\n\n<p>Beim Kauf eines neuen Autos erhalten Sie eine Garantie, die sich von der bei konventionellen Modellen unterscheidet. Zum Beispiel bietet Tesla eine Garantie von 4 Jahren oder 80.000 km.<\/p>\n\n\n\n<h2 class=\"wp-block-heading\" id=\"porez\">Kaufsteuer<\/h2>\n\n\n\n<p>Im Jahr 2016 wurde ein Gesetz erlassen, das zwischen Fahrzeugen mit und ohne Abgasemissionen (CO2) unterscheidet.<\/p>\n\n\n\n<p>Da Elektroautos die Umwelt nicht belasten, wird keine Pflichtsteuer von 16,67% f\u00fcr den Kauf eines neuen Fahrzeugs erhoben bzw. Sie erhalten sie vom Finanzamt zur\u00fcck.<\/p>\n\n\n\n<p>Die Grenze liegt bei 40.000 \u20ac. Wenn das Auto teurer ist, wird ein Teil davon bezahlt, aber der Betrag ist deutlich niedriger als bei Fahrzeugen mit Verbrennungsmotoren.<\/p>\n\n\n\n<p>Beispiel: Der Preis f\u00fcr ein Elektroauto betr\u00e4gt 36.000 \u20ac. Vom Finanzamt erhalten Sie 6.000 \u20ac zur\u00fcck.<\/p>\n\n\n\n<h2 class=\"wp-block-heading\" id=\"osiguranje\">Autoversicherung<\/h2>\n\n\n\n<p>Jeder, der eine Autoversicherung bezahlt, wei\u00df, dass sie aus zwei Teilen besteht: der Haftpflichtversicherung und der Motorbezogenesteuer. <\/p>\n\n\n\n<p>Bei Elektroautos wird keine Motorbezogenesteuer gezahlt, und hier liegt die Ersparnis bei bis zu 400 \u20ac pro Jahr.<\/p>\n\n\n\n<p>Beispiel:<\/p>\n\n\n\n<figure class=\"wp-block-table\"><table><thead><tr><th>Hyundai Ionic Elektro (BJ 2021)<\/th><th>Toyota Corolla 1.2 benzin (BJ 2021)<\/th><\/tr><\/thead><tbody><tr><td>120 PS<\/td><td>116 PS<\/td><\/tr><tr><td>20.000 km\/Jahr<\/td><td>20.000 km\/Jahr<\/td><\/tr><tr><td>Versicherung-Stuffe: 0<\/td><td>Versicherung-Stuffe: 0<\/td><\/tr><tr><td>Vollkaskoversicherung<\/td><td>Vollkaskoversicherung<\/td><\/tr><tr><td>Preis: ca. 700 \u20ac (am g\u00fcnstigsten)<\/td><td>Preis: ca. 1070 \u20ac (am g\u00fcnstigsten)<\/td><\/tr><\/tbody><\/table><\/figure>\n\n\n\n<p>F\u00fcr den Vergleich der Versicherungskosten haben wir verwendet die Website <a href=\"https:\/\/durchblicker.at\/autoversicherung\/vergleich\/fahrzeug\" target=\"_blank\" rel=\"noreferrer noopener\"><span class=\"has-inline-color has-vivid-red-color\">Durchblicker<\/span><\/a>.<\/p>\n\n\n\n<h2 class=\"wp-block-heading\" id=\"baterija\">Batterieladung<\/h2>\n\n\n\n<p>Die Kosten f\u00fcr das Laden der Batterie h\u00e4ngen von mehreren Faktoren ab, bewegen sich jedoch durchschnittlich bei etwa 3,50 \u20ac \/ 100 km kombiniert.<\/p>\n\n\n<div class=\"wp-block-image\"><div class=\"copyright-image-large\" style=\"position: relative\">\n<figure class=\"aligncenter size-large\"><a href=\"https:\/\/yuga.at\/wp-content\/uploads\/elektricni_auto_punjenje.jpg\"><img loading=\"lazy\" decoding=\"async\" width=\"800\" height=\"449\" src=\"https:\/\/yuga.at\/wp-content\/uploads\/elektricni_auto_punjenje.jpg\" alt=\"Batterieladung\" class=\"wp-image-7144\" srcset=\"https:\/\/yuga.at\/wp-content\/uploads\/elektricni_auto_punjenje.jpg 800w, https:\/\/yuga.at\/wp-content\/uploads\/elektricni_auto_punjenje-768x431.jpg 768w, https:\/\/yuga.at\/wp-content\/uploads\/elektricni_auto_punjenje-50x28.jpg 50w\" sizes=\"auto, (max-width: 800px) 100vw, 800px\" \/><\/a><\/figure>\n<div class=\"featured-image-copyright\"><\/div><\/div><\/div>\n\n\n<p>Der entscheidende Faktor ist, wo die Batterie aufgeladen wird. Es gibt drei Varianten: zu Hause, an kostenlosen Ladestationen und an elektrischen \"Tankstellen\".<\/p>\n\n\n\n<p>Wenn Sie die M\u00f6glichkeit haben, zu Hause aufzuladen, h\u00e4ngt der Preis von der kWh-Geb\u00fchr Ihres Stromversorgers ab, mit dem Sie einen Vertrag haben.<\/p>\n\n\n\n<p>In ganz \u00d6sterreich gibt es \u00fcber 1500 Orte, an denen Sie die Batterie kostenlos aufladen k\u00f6nnen. Auf dieser <a href=\"https:\/\/www.goingelectric.de\/stromtankstellen\/Oesterreich\/kostenlos\/\" target=\"_blank\" rel=\"noreferrer noopener\"><span class=\"has-inline-color has-vivid-red-color\">Karte<\/span><\/a> k\u00f6nnen Sie sie finden. <\/p>\n\n\n\n<p>Die letzte Option sind \"Stromtankstellen\" oder E-Tankstellen. In Wien gibt es etwa 270 davon, und das Aufladen an ihnen ist ziemlich teuer.<\/p>\n\n\n\n<p>Es sollte erw\u00e4hnt werden, dass das Laden der Batterie Zeit braucht. Abh\u00e4ngig vom Modell dauert es zwischen 30 Minuten und 3,5 Stunden, um 80% der Gesamtkapazit\u00e4t aufzuladen.<\/p>\n\n\n\n<p>Auf der anderen Seite k\u00f6nnen Sie die Batterie \u00fcber Nacht aufladen, wenn das Auto sowieso geparkt steht, oder Sie machen an der Tankstelle eine kurze Pause, trinken einen Kaffee und setzen die Fahrt fort.<\/p>\n\n\n\n<h2 class=\"wp-block-heading\" id=\"odrzavanje\">Wartung von Elektroautos<\/h2>\n\n\n\n<p>Nach zuverl\u00e4ssigen Informationen ist die Wartung von Elektroautos 35-40% g\u00fcnstiger als bei konventionellen Fahrzeugen.<\/p>\n\n\n\n<p>Zur regelm\u00e4\u00dfigen Wartung geh\u00f6ren auch j\u00e4hrliche Servicearbeiten, deren Kosten ebenfalls um ein Drittel niedriger sind als bei Benzin- oder Dieselautos.<\/p>\n\n\n\n<p>Der Grund daf\u00fcr ist nat\u00fcrlich die deutlich geringere Anzahl von Teilen, die verschlei\u00dfen, es gibt keinen \u00d6lwechsel, keinen \u00d6lfilterwechsel, keinen Zahnriemenwechsel, keine Wasserpumpen oder Kupplungsaustausch.<\/p>\n\n\n\n<p>Die Serviceintervalle variieren je nach Hersteller, erfolgen aber im Allgemeinen alle 30.000 km oder alle 2 Jahre.<\/p>\n\n\n\n<h2 class=\"wp-block-heading\" id=\"isplativost-2\">Sind Elektroautos wirklich kosteng\u00fcnstig?<\/h2>\n\n\n\n<p>Je mehr Kilometer, desto gr\u00f6\u00dfer die Einsparung. Dies ist das Prinzip, nach dem jeder, der j\u00e4hrlich mehr als 10.000 km zur\u00fccklegt, mit einem Elektroauto etwa 300 \u20ac Kraftstoffkosten spart.<\/p>\n\n\n\n<p>Elektroautos sind kosteng\u00fcnstiger, weil:<\/p>\n\n\n\n<ul class=\"wp-block-list\"><li>Strom ist g\u00fcnstiger als fossile Brennstoffe<\/li><li>es die M\u00f6glichkeit des kostenlosen Batterieladens gibt<\/li><li>keine Motorbezogenesteuer gezahlt wird<\/li><li>beim Kauf eines neuen Autos 16,67% gespart werden<\/li><li>es eine nicht r\u00fcckzahlbare finanzielle Unterst\u00fctzung vom Staat beim Kauf gibt<\/li><li>bis zu 40% bei der Autowartung gespart werden kann<\/li><\/ul>\n\n\n\n<p>Es scheint, dass dies mehr als genug gute Gr\u00fcnde sind, \u00fcber den Kauf eines Elektroautos nachzudenken.<\/p>\n\n\n\n<p>Auf der folgenden <a href=\"https:\/\/e-move.at\/news\/marktuebersicht-elektroautos-oesterreich\/?cn-reloaded=1\" target=\"_blank\" rel=\"noreferrer noopener\"><span class=\"has-inline-color has-vivid-red-color\">Website<\/span><\/a> k\u00f6nnen Sie sehen, welche Modelle aktuell sind und wie sich die Preise entwickeln.<\/p>\n\n\n\n<p>Es sollte auch erw\u00e4hnt werden, dass einige St\u00e4dte in \u00d6sterreich kostenloses Parken im Stadtzentrum f\u00fcr Elektroautos anbieten. Leider geh\u00f6rt Wien nicht dazu.<\/p>\n\n\n\n<h2 class=\"wp-block-heading\" id=\"cekanje\">Oder vielleicht noch etwas warten\u2026<\/h2>\n\n\n\n<p>Was Sie m\u00f6glicherweise vom Kauf abhalten oder zumindest dazu veranlassen k\u00f6nnte, noch etwas zu warten, ist die Tatsache, dass Sie mit einer einzigen Batterieladung nicht die Strecke zur\u00fccklegen k\u00f6nnen, die Sie mit einem Benzin- oder Dieseltank zur\u00fccklegen k\u00f6nnten.<\/p>\n\n\n\n<p>Ein Durchschnitt liegt bei etwa 250 km. Dennoch zeigen Untersuchungen, dass die meisten Fahrer t\u00e4glich nicht mehr als 50 km fahren.<\/p>\n\n\n\n<p>Ungeachtet der Tatsache, dass alle Hersteller eine Garantie f\u00fcr die Batterie von 8 Jahren oder 160.000 km geben, sollte man wissen, dass der Preis einer neuen Batterie zwischen 5.000 und 10.000 \u20ac liegt.<\/p>\n\n\n\n<p>Dies ist besonders wichtig, wenn Sie ein gebrauchtes Auto kaufen, das bereits eine sechsstellige Anzahl von Kilometern auf dem Tacho hat.<\/p>\n\n\n\n<p>Es wird gesch\u00e4tzt, dass sich mit der Entwicklung neuer Batterietechnologien die Kosten erheblich reduzieren werden, aber diese Zeit liegt noch vor uns.<\/p>","protected":false},"excerpt":{"rendered":"<p>Iako su elektri\u010dni automobili u Austriji ve\u0107 nekoliko godina u upotrebi njihova zastupljenost na austrijskim putevima je tek negde oko 1%. Prema statisti\u010dkim podacima&#8230;<\/p>","protected":false},"author":3,"featured_media":7143,"comment_status":"closed","ping_status":"closed","sticky":false,"template":"","format":"standard","meta":{"_acf_changed":false,"_kad_blocks_custom_css":"","_kad_blocks_head_custom_js":"","_kad_blocks_body_custom_js":"","_kad_blocks_footer_custom_js":"","footnotes":""},"categories":[97,49],"tags":[293,397],"class_list":["post-7142","post","type-post","status-publish","format-standard","has-post-thumbnail","hentry","category-vesti-austrija","category-vesti","tag-automobil","tag-elektricni-auto","entry","category-97","category-49"],"acf":[],"yoast_head":"<!-- This site is optimized with the Yoast SEO plugin v27.3 - https:\/\/yoast.com\/product\/yoast-seo-wordpress\/ -->\n<title>Elektri\u010dni automobili u Austriji<\/title>\n<meta name=\"description\" content=\"Iako su elektri\u010dni automobili u Austriji ve\u0107 nekoliko godina u upotrebi njihova zastupljenost na austrijskim putevima je tek negde oko 1%.\" \/>\n<meta name=\"robots\" content=\"index, follow, max-snippet:-1, max-image-preview:large, max-video-preview:-1\" \/>\n<link rel=\"canonical\" href=\"https:\/\/yuga.at\/de\/elektroauto\/\" \/>\n<meta property=\"og:locale\" content=\"de_DE\" \/>\n<meta property=\"og:type\" content=\"article\" \/>\n<meta property=\"og:title\" content=\"Elektri\u010dni automobili u Austriji\" \/>\n<meta property=\"og:description\" content=\"Iako su elektri\u010dni automobili u Austriji ve\u0107 nekoliko godina u upotrebi njihova zastupljenost na austrijskim putevima je tek negde oko 1%.\" \/>\n<meta property=\"og:url\" content=\"https:\/\/yuga.at\/de\/elektroauto\/\" \/>\n<meta property=\"og:site_name\" content=\"YUga.at\" \/>\n<meta property=\"article:publisher\" content=\"https:\/\/www.facebook.com\/yuga.austria\" \/>\n<meta property=\"article:published_time\" content=\"2021-02-20T14:45:28+00:00\" \/>\n<meta property=\"article:modified_time\" content=\"2022-09-25T07:43:30+00:00\" \/>\n<meta property=\"og:image\" content=\"https:\/\/yuga.at\/wp-content\/uploads\/elektricni_auto.jpg\" \/>\n\t<meta property=\"og:image:width\" content=\"1400\" \/>\n\t<meta property=\"og:image:height\" content=\"933\" \/>\n\t<meta property=\"og:image:type\" content=\"image\/jpeg\" \/>\n<meta name=\"author\" content=\"Srdjan\" \/>\n<meta name=\"twitter:card\" content=\"summary_large_image\" \/>\n<meta name=\"twitter:label1\" content=\"Verfasst von\" \/>\n\t<meta name=\"twitter:data1\" content=\"Srdjan\" \/>\n<script type=\"application\/ld+json\" class=\"yoast-schema-graph\">{\"@context\":\"https:\\\/\\\/schema.org\",\"@graph\":[{\"@type\":\"Article\",\"@id\":\"https:\\\/\\\/yuga.at\\\/elektricni-auto\\\/#article\",\"isPartOf\":{\"@id\":\"https:\\\/\\\/yuga.at\\\/elektricni-auto\\\/\"},\"author\":{\"name\":\"Srdjan\",\"@id\":\"https:\\\/\\\/yuga.at\\\/#\\\/schema\\\/person\\\/14afd7c6aa250e7d26d59b2f1a427184\"},\"headline\":\"Elektri\u010dni automobili u Austriji\",\"datePublished\":\"2021-02-20T14:45:28+00:00\",\"dateModified\":\"2022-09-25T07:43:30+00:00\",\"mainEntityOfPage\":{\"@id\":\"https:\\\/\\\/yuga.at\\\/elektricni-auto\\\/\"},\"wordCount\":911,\"publisher\":{\"@id\":\"https:\\\/\\\/yuga.at\\\/#organization\"},\"image\":{\"@id\":\"https:\\\/\\\/yuga.at\\\/elektricni-auto\\\/#primaryimage\"},\"thumbnailUrl\":\"https:\\\/\\\/yuga.at\\\/wp-content\\\/uploads\\\/elektricni_auto.jpg\",\"keywords\":[\"Automobil\",\"elektri\u010dni auto\"],\"articleSection\":[\"Austrija\",\"Vesti\"],\"inLanguage\":\"de\"},{\"@type\":\"WebPage\",\"@id\":\"https:\\\/\\\/yuga.at\\\/elektricni-auto\\\/\",\"url\":\"https:\\\/\\\/yuga.at\\\/elektricni-auto\\\/\",\"name\":\"Elektri\u010dni automobili u Austriji\",\"isPartOf\":{\"@id\":\"https:\\\/\\\/yuga.at\\\/#website\"},\"primaryImageOfPage\":{\"@id\":\"https:\\\/\\\/yuga.at\\\/elektricni-auto\\\/#primaryimage\"},\"image\":{\"@id\":\"https:\\\/\\\/yuga.at\\\/elektricni-auto\\\/#primaryimage\"},\"thumbnailUrl\":\"https:\\\/\\\/yuga.at\\\/wp-content\\\/uploads\\\/elektricni_auto.jpg\",\"datePublished\":\"2021-02-20T14:45:28+00:00\",\"dateModified\":\"2022-09-25T07:43:30+00:00\",\"description\":\"Iako su elektri\u010dni automobili u Austriji ve\u0107 nekoliko godina u upotrebi njihova zastupljenost na austrijskim putevima je tek negde oko 1%.\",\"breadcrumb\":{\"@id\":\"https:\\\/\\\/yuga.at\\\/elektricni-auto\\\/#breadcrumb\"},\"inLanguage\":\"de\",\"potentialAction\":[{\"@type\":\"ReadAction\",\"target\":[\"https:\\\/\\\/yuga.at\\\/elektricni-auto\\\/\"]}]},{\"@type\":\"ImageObject\",\"inLanguage\":\"de\",\"@id\":\"https:\\\/\\\/yuga.at\\\/elektricni-auto\\\/#primaryimage\",\"url\":\"https:\\\/\\\/yuga.at\\\/wp-content\\\/uploads\\\/elektricni_auto.jpg\",\"contentUrl\":\"https:\\\/\\\/yuga.at\\\/wp-content\\\/uploads\\\/elektricni_auto.jpg\",\"width\":1400,\"height\":933,\"caption\":\"Elektri\u010dni auto\"},{\"@type\":\"BreadcrumbList\",\"@id\":\"https:\\\/\\\/yuga.at\\\/elektricni-auto\\\/#breadcrumb\",\"itemListElement\":[{\"@type\":\"ListItem\",\"position\":1,\"name\":\"Home\",\"item\":\"https:\\\/\\\/yuga.at\\\/\"},{\"@type\":\"ListItem\",\"position\":2,\"name\":\"Elektri\u010dni automobili u Austriji\"}]},{\"@type\":\"WebSite\",\"@id\":\"https:\\\/\\\/yuga.at\\\/#website\",\"url\":\"https:\\\/\\\/yuga.at\\\/\",\"name\":\"YUga.at\",\"description\":\"exYU Portal\",\"publisher\":{\"@id\":\"https:\\\/\\\/yuga.at\\\/#organization\"},\"potentialAction\":[{\"@type\":\"SearchAction\",\"target\":{\"@type\":\"EntryPoint\",\"urlTemplate\":\"https:\\\/\\\/yuga.at\\\/?s={search_term_string}\"},\"query-input\":{\"@type\":\"PropertyValueSpecification\",\"valueRequired\":true,\"valueName\":\"search_term_string\"}}],\"inLanguage\":\"de\"},{\"@type\":\"Organization\",\"@id\":\"https:\\\/\\\/yuga.at\\\/#organization\",\"name\":\"YUga.at\",\"url\":\"https:\\\/\\\/yuga.at\\\/\",\"logo\":{\"@type\":\"ImageObject\",\"inLanguage\":\"de\",\"@id\":\"https:\\\/\\\/yuga.at\\\/#\\\/schema\\\/logo\\\/image\\\/\",\"url\":\"https:\\\/\\\/yuga.at\\\/wp-content\\\/uploads\\\/yuga-logo-black-250.png\",\"contentUrl\":\"https:\\\/\\\/yuga.at\\\/wp-content\\\/uploads\\\/yuga-logo-black-250.png\",\"width\":250,\"height\":143,\"caption\":\"YUga.at\"},\"image\":{\"@id\":\"https:\\\/\\\/yuga.at\\\/#\\\/schema\\\/logo\\\/image\\\/\"},\"sameAs\":[\"https:\\\/\\\/www.facebook.com\\\/yuga.austria\",\"https:\\\/\\\/www.instagram.com\\\/yuga.at\\\/\"]},{\"@type\":\"Person\",\"@id\":\"https:\\\/\\\/yuga.at\\\/#\\\/schema\\\/person\\\/14afd7c6aa250e7d26d59b2f1a427184\",\"name\":\"Srdjan\",\"image\":{\"@type\":\"ImageObject\",\"inLanguage\":\"de\",\"@id\":\"https:\\\/\\\/secure.gravatar.com\\\/avatar\\\/5b6efe7dbc2c19685b2905878731fe11236889e186ff9c7df9039e75f5680008?s=96&d=mm&r=g\",\"url\":\"https:\\\/\\\/secure.gravatar.com\\\/avatar\\\/5b6efe7dbc2c19685b2905878731fe11236889e186ff9c7df9039e75f5680008?s=96&d=mm&r=g\",\"contentUrl\":\"https:\\\/\\\/secure.gravatar.com\\\/avatar\\\/5b6efe7dbc2c19685b2905878731fe11236889e186ff9c7df9039e75f5680008?s=96&d=mm&r=g\",\"caption\":\"Srdjan\"}}]}<\/script>\n<!-- \/ Yoast SEO plugin. -->","yoast_head_json":{"title":"Elektroautos in \u00d6sterreich","description":"Obwohl Elektroautos in \u00d6sterreich seit einigen Jahren in Gebrauch sind, betr\u00e4gt ihr Anteil auf \u00f6sterreichischen Stra\u00dfen nur etwa 1%.","robots":{"index":"index","follow":"follow","max-snippet":"max-snippet:-1","max-image-preview":"max-image-preview:large","max-video-preview":"max-video-preview:-1"},"canonical":"https:\/\/yuga.at\/de\/elektroauto\/","og_locale":"de_DE","og_type":"article","og_title":"Elektri\u010dni automobili u Austriji","og_description":"Iako su elektri\u010dni automobili u Austriji ve\u0107 nekoliko godina u upotrebi njihova zastupljenost na austrijskim putevima je tek negde oko 1%.","og_url":"https:\/\/yuga.at\/de\/elektroauto\/","og_site_name":"YUga.at","article_publisher":"https:\/\/www.facebook.com\/yuga.austria","article_published_time":"2021-02-20T14:45:28+00:00","article_modified_time":"2022-09-25T07:43:30+00:00","og_image":[{"width":1400,"height":933,"url":"https:\/\/yuga.at\/wp-content\/uploads\/elektricni_auto.jpg","type":"image\/jpeg"}],"author":"Srdjan","twitter_card":"summary_large_image","twitter_misc":{"Verfasst von":"Srdjan"},"schema":{"@context":"https:\/\/schema.org","@graph":[{"@type":"Article","@id":"https:\/\/yuga.at\/elektricni-auto\/#article","isPartOf":{"@id":"https:\/\/yuga.at\/elektricni-auto\/"},"author":{"name":"Srdjan","@id":"https:\/\/yuga.at\/#\/schema\/person\/14afd7c6aa250e7d26d59b2f1a427184"},"headline":"Elektri\u010dni automobili u Austriji","datePublished":"2021-02-20T14:45:28+00:00","dateModified":"2022-09-25T07:43:30+00:00","mainEntityOfPage":{"@id":"https:\/\/yuga.at\/elektricni-auto\/"},"wordCount":911,"publisher":{"@id":"https:\/\/yuga.at\/#organization"},"image":{"@id":"https:\/\/yuga.at\/elektricni-auto\/#primaryimage"},"thumbnailUrl":"https:\/\/yuga.at\/wp-content\/uploads\/elektricni_auto.jpg","keywords":["Automobil","elektri\u010dni auto"],"articleSection":["Austrija","Vesti"],"inLanguage":"de"},{"@type":"WebPage","@id":"https:\/\/yuga.at\/elektricni-auto\/","url":"https:\/\/yuga.at\/elektricni-auto\/","name":"Elektroautos in \u00d6sterreich","isPartOf":{"@id":"https:\/\/yuga.at\/#website"},"primaryImageOfPage":{"@id":"https:\/\/yuga.at\/elektricni-auto\/#primaryimage"},"image":{"@id":"https:\/\/yuga.at\/elektricni-auto\/#primaryimage"},"thumbnailUrl":"https:\/\/yuga.at\/wp-content\/uploads\/elektricni_auto.jpg","datePublished":"2021-02-20T14:45:28+00:00","dateModified":"2022-09-25T07:43:30+00:00","description":"Obwohl Elektroautos in \u00d6sterreich seit einigen Jahren in Gebrauch sind, betr\u00e4gt ihr Anteil auf \u00f6sterreichischen Stra\u00dfen nur etwa 1%.","breadcrumb":{"@id":"https:\/\/yuga.at\/elektricni-auto\/#breadcrumb"},"inLanguage":"de","potentialAction":[{"@type":"ReadAction","target":["https:\/\/yuga.at\/elektricni-auto\/"]}]},{"@type":"ImageObject","inLanguage":"de","@id":"https:\/\/yuga.at\/elektricni-auto\/#primaryimage","url":"https:\/\/yuga.at\/wp-content\/uploads\/elektricni_auto.jpg","contentUrl":"https:\/\/yuga.at\/wp-content\/uploads\/elektricni_auto.jpg","width":1400,"height":933,"caption":"Elektri\u010dni auto"},{"@type":"BreadcrumbList","@id":"https:\/\/yuga.at\/elektricni-auto\/#breadcrumb","itemListElement":[{"@type":"ListItem","position":1,"name":"Home","item":"https:\/\/yuga.at\/"},{"@type":"ListItem","position":2,"name":"Elektri\u010dni automobili u Austriji"}]},{"@type":"WebSite","@id":"https:\/\/yuga.at\/#website","url":"https:\/\/yuga.at\/","name":"YUga.at","description":"exYU Portal","publisher":{"@id":"https:\/\/yuga.at\/#organization"},"potentialAction":[{"@type":"SearchAction","target":{"@type":"EntryPoint","urlTemplate":"https:\/\/yuga.at\/?s={search_term_string}"},"query-input":{"@type":"PropertyValueSpecification","valueRequired":true,"valueName":"search_term_string"}}],"inLanguage":"de"},{"@type":"Organization","@id":"https:\/\/yuga.at\/#organization","name":"YUga.at","url":"https:\/\/yuga.at\/","logo":{"@type":"ImageObject","inLanguage":"de","@id":"https:\/\/yuga.at\/#\/schema\/logo\/image\/","url":"https:\/\/yuga.at\/wp-content\/uploads\/yuga-logo-black-250.png","contentUrl":"https:\/\/yuga.at\/wp-content\/uploads\/yuga-logo-black-250.png","width":250,"height":143,"caption":"YUga.at"},"image":{"@id":"https:\/\/yuga.at\/#\/schema\/logo\/image\/"},"sameAs":["https:\/\/www.facebook.com\/yuga.austria","https:\/\/www.instagram.com\/yuga.at\/"]},{"@type":"Person","@id":"https:\/\/yuga.at\/#\/schema\/person\/14afd7c6aa250e7d26d59b2f1a427184","name":"Srdjan","image":{"@type":"ImageObject","inLanguage":"de","@id":"https:\/\/secure.gravatar.com\/avatar\/5b6efe7dbc2c19685b2905878731fe11236889e186ff9c7df9039e75f5680008?s=96&d=mm&r=g","url":"https:\/\/secure.gravatar.com\/avatar\/5b6efe7dbc2c19685b2905878731fe11236889e186ff9c7df9039e75f5680008?s=96&d=mm&r=g","contentUrl":"https:\/\/secure.gravatar.com\/avatar\/5b6efe7dbc2c19685b2905878731fe11236889e186ff9c7df9039e75f5680008?s=96&d=mm&r=g","caption":"Srdjan"}}]}},"taxonomy_info":{"category":[{"value":97,"label":"Austrija"},{"value":49,"label":"Vesti"}],"post_tag":[{"value":293,"label":"Automobil"},{"value":397,"label":"elektri\u010dni auto"}]},"featured_image_src_large":["https:\/\/yuga.at\/wp-content\/uploads\/elektricni_auto.jpg",798,532,false],"author_info":{"display_name":"Srdjan","author_link":"https:\/\/yuga.at\/de\/author\/srdjan\/"},"comment_info":0,"category_info":[{"term_id":97,"name":"Austrija","slug":"vesti-austrija","term_group":0,"term_taxonomy_id":97,"taxonomy":"category","description":"Vesti iz Austrije","parent":49,"count":99,"filter":"raw","cat_ID":97,"category_count":99,"category_description":"Vesti iz Austrije","cat_name":"Austrija","category_nicename":"vesti-austrija","category_parent":49},{"term_id":49,"name":"Vesti","slug":"vesti","term_group":0,"term_taxonomy_id":49,"taxonomy":"category","description":"Najnovije vesti","parent":0,"count":103,"filter":"raw","cat_ID":49,"category_count":103,"category_description":"Najnovije vesti","cat_name":"Vesti","category_nicename":"vesti","category_parent":0}],"tag_info":[{"term_id":293,"name":"Automobil","slug":"automobil","term_group":0,"term_taxonomy_id":293,"taxonomy":"post_tag","description":"","parent":0,"count":5,"filter":"raw"},{"term_id":397,"name":"elektri\u010dni auto","slug":"elektricni-auto","term_group":0,"term_taxonomy_id":397,"taxonomy":"post_tag","description":"","parent":0,"count":1,"filter":"raw"}],"_links":{"self":[{"href":"https:\/\/yuga.at\/de\/wp-json\/wp\/v2\/posts\/7142","targetHints":{"allow":["GET"]}}],"collection":[{"href":"https:\/\/yuga.at\/de\/wp-json\/wp\/v2\/posts"}],"about":[{"href":"https:\/\/yuga.at\/de\/wp-json\/wp\/v2\/types\/post"}],"author":[{"embeddable":true,"href":"https:\/\/yuga.at\/de\/wp-json\/wp\/v2\/users\/3"}],"replies":[{"embeddable":true,"href":"https:\/\/yuga.at\/de\/wp-json\/wp\/v2\/comments?post=7142"}],"version-history":[{"count":25,"href":"https:\/\/yuga.at\/de\/wp-json\/wp\/v2\/posts\/7142\/revisions"}],"predecessor-version":[{"id":11025,"href":"https:\/\/yuga.at\/de\/wp-json\/wp\/v2\/posts\/7142\/revisions\/11025"}],"wp:featuredmedia":[{"embeddable":true,"href":"https:\/\/yuga.at\/de\/wp-json\/wp\/v2\/media\/7143"}],"wp:attachment":[{"href":"https:\/\/yuga.at\/de\/wp-json\/wp\/v2\/media?parent=7142"}],"wp:term":[{"taxonomy":"category","embeddable":true,"href":"https:\/\/yuga.at\/de\/wp-json\/wp\/v2\/categories?post=7142"},{"taxonomy":"post_tag","embeddable":true,"href":"https:\/\/yuga.at\/de\/wp-json\/wp\/v2\/tags?post=7142"}],"curies":[{"name":"wp","href":"https:\/\/api.w.org\/{rel}","templated":true}]}}